{"id":53762,"date":"2025-05-11T15:24:22","date_gmt":"2025-05-11T18:24:22","guid":{"rendered":"https:\/\/radiorevelacionfm.cl\/?p=53762"},"modified":"2025-05-11T15:24:22","modified_gmt":"2025-05-11T18:24:22","slug":"cochrane-se-prepara-para-la-1ra-feria-de-calidad-del-aire-en-360-una-mirada-integral-a-la-contaminacion-atmosferica-local","status":"publish","type":"post","link":"https:\/\/radiorevelacionfm.cl\/?p=53762","title":{"rendered":"Cochrane se prepara para la 1ra Feria de Calidad del Aire en 360\u00b0: Una mirada integral a la contaminaci\u00f3n atmosf\u00e9rica local"},"content":{"rendered":"<div class=\"flex_column av_one_full  flex_column_div av-zero-column-padding first  avia-builder-el-0  el_before_av_one_full  avia-builder-el-first  \" style='border-radius:0px; '><div  class='avia-image-container  av-styling-    avia-builder-el-1  avia-builder-el-no-sibling  avia-align-center '  itemprop=\"image\" itemscope=\"itemscope\" itemtype=\"https:\/\/schema.org\/ImageObject\"  ><div class='avia-image-container-inner'><div class='avia-image-overlay-wrap'><img decoding=\"async\" class='wp-image-53763 avia-img-lazy-loading-not-53763 avia_image' src=\"https:\/\/radiorevelacionfm.cl\/wp-content\/uploads\/2025\/05\/REPRESENTACION-COCHRANINA-FERIA-AVION_AIRE-1-1.jpeg\" alt='' title='REPRESENTACI\u00d3N COCHRANINA FERIA AVI\u00d3N_AIRE (1) (1)' height=\"600\" width=\"900\"  itemprop=\"thumbnailUrl\" srcset=\"https:\/\/radiorevelacionfm.cl\/wp-content\/uploads\/2025\/05\/REPRESENTACION-COCHRANINA-FERIA-AVION_AIRE-1-1.jpeg 900w, https:\/\/radiorevelacionfm.cl\/wp-content\/uploads\/2025\/05\/REPRESENTACION-COCHRANINA-FERIA-AVION_AIRE-1-1-300x200.jpeg 300w, https:\/\/radiorevelacionfm.cl\/wp-content\/uploads\/2025\/05\/REPRESENTACION-COCHRANINA-FERIA-AVION_AIRE-1-1-768x512.jpeg 768w, https:\/\/radiorevelacionfm.cl\/wp-content\/uploads\/2025\/05\/REPRESENTACION-COCHRANINA-FERIA-AVION_AIRE-1-1-705x470.jpeg 705w, https:\/\/radiorevelacionfm.cl\/wp-content\/uploads\/2025\/05\/REPRESENTACION-COCHRANINA-FERIA-AVION_AIRE-1-1-450x300.jpeg 450w, https:\/\/radiorevelacionfm.cl\/wp-content\/uploads\/2025\/05\/REPRESENTACION-COCHRANINA-FERIA-AVION_AIRE-1-1-600x400.jpeg 600w\" sizes=\"(max-width: 900px) 100vw, 900px\" \/><\/div><\/div><\/div><\/div><div class=\"flex_column av_one_full  flex_column_div av-zero-column-padding first  avia-builder-el-2  el_after_av_one_full  el_before_av_one_full  column-top-margin\" style='border-radius:0px; '><section class=\"av_textblock_section \"  itemscope=\"itemscope\" itemtype=\"https:\/\/schema.org\/BlogPosting\" itemprop=\"blogPost\" ><div class='avia_textblock  '   itemprop=\"text\" ><p style=\"text-align: center;\"><strong><span style=\"font-size: 18pt;\">Cochrane se prepara para la 1ra Feria de Calidad del Aire en 360\u00b0: Una mirada integral a la contaminaci\u00f3n atmosf\u00e9rica local<\/span><\/strong><\/p>\n<div id=\"gtx-trans\" style=\"position: absolute; left: -50px; top: 4.31534px;\">\n<div class=\"gtx-trans-icon\"><\/div>\n<\/div>\n<\/div><\/section><\/div><div class=\"flex_column av_one_full  flex_column_div av-zero-column-padding first  avia-builder-el-4  el_after_av_one_full  el_before_av_hr  column-top-margin\" style='border-radius:0px; '><section class=\"av_textblock_section \"  itemscope=\"itemscope\" itemtype=\"https:\/\/schema.org\/BlogPosting\" itemprop=\"blogPost\" ><div class='avia_textblock  '   itemprop=\"text\" ><p style=\"text-align: justify;\">Este jueves 15 de mayo, el Mercado Municipal de Cochrane ser\u00e1 el escenario de la Primera Feria de Calidad del Aire en 360\u00b0, una iniciativa in\u00e9dita en la comuna que busca generar conciencia ciudadana sobre la contaminaci\u00f3n atmosf\u00e9rica y las acciones necesarias para mejorar la calidad del aire en el territorio.<\/p>\n<p style=\"text-align: justify;\">Organizada por la Ilustre Municipalidad de Cochrane con el apoyo de la Secretar\u00eda Regional Ministerial de Medio Ambiente y con la participaci\u00f3n de m\u00faltiples instituciones p\u00fablicas y privadas, esta feria contar\u00e1 con una amplia programaci\u00f3n que incluye charlas t\u00e9cnicas, stands educativos, obra de teatro, talleres y espacios interactivos para la comunidad, abordando la calidad del aire desde una perspectiva educativa, cultural y cient\u00edfica.<\/p>\n<p style=\"text-align: justify;\">\u00abComo municipio hemos querido liderar esta instancia porque entendemos que la calidad del aire es un tema que afecta directamente la salud de las personas y la calidad de vida en nuestra comuna. Esta feria busca entregar informaci\u00f3n clara y herramientas concretas para avanzar en soluciones reales, con respaldo t\u00e9cnico y compromiso institucional\u00bb,\u00a0se\u00f1al\u00f3 el alcalde Patricio Ulloa Georgia,\u00a0quien hizo un llamado a la comunidad a participar activamente de esta jornada.<\/p>\n<p style=\"text-align: justify;\">Desde el\u00a0Ministerio del Medio Ambiente, el seremi Yoal D\u00edaz Reyes\u00a0destac\u00f3 el valor de la actividad como una herramienta de educaci\u00f3n ambiental:<\/p>\n<p style=\"text-align: justify;\">\u00abLa educaci\u00f3n ambiental es clave para avanzar en sensibilizaci\u00f3n, adopci\u00f3n de valores y acciones ambientales, y por tanto esta feria que coordinamos en conjunto con el municipio representa una gran oportunidad para que la comunidad se informe, comprenda los efectos de la contaminaci\u00f3n del aire, pero, sobre todo, adquiera nuevos h\u00e1bitos que nos permitan mitigar la contaminaci\u00f3n (..) El cuidado de la calidad del aire es transversal y as\u00ed lo hemos trabajado como mandato de nuestro gobierno, en los territorios, de la mano de la academia, los municipios, instituciones y con todos los actores pertinentes donde, sin duda, las familias son las protagonistas y principales factores de cambio hacia la soluci\u00f3n\u00bb.<\/p>\n<p style=\"text-align: justify;\">Uno de los ejes centrales de la jornada ser\u00e1 la eficiencia energ\u00e9tica y la correcta gesti\u00f3n del uso de le\u00f1a. En este contexto, INFOR, instituci\u00f3n dependiente del Ministerio de Agricultura, estar\u00e1 presente con informaci\u00f3n t\u00e9cnica sobre la producci\u00f3n y uso de biomasa de calidad para calefacci\u00f3n domiciliaria, promoviendo pr\u00e1cticas sustentables que ayuden a mejorar la calidad del aire.<\/p>\n<p style=\"text-align: justify;\">\u00abPara el Instituto Forestal, el tema de la producci\u00f3n de le\u00f1a de calidad es muy importante. De hecho, nuestra instituci\u00f3n cuenta con una l\u00ednea especial de investigaci\u00f3n llamada Biomasa Forestal y Energ\u00eda, en la cual se trabaja el tema de la le\u00f1a y el pellet. En el caso de la le\u00f1a, si es bien utilizada y se encuentra en buenas condiciones, permite disminuir la contaminaci\u00f3n del aire, lo cual es muy relevante en muchas de nuestras ciudades ac\u00e1 en la Patagonia. El a\u00f1o pasado, en la comuna y en la provincia de Capit\u00e1n Prat, finalizamos la ejecuci\u00f3n de un programa en el que se entreg\u00f3 capacitaci\u00f3n y conocimientos sobre la producci\u00f3n de le\u00f1a de calidad a muchos productores. En Cochrane, espec\u00edficamente, se gest\u00f3 un comit\u00e9 productivo maderero y le\u00f1ero que ya est\u00e1 en funcionamiento. As\u00ed que estamos muy contentos de tener esta oportunidad para mostrarle a la comunidad en qu\u00e9 estamos trabajando,\u00a0indic\u00f3 Iv\u00e1n Moya, gerente de INFOR.<\/p>\n<p style=\"text-align: justify;\">La feria se desarrollar\u00e1 entre las 10:00 y 19:00 horas en el Mercado Municipal, ubicado en calle Vicente Previske N\u00b0900, y contempla presentaciones de instituciones como la Universidad de Ays\u00e9n, Edelaysen, CIEP, Cicleayque, INFOR, entre otras entidades p\u00fablicas y privadas comprometidas con el desarrollo ambiental y social del territorio.<\/p>\n<p style=\"text-align: justify;\">\u00abQuiero agradecer especialmente a las m\u00e1s de 20 instituciones, tanto p\u00fablicas como privadas, que se van a trasladar hasta Cochrane para hacerse parte de esta actividad. Para nosotros es muy importante que temas como la calidad del aire se aborden con responsabilidad, colaboraci\u00f3n y visi\u00f3n de futuro, especialmente en comunas extremas como la nuestra\u00bb,\u00a0concluy\u00f3 el alcalde Patricio Ulloa Georgia.<\/p>\n<\/div><\/section><\/div><div  style='height:50px' class='hr hr-invisible   avia-builder-el-6  el_after_av_one_full  el_before_av_social_share '><span class='hr-inner ' ><span class='hr-inner-style'><\/span><\/span><\/div><\/p>\n<div  class='av-social-sharing-box  avia-builder-el-7  el_after_av_hr  el_before_av_hr  '><div class='av-share-box'><h5 class='av-share-link-description av-no-toc '>Compartir esta noticia<\/h5><ul class='av-share-box-list noLightbox'><li class='av-share-link av-social-link-facebook' ><a target=\"_blank\" aria-label=\"Compartir en Facebook\" href='https:\/\/www.facebook.com\/sharer.php?u=https:\/\/radiorevelacionfm.cl\/?p=53762&#038;t=Cochrane%20se%20prepara%20para%20la%201ra%20Feria%20de%20Calidad%20del%20Aire%20en%20360%C2%B0%3A%20Una%20mirada%20integral%20a%20la%20contaminaci%C3%B3n%20atmosf%C3%A9rica%20local' aria-hidden='false' data-av_icon='\ue8f3' data-av_iconfont='entypo-fontello' title='' data-avia-related-tooltip='Compartir en Facebook' rel=\"noopener\"><span class='avia_hidden_link_text'>Compartir en Facebook<\/span><\/a><\/li><li class='av-share-link av-social-link-twitter' ><a target=\"_blank\" aria-label=\"Compartir en Twitter\" href='https:\/\/twitter.com\/share?text=Cochrane%20se%20prepara%20para%20la%201ra%20Feria%20de%20Calidad%20del%20Aire%20en%20360%C2%B0%3A%20Una%20mirada%20integral%20a%20la%20contaminaci%C3%B3n%20atmosf%C3%A9rica%20local&#038;url=https:\/\/radiorevelacionfm.cl\/?p=53762' aria-hidden='false' data-av_icon='\ue8f1' data-av_iconfont='entypo-fontello' title='' data-avia-related-tooltip='Compartir en Twitter' rel=\"noopener\"><span class='avia_hidden_link_text'>Compartir en Twitter<\/span><\/a><\/li><li class='av-share-link av-social-link-whatsapp' ><a target=\"_blank\" aria-label=\"Compartir en Whatsapp\" href='https:\/\/api.whatsapp.com\/send?text=https:\/\/radiorevelacionfm.cl\/?p=53762' aria-hidden='false' data-av_icon='\uf232' data-av_iconfont='entypo-fontello' title='' data-avia-related-tooltip='Compartir en Whatsapp' rel=\"noopener\"><span class='avia_hidden_link_text'>Compartir en Whatsapp<\/span><\/a><\/li><li class='av-share-link av-social-link-linkedin' ><a target=\"_blank\" aria-label=\"Compartir en LinkedIn\" href='https:\/\/linkedin.com\/shareArticle?mini=true&#038;title=Cochrane%20se%20prepara%20para%20la%201ra%20Feria%20de%20Calidad%20del%20Aire%20en%20360%C2%B0%3A%20Una%20mirada%20integral%20a%20la%20contaminaci%C3%B3n%20atmosf%C3%A9rica%20local&#038;url=https:\/\/radiorevelacionfm.cl\/?p=53762' aria-hidden='false' data-av_icon='\ue8fc' data-av_iconfont='entypo-fontello' title='' data-avia-related-tooltip='Compartir en LinkedIn' rel=\"noopener\"><span class='avia_hidden_link_text'>Compartir en LinkedIn<\/span><\/a><\/li><li class='av-share-link av-social-link-mail' ><a  aria-label=\"Compartir por correo\" href='mailto:?subject=Cochrane%20se%20prepara%20para%20la%201ra%20Feria%20de%20Calidad%20del%20Aire%20en%20360%C2%B0%3A%20Una%20mirada%20integral%20a%20la%20contaminaci%C3%B3n%20atmosf%C3%A9rica%20local&#038;body=https:\/\/radiorevelacionfm.cl\/?p=53762' aria-hidden='false' data-av_icon='\ue805' data-av_iconfont='entypo-fontello' title='' data-avia-related-tooltip='Compartir por correo'><span class='avia_hidden_link_text'>Compartir por correo<\/span><\/a><\/li><\/ul><\/div><\/div>\n<div  style='height:50px' class='hr hr-invisible   avia-builder-el-8  el_after_av_social_share  el_before_av_comments_list '><span class='hr-inner ' ><span class='hr-inner-style'><\/span><\/span><\/div>\n<div  class='av-buildercomment  av-blog-meta-html-info-disabled av-blog-meta-tag-disabled  '><\/div>\n","protected":false},"excerpt":{"rendered":"","protected":false},"author":1,"featured_media":53763,"comment_status":"closed","ping_status":"closed","sticky":false,"template":"","format":"standard","meta":{"footnotes":""},"categories":[38],"tags":[],"class_list":["post-53762","post","type-post","status-publish","format-standard","has-post-thumbnail","hentry","category-regional"],"jetpack_featured_media_url":"https:\/\/radiorevelacionfm.cl\/wp-content\/uploads\/2025\/05\/REPRESENTACION-COCHRANINA-FERIA-AVION_AIRE-1-1.jpeg","_links":{"self":[{"href":"https:\/\/radiorevelacionfm.cl\/index.php?rest_route=\/wp\/v2\/posts\/53762","targetHints":{"allow":["GET"]}}],"collection":[{"href":"https:\/\/radiorevelacionfm.cl\/index.php?rest_route=\/wp\/v2\/posts"}],"about":[{"href":"https:\/\/radiorevelacionfm.cl\/index.php?rest_route=\/wp\/v2\/types\/post"}],"author":[{"embeddable":true,"href":"https:\/\/radiorevelacionfm.cl\/index.php?rest_route=\/wp\/v2\/users\/1"}],"replies":[{"embeddable":true,"href":"https:\/\/radiorevelacionfm.cl\/index.php?rest_route=%2Fwp%2Fv2%2Fcomments&post=53762"}],"version-history":[{"count":2,"href":"https:\/\/radiorevelacionfm.cl\/index.php?rest_route=\/wp\/v2\/posts\/53762\/revisions"}],"predecessor-version":[{"id":53770,"href":"https:\/\/radiorevelacionfm.cl\/index.php?rest_route=\/wp\/v2\/posts\/53762\/revisions\/53770"}],"wp:featuredmedia":[{"embeddable":true,"href":"https:\/\/radiorevelacionfm.cl\/index.php?rest_route=\/wp\/v2\/media\/53763"}],"wp:attachment":[{"href":"https:\/\/radiorevelacionfm.cl\/index.php?rest_route=%2Fwp%2Fv2%2Fmedia&parent=53762"}],"wp:term":[{"taxonomy":"category","embeddable":true,"href":"https:\/\/radiorevelacionfm.cl\/index.php?rest_route=%2Fwp%2Fv2%2Fcategories&post=53762"},{"taxonomy":"post_tag","embeddable":true,"href":"https:\/\/radiorevelacionfm.cl\/index.php?rest_route=%2Fwp%2Fv2%2Ftags&post=53762"}],"curies":[{"name":"wp","href":"https:\/\/api.w.org\/{rel}","templated":true}]}}