{"id":53759,"date":"2025-05-11T15:14:51","date_gmt":"2025-05-11T18:14:51","guid":{"rendered":"https:\/\/radiorevelacionfm.cl\/?p=53759"},"modified":"2025-05-11T15:14:51","modified_gmt":"2025-05-11T18:14:51","slug":"trabajadores-as-de-empresas-del-sector-construccion-se-capacitan-en-aplicacion-de-la-ley-karin","status":"publish","type":"post","link":"https:\/\/radiorevelacionfm.cl\/?p=53759","title":{"rendered":"Trabajadores\/as de empresas del sector construcci\u00f3n se capacitan en aplicaci\u00f3n de la Ley Karin"},"content":{"rendered":"<div class=\"flex_column av_one_full  flex_column_div av-zero-column-padding first  avia-builder-el-0  el_before_av_one_full  avia-builder-el-first  \" style='border-radius:0px; '><div  class='avia-image-container  av-styling-    avia-builder-el-1  avia-builder-el-no-sibling  avia-align-center '  itemprop=\"image\" itemscope=\"itemscope\" itemtype=\"https:\/\/schema.org\/ImageObject\"  ><div class='avia-image-container-inner'><div class='avia-image-overlay-wrap'><img decoding=\"async\" class='wp-image-53760 avia-img-lazy-loading-not-53760 avia_image' src=\"https:\/\/radiorevelacionfm.cl\/wp-content\/uploads\/2025\/05\/2-2025-05-11t142518_optimized.713-1.jpg\" alt='' title='2---2025-05-11t142518_optimized.713-(1)' height=\"600\" width=\"1066\"  itemprop=\"thumbnailUrl\" srcset=\"https:\/\/radiorevelacionfm.cl\/wp-content\/uploads\/2025\/05\/2-2025-05-11t142518_optimized.713-1.jpg 1066w, https:\/\/radiorevelacionfm.cl\/wp-content\/uploads\/2025\/05\/2-2025-05-11t142518_optimized.713-1-300x169.jpg 300w, https:\/\/radiorevelacionfm.cl\/wp-content\/uploads\/2025\/05\/2-2025-05-11t142518_optimized.713-1-1030x580.jpg 1030w, https:\/\/radiorevelacionfm.cl\/wp-content\/uploads\/2025\/05\/2-2025-05-11t142518_optimized.713-1-768x432.jpg 768w, https:\/\/radiorevelacionfm.cl\/wp-content\/uploads\/2025\/05\/2-2025-05-11t142518_optimized.713-1-705x397.jpg 705w, https:\/\/radiorevelacionfm.cl\/wp-content\/uploads\/2025\/05\/2-2025-05-11t142518_optimized.713-1-450x253.jpg 450w, https:\/\/radiorevelacionfm.cl\/wp-content\/uploads\/2025\/05\/2-2025-05-11t142518_optimized.713-1-600x338.jpg 600w\" sizes=\"(max-width: 1066px) 100vw, 1066px\" \/><\/div><\/div><\/div><\/div><div class=\"flex_column av_one_full  flex_column_div av-zero-column-padding first  avia-builder-el-2  el_after_av_one_full  el_before_av_one_full  column-top-margin\" style='border-radius:0px; '><section class=\"av_textblock_section \"  itemscope=\"itemscope\" itemtype=\"https:\/\/schema.org\/BlogPosting\" itemprop=\"blogPost\" ><div class='avia_textblock  '   itemprop=\"text\" ><p style=\"text-align: center;\"><span style=\"font-size: 18pt;\"><strong>Trabajadores\/as de empresas del sector construcci\u00f3n se capacitan en aplicaci\u00f3n de la Ley Karin<\/strong><\/span><\/p>\n<div id=\"gtx-trans\" style=\"position: absolute; left: -50px; top: 4.31534px;\">\n<div class=\"gtx-trans-icon\"><\/div>\n<\/div>\n<\/div><\/section><\/div><div class=\"flex_column av_one_full  flex_column_div av-zero-column-padding first  avia-builder-el-4  el_after_av_one_full  el_before_av_hr  column-top-margin\" style='border-radius:0px; '><section class=\"av_textblock_section \"  itemscope=\"itemscope\" itemtype=\"https:\/\/schema.org\/BlogPosting\" itemprop=\"blogPost\" ><div class='avia_textblock  '   itemprop=\"text\" ><p style=\"text-align: justify;\"><em>Actividad fue coordinada por la C\u00e1mara Chilena de la Construcci\u00f3n sede Coyhaique y la Direcci\u00f3n Regional del Trabajo de Ays\u00e9n.<\/em><\/p>\n<p style=\"text-align: justify;\">Una veintena de trabajadores y empresarios locales del rubro de la construcci\u00f3n, participaron de una capacitaci\u00f3n en torno a la Ley Karin, su aplicabilidad y c\u00f3mo ha sido el proceso de implementaci\u00f3n de este cuerpo normativo en la regi\u00f3n de Ays\u00e9n.<\/p>\n<p style=\"text-align: justify;\">La instancia fue coordinada por la Direcci\u00f3n Regional del Trabajo de Ays\u00e9n, en conjunto con la C\u00e1mara Chilena de la Construcci\u00f3n, sede Coyhaique, a trav\u00e9s de la comisi\u00f3n gremial de mujeres, que busca fomentar la participaci\u00f3n laboral femenina en el rubro.<\/p>\n<p style=\"text-align: justify;\">La charla estuvo a cargo de profesionales de la DT, quienes explicaron la Ley, los procesos de denuncia y pr\u00e1cticas que las empresas deben aplicar en su funcionamiento, para garantizar que todos los\/as trabajadores\/as tengan acceso a los canales de denuncia, y conozcan los protocolos internos que garanticen una correcta investigaci\u00f3n ante la denuncia por una eventual vulneraci\u00f3n por acoso laboral o sexual y\/o violencia en el trabajo.<\/p>\n<p style=\"text-align: justify;\">La Ley Karin lleva poco m\u00e1s de nueve meses de implementaci\u00f3n, per\u00edodo en que se ha evidenciado un incremento en las denuncias, seg\u00fan explic\u00f3 el Director Regional de la Direcci\u00f3n del Trabajo, esto tendr\u00eda su origen, en que ahora existe un canal abierto para evidenciar estas vulneraciones de derechos, pues casos de este tipo, siempre se han registrado en los entornos laborales.<\/p>\n<p style=\"text-align: justify;\">\u201cPor el informe que nosotros entregamos en el mes de enero de este a\u00f1o, efectivamente ha habido un aumento en los casos, tanto a nivel regional como a nivel pa\u00eds. Hemos pasado de manejar un n\u00famero cercano de 30 casos al a\u00f1o, a llegar a casi 100 en los primeros 6 meses de vigencia de la ley en la regi\u00f3n, y eso es un aumento importante. Esto, no significa que hayan aumentado, sino que se han visibilizado m\u00e1s casos que antes, porque probablemente la gente no denunciaba o hab\u00eda alguna reserva para hacerlo. As\u00ed que destacar que se est\u00e1n haciendo las denuncias, y se est\u00e1n llevando adelante las investigaciones\u201d, explic\u00f3 Christian Aros, Director Regional del Trabajo.<\/p>\n<p style=\"text-align: justify;\">Desde que se implement\u00f3 la Ley, en la regi\u00f3n de Ays\u00e9n se han llevado adelante 142 procesos (al 30 de abril de 2025) en muchos de ellos, destac\u00f3 el director de la DT, se han logrado importantes acuerdos entre los trabajadores y las empresas, durante los procesos de mediaci\u00f3n, con la finalidad de mejorar los ambientes laborales.<\/p>\n<p style=\"text-align: justify;\">La idea de esta capacitaci\u00f3n conjunta, fue que los\/as trabajadores\/as de las empresas del sector construcci\u00f3n pudiesen resolver dudas en torno a la Ley y conocer, c\u00f3mo funciona el proceso que se lleva junto a la Direcci\u00f3n del Trabajo, para promover el respecto de los derechos fundamentales de los\/as trabajadores\/as y propiciar el ingreso de m\u00e1s mujeres al rubro.<\/p>\n<p style=\"text-align: justify;\">\u201cMe queda una sensaci\u00f3n muy grata, porque esto demuestra que la gente se est\u00e1 preocupando y que se est\u00e1 iniciando este cambio cultural de tener buenas pr\u00e1cticas laborales, lo que, adem\u00e1s, propicia la incorporaci\u00f3n de m\u00e1s mujeres a nuestros ambientes de trabajo, sobre todo, en el \u00e1rea de la construcci\u00f3n\u201d, indic\u00f3 Liz Montiel, presidenta de la comisi\u00f3n de Mujeres de la CChC Coyhaique.<\/p>\n<p style=\"text-align: justify;\">Cabe se\u00f1alar que la CChC Coyhaique, es parte del comit\u00e9 tripartito de usuarios de la Direcci\u00f3n Regional del Trabajo de Ays\u00e9n, instancia a trav\u00e9s de la cual, se coordinan acciones preventivas de manera permanente entra ambas instituciones.<\/p>\n<p style=\"text-align: justify;\"><strong>Cifras de la Ley Karin<\/strong><\/p>\n<p style=\"text-align: justify;\">Desde su implementaci\u00f3n, la Ley Karin ha permitido desarrollar 142 procesos en esta materia, a cargo de la Direcci\u00f3n del Trabajo, evidenci\u00e1ndose que las sanciones aplicadas a las empresas versan en tres materias mayoritarias: No elaborar un protocolo de prevenci\u00f3n del acoso sexual, laboral y violencia en el trabajo; No levantar un acta de denuncia, en caso de que esta sea verbal, por parte del representante de la empresa que la recibe; y no adoptar de manera inmediata, las medidas de resguardo necesarias respecto de los involucrados en la denuncia.<\/p>\n<p style=\"text-align: justify;\">En cuanto a las fiscalizaciones que se han efectuado por esta Ley, entre los mayores incumplimientos de las empresas sobresalen: No poner a disposici\u00f3n de los trabajadores un protocolo de prevenci\u00f3n del acoso sexual, laboral y de violencia en el trabajo; y no elaborar un protocolo de prevenci\u00f3n en estas materias.<\/p>\n<\/div><\/section><\/div><div  style='height:50px' class='hr hr-invisible   avia-builder-el-6  el_after_av_one_full  el_before_av_social_share '><span class='hr-inner ' ><span class='hr-inner-style'><\/span><\/span><\/div><\/p>\n<div  class='av-social-sharing-box  avia-builder-el-7  el_after_av_hr  el_before_av_hr  '><div class='av-share-box'><h5 class='av-share-link-description av-no-toc '>Compartir esta noticia<\/h5><ul class='av-share-box-list noLightbox'><li class='av-share-link av-social-link-facebook' ><a target=\"_blank\" aria-label=\"Compartir en Facebook\" href='https:\/\/www.facebook.com\/sharer.php?u=https:\/\/radiorevelacionfm.cl\/?p=53759&#038;t=Trabajadores%2Fas%20de%20empresas%20del%20sector%20construcci%C3%B3n%20se%20capacitan%20en%20aplicaci%C3%B3n%20de%20la%20Ley%20Karin' aria-hidden='false' data-av_icon='\ue8f3' data-av_iconfont='entypo-fontello' title='' data-avia-related-tooltip='Compartir en Facebook' rel=\"noopener\"><span class='avia_hidden_link_text'>Compartir en Facebook<\/span><\/a><\/li><li class='av-share-link av-social-link-twitter' ><a target=\"_blank\" aria-label=\"Compartir en Twitter\" href='https:\/\/twitter.com\/share?text=Trabajadores%2Fas%20de%20empresas%20del%20sector%20construcci%C3%B3n%20se%20capacitan%20en%20aplicaci%C3%B3n%20de%20la%20Ley%20Karin&#038;url=https:\/\/radiorevelacionfm.cl\/?p=53759' aria-hidden='false' data-av_icon='\ue8f1' data-av_iconfont='entypo-fontello' title='' data-avia-related-tooltip='Compartir en Twitter' rel=\"noopener\"><span class='avia_hidden_link_text'>Compartir en Twitter<\/span><\/a><\/li><li class='av-share-link av-social-link-whatsapp' ><a target=\"_blank\" aria-label=\"Compartir en Whatsapp\" href='https:\/\/api.whatsapp.com\/send?text=https:\/\/radiorevelacionfm.cl\/?p=53759' aria-hidden='false' data-av_icon='\uf232' data-av_iconfont='entypo-fontello' title='' data-avia-related-tooltip='Compartir en Whatsapp' rel=\"noopener\"><span class='avia_hidden_link_text'>Compartir en Whatsapp<\/span><\/a><\/li><li class='av-share-link av-social-link-linkedin' ><a target=\"_blank\" aria-label=\"Compartir en LinkedIn\" href='https:\/\/linkedin.com\/shareArticle?mini=true&#038;title=Trabajadores%2Fas%20de%20empresas%20del%20sector%20construcci%C3%B3n%20se%20capacitan%20en%20aplicaci%C3%B3n%20de%20la%20Ley%20Karin&#038;url=https:\/\/radiorevelacionfm.cl\/?p=53759' aria-hidden='false' data-av_icon='\ue8fc' data-av_iconfont='entypo-fontello' title='' data-avia-related-tooltip='Compartir en LinkedIn' rel=\"noopener\"><span class='avia_hidden_link_text'>Compartir en LinkedIn<\/span><\/a><\/li><li class='av-share-link av-social-link-mail' ><a  aria-label=\"Compartir por correo\" href='mailto:?subject=Trabajadores%2Fas%20de%20empresas%20del%20sector%20construcci%C3%B3n%20se%20capacitan%20en%20aplicaci%C3%B3n%20de%20la%20Ley%20Karin&#038;body=https:\/\/radiorevelacionfm.cl\/?p=53759' aria-hidden='false' data-av_icon='\ue805' data-av_iconfont='entypo-fontello' title='' data-avia-related-tooltip='Compartir por correo'><span class='avia_hidden_link_text'>Compartir por correo<\/span><\/a><\/li><\/ul><\/div><\/div>\n<div  style='height:50px' class='hr hr-invisible   avia-builder-el-8  el_after_av_social_share  el_before_av_comments_list '><span class='hr-inner ' ><span class='hr-inner-style'><\/span><\/span><\/div>\n<div  class='av-buildercomment  av-blog-meta-html-info-disabled av-blog-meta-tag-disabled  '><\/div>\n","protected":false},"excerpt":{"rendered":"","protected":false},"author":1,"featured_media":53760,"comment_status":"closed","ping_status":"closed","sticky":false,"template":"","format":"standard","meta":{"footnotes":""},"categories":[38],"tags":[],"class_list":["post-53759","post","type-post","status-publish","format-standard","has-post-thumbnail","hentry","category-regional"],"jetpack_featured_media_url":"https:\/\/radiorevelacionfm.cl\/wp-content\/uploads\/2025\/05\/2-2025-05-11t142518_optimized.713-1.jpg","_links":{"self":[{"href":"https:\/\/radiorevelacionfm.cl\/index.php?rest_route=\/wp\/v2\/posts\/53759","targetHints":{"allow":["GET"]}}],"collection":[{"href":"https:\/\/radiorevelacionfm.cl\/index.php?rest_route=\/wp\/v2\/posts"}],"about":[{"href":"https:\/\/radiorevelacionfm.cl\/index.php?rest_route=\/wp\/v2\/types\/post"}],"author":[{"embeddable":true,"href":"https:\/\/radiorevelacionfm.cl\/index.php?rest_route=\/wp\/v2\/users\/1"}],"replies":[{"embeddable":true,"href":"https:\/\/radiorevelacionfm.cl\/index.php?rest_route=%2Fwp%2Fv2%2Fcomments&post=53759"}],"version-history":[{"count":2,"href":"https:\/\/radiorevelacionfm.cl\/index.php?rest_route=\/wp\/v2\/posts\/53759\/revisions"}],"predecessor-version":[{"id":53769,"href":"https:\/\/radiorevelacionfm.cl\/index.php?rest_route=\/wp\/v2\/posts\/53759\/revisions\/53769"}],"wp:featuredmedia":[{"embeddable":true,"href":"https:\/\/radiorevelacionfm.cl\/index.php?rest_route=\/wp\/v2\/media\/53760"}],"wp:attachment":[{"href":"https:\/\/radiorevelacionfm.cl\/index.php?rest_route=%2Fwp%2Fv2%2Fmedia&parent=53759"}],"wp:term":[{"taxonomy":"category","embeddable":true,"href":"https:\/\/radiorevelacionfm.cl\/index.php?rest_route=%2Fwp%2Fv2%2Fcategories&post=53759"},{"taxonomy":"post_tag","embeddable":true,"href":"https:\/\/radiorevelacionfm.cl\/index.php?rest_route=%2Fwp%2Fv2%2Ftags&post=53759"}],"curies":[{"name":"wp","href":"https:\/\/api.w.org\/{rel}","templated":true}]}}