{"id":53756,"date":"2025-05-12T11:32:32","date_gmt":"2025-05-12T14:32:32","guid":{"rendered":"https:\/\/radiorevelacionfm.cl\/?p=53756"},"modified":"2025-05-12T11:32:32","modified_gmt":"2025-05-12T14:32:32","slug":"con-charlas-se-busca-informar-a-la-comunidad-sobre-sus-derechos-previsionales","status":"publish","type":"post","link":"https:\/\/radiorevelacionfm.cl\/?p=53756","title":{"rendered":"Con charlas se busca informar a la comunidad sobre sus derechos previsionales"},"content":{"rendered":"<div class=\"flex_column av_one_full  flex_column_div av-zero-column-padding first  avia-builder-el-0  el_before_av_one_full  avia-builder-el-first  \" style='border-radius:0px; '><div  class='avia-image-container  av-styling-    avia-builder-el-1  avia-builder-el-no-sibling  avia-align-center '  itemprop=\"image\" itemscope=\"itemscope\" itemtype=\"https:\/\/schema.org\/ImageObject\"  ><div class='avia-image-container-inner'><div class='avia-image-overlay-wrap'><img decoding=\"async\" class='wp-image-53757 avia-img-lazy-loading-not-53757 avia_image' src=\"https:\/\/radiorevelacionfm.cl\/wp-content\/uploads\/2025\/05\/MintrabAysen_ReformaPensiones-10-1-1.jpeg\" alt='' title='MintrabAysen_ReformaPensiones (10) (1) (1)' height=\"600\" width=\"800\"  itemprop=\"thumbnailUrl\" srcset=\"https:\/\/radiorevelacionfm.cl\/wp-content\/uploads\/2025\/05\/MintrabAysen_ReformaPensiones-10-1-1.jpeg 800w, https:\/\/radiorevelacionfm.cl\/wp-content\/uploads\/2025\/05\/MintrabAysen_ReformaPensiones-10-1-1-300x225.jpeg 300w, https:\/\/radiorevelacionfm.cl\/wp-content\/uploads\/2025\/05\/MintrabAysen_ReformaPensiones-10-1-1-768x576.jpeg 768w, https:\/\/radiorevelacionfm.cl\/wp-content\/uploads\/2025\/05\/MintrabAysen_ReformaPensiones-10-1-1-705x529.jpeg 705w, https:\/\/radiorevelacionfm.cl\/wp-content\/uploads\/2025\/05\/MintrabAysen_ReformaPensiones-10-1-1-450x338.jpeg 450w, https:\/\/radiorevelacionfm.cl\/wp-content\/uploads\/2025\/05\/MintrabAysen_ReformaPensiones-10-1-1-600x450.jpeg 600w\" sizes=\"(max-width: 800px) 100vw, 800px\" \/><\/div><\/div><\/div><\/div><div class=\"flex_column av_one_full  flex_column_div av-zero-column-padding first  avia-builder-el-2  el_after_av_one_full  el_before_av_one_full  column-top-margin\" style='border-radius:0px; '><section class=\"av_textblock_section \"  itemscope=\"itemscope\" itemtype=\"https:\/\/schema.org\/BlogPosting\" itemprop=\"blogPost\" ><div class='avia_textblock  '   itemprop=\"text\" ><p style=\"text-align: center;\"><strong><span style=\"font-size: 18pt;\">Con charlas se busca informar a la comunidad sobre sus derechos previsionales<\/span><\/strong><\/p>\n<div id=\"gtx-trans\" style=\"position: absolute; left: -50px; top: 4.31534px;\">\n<div class=\"gtx-trans-icon\"><\/div>\n<\/div>\n<\/div><\/section><\/div><div class=\"flex_column av_one_full  flex_column_div av-zero-column-padding first  avia-builder-el-4  el_after_av_one_full  el_before_av_hr  column-top-margin\" style='border-radius:0px; '><section class=\"av_textblock_section \"  itemscope=\"itemscope\" itemtype=\"https:\/\/schema.org\/BlogPosting\" itemprop=\"blogPost\" ><div class='avia_textblock  '   itemprop=\"text\" ><p style=\"text-align: justify;\"><em>En Puerto Ays\u00e9n, Puerto Chacabuco, Villa Ortega y Coyhaique se desarrollar\u00e1n charlas para informar y aclarar dudas sobre seguridad social, como el sistema de pensiones, ley de accidentes del trabajo y enfermedades profesionales, seguro,s de cesant\u00eda y la implementaci\u00f3n de la Reforma de Pensiones, incluyendo a quienes son beneficiarios de las leyes reparatorias, entre otros.<\/em><\/p>\n<p style=\"text-align: justify;\">Con el fin de capacitar a la comunidad y entregarle informaci\u00f3n sobre sus derechos previsionales, entre el lunes 12 y el jueves 15 de mayo, la Seremi del Trabajo y Previsi\u00f3n Social, Camila Covarrubias junto a la jefa de la Unidad de Educaci\u00f3n Previsional de la Subsecretar\u00eda de Previsi\u00f3n Social, Elizabeth Ram\u00edrez realizar\u00e1n un despliegue informativo, congregando sindicatos, empleadores, adultos mayores, trabajadores que emiten boletas a honorarios, beneficiarios de las leyes reparatorias, agrupaciones de mujeres, entre otros.<\/p>\n<p style=\"text-align: justify;\">Con respecto a la finalidad de estas charlas de capacitaci\u00f3n, la Seremi del Trabajo y Previsi\u00f3n Social, Camila Covarrubias, afirm\u00f3, \u00abEn nuestra Regi\u00f3n de Ays\u00e9n y en el pa\u00eds, en general, hay un bajo conocimiento previsional de la poblaci\u00f3n, sobre todo en temas como la cobertura de la Ley de Accidentes Laborales y enfermedades Profesionales, cobertura del Seguro de Cesant\u00eda, derechos a la cobertura de seguridad social de trabajadores a honorarios, sistema de pensiones y la implementaci\u00f3n de la Reforma de Pensiones. Por ello, a trav\u00e9s de la Unidad de Educaci\u00f3n Previsional de la Subsecretar\u00eda de Previsi\u00f3n Social desarrollamos cada a\u00f1o el Programa Nacional de Educaci\u00f3n Previsional, que est\u00e1 enfocado en dar a conocer a las personas sus derechos en materia previsional. De esta manera, podr\u00e1 conocer el sistema previsional, ejercer sus derechos y tomar las decisiones previsionales m\u00e1s adecuadas en las distintas etapas de su vida\u00bb.<\/p>\n<p style=\"text-align: justify;\">\u00abEste a\u00f1o nos desplegaremos por Puerto Ays\u00e9n, Puerto Chacabuco y Coyhaique urbano y rural, ya que iremos a Villa Ortega, donde realizaremos charlas y conversatorios junto a sindicatos, empleadores, juntas de vecinos, UCAM Coyhaique, trabajadores a honorarios, agrupaciones de mujeres, entre otros, incluyendo la difusi\u00f3n de aspectos de la implementaci\u00f3n de la Reforma de Pensiones, por ejemplo, nos reuniremos con beneficiarios de las leyes reparatorias, quienes por primera vez est\u00e1n siendo incluidos en los cambios del sistema de pensiones\u00bb, coment\u00f3 la Seremi Covarrubias.<\/p>\n<p style=\"text-align: justify;\">En este despliegue hay charlas abiertas y otras que son cerradas a p\u00fablicos espec\u00edficos dadas las tem\u00e1ticas, por ejemplo, en algunos sindicatos, agrupaciones de mujeres y a alumnos del CFT Estatal Ays\u00e9n y de liceos. En tanto, hay otras charlas abiertas, donde se invita a la comunidad a participar. En Villa Ortega se desarrollar\u00e1 la charla \u00abTipos y modalidades de pensi\u00f3n\u00bb, el lunes 12 de mayo, a las 18:00 hrs. en la sede Comunitaria, ubicada en Gumercindo Ortega s\/n; en Puerto Ays\u00e9n, charla \u00abReforma de pensiones\u00bb, martes 13 mayo, a las 10:00 hrs, Sede Sindicato FrioSur, ubicada en Ribera Sur, Benigno D\u00edaz n\u00b0360. En Coyhaique, charla \u00abReforma de Pensiones\u00bb, el mi\u00e9rcoles 14 de mayo 2025, a las 14:30 hrs, Sede Uni\u00f3n Comunal de Adultos Mayores, UCAM, ubicada en Err\u00e1zuriz n\u00b0 2390; Charla \u00abReforma de Pensiones\u00bb para beneficiarios de las leyes reparatorias, el mi\u00e9rcoles 14 de mayo, a las 17:00 hrs. en la sucursal Coyhaique de IPS ChileAtiende, ubicada en Avda. Arturo Prat n\u00b0580 (esquina Lautaro); charla sobre la \u00abIncorporaci\u00f3n a los diferentes reg\u00edmenes de Seguridad Social de las personas trabajadoras que emiten Boleta de Honorarios\u00bb, jueves 15 de mayo 2025 a las 11:30 horas, en dependencias del Servicio Nacional de Capacitaci\u00f3n y Empleo, Sence, ubicado en calle Condell n\u00b0141, Coyhaique.<\/p>\n<p style=\"text-align: justify;\">Cabe mencionar que este despliegue ha sido fruto del levantamiento de necesidades de informaci\u00f3n por parte de la comunidad, siendo coordinadas con organizaciones de la sociedad civil, sindicatos, gremios e instituciones, incluyendo al Instituto de Previsi\u00f3n Social, IPS ChileAtiende, Consejo Tripartito de Usuarios, CTRU, de la Direcci\u00f3n del Trabajo, Sence, Prodemu y el Servicio de Salud Ays\u00e9n, a trav\u00e9s del programa.<\/p>\n<\/div><\/section><\/div><div  style='height:50px' class='hr hr-invisible   avia-builder-el-6  el_after_av_one_full  el_before_av_social_share '><span class='hr-inner ' ><span class='hr-inner-style'><\/span><\/span><\/div><\/p>\n<div  class='av-social-sharing-box  avia-builder-el-7  el_after_av_hr  el_before_av_hr  '><div class='av-share-box'><h5 class='av-share-link-description av-no-toc '>Compartir esta noticia<\/h5><ul class='av-share-box-list noLightbox'><li class='av-share-link av-social-link-facebook' ><a target=\"_blank\" aria-label=\"Compartir en Facebook\" href='https:\/\/www.facebook.com\/sharer.php?u=https:\/\/radiorevelacionfm.cl\/?p=53756&#038;t=Con%20charlas%20se%20busca%20informar%20a%20la%20comunidad%20sobre%20sus%20derechos%20previsionales' aria-hidden='false' data-av_icon='\ue8f3' data-av_iconfont='entypo-fontello' title='' data-avia-related-tooltip='Compartir en Facebook' rel=\"noopener\"><span class='avia_hidden_link_text'>Compartir en Facebook<\/span><\/a><\/li><li class='av-share-link av-social-link-twitter' ><a target=\"_blank\" aria-label=\"Compartir en Twitter\" href='https:\/\/twitter.com\/share?text=Con%20charlas%20se%20busca%20informar%20a%20la%20comunidad%20sobre%20sus%20derechos%20previsionales&#038;url=https:\/\/radiorevelacionfm.cl\/?p=53756' aria-hidden='false' data-av_icon='\ue8f1' data-av_iconfont='entypo-fontello' title='' data-avia-related-tooltip='Compartir en Twitter' rel=\"noopener\"><span class='avia_hidden_link_text'>Compartir en Twitter<\/span><\/a><\/li><li class='av-share-link av-social-link-whatsapp' ><a target=\"_blank\" aria-label=\"Compartir en Whatsapp\" href='https:\/\/api.whatsapp.com\/send?text=https:\/\/radiorevelacionfm.cl\/?p=53756' aria-hidden='false' data-av_icon='\uf232' data-av_iconfont='entypo-fontello' title='' data-avia-related-tooltip='Compartir en Whatsapp' rel=\"noopener\"><span class='avia_hidden_link_text'>Compartir en Whatsapp<\/span><\/a><\/li><li class='av-share-link av-social-link-linkedin' ><a target=\"_blank\" aria-label=\"Compartir en LinkedIn\" href='https:\/\/linkedin.com\/shareArticle?mini=true&#038;title=Con%20charlas%20se%20busca%20informar%20a%20la%20comunidad%20sobre%20sus%20derechos%20previsionales&#038;url=https:\/\/radiorevelacionfm.cl\/?p=53756' aria-hidden='false' data-av_icon='\ue8fc' data-av_iconfont='entypo-fontello' title='' data-avia-related-tooltip='Compartir en LinkedIn' rel=\"noopener\"><span class='avia_hidden_link_text'>Compartir en LinkedIn<\/span><\/a><\/li><li class='av-share-link av-social-link-mail' ><a  aria-label=\"Compartir por correo\" href='mailto:?subject=Con%20charlas%20se%20busca%20informar%20a%20la%20comunidad%20sobre%20sus%20derechos%20previsionales&#038;body=https:\/\/radiorevelacionfm.cl\/?p=53756' aria-hidden='false' data-av_icon='\ue805' data-av_iconfont='entypo-fontello' title='' data-avia-related-tooltip='Compartir por correo'><span class='avia_hidden_link_text'>Compartir por correo<\/span><\/a><\/li><\/ul><\/div><\/div>\n<div  style='height:50px' class='hr hr-invisible   avia-builder-el-8  el_after_av_social_share  el_before_av_comments_list '><span class='hr-inner ' ><span class='hr-inner-style'><\/span><\/span><\/div>\n<div  class='av-buildercomment  av-blog-meta-html-info-disabled av-blog-meta-tag-disabled  '><\/div>\n","protected":false},"excerpt":{"rendered":"","protected":false},"author":1,"featured_media":53757,"comment_status":"closed","ping_status":"closed","sticky":false,"template":"","format":"standard","meta":{"footnotes":""},"categories":[56],"tags":[],"class_list":["post-53756","post","type-post","status-publish","format-standard","has-post-thumbnail","hentry","category-trabajo"],"jetpack_featured_media_url":"https:\/\/radiorevelacionfm.cl\/wp-content\/uploads\/2025\/05\/MintrabAysen_ReformaPensiones-10-1-1.jpeg","_links":{"self":[{"href":"https:\/\/radiorevelacionfm.cl\/index.php?rest_route=\/wp\/v2\/posts\/53756","targetHints":{"allow":["GET"]}}],"collection":[{"href":"https:\/\/radiorevelacionfm.cl\/index.php?rest_route=\/wp\/v2\/posts"}],"about":[{"href":"https:\/\/radiorevelacionfm.cl\/index.php?rest_route=\/wp\/v2\/types\/post"}],"author":[{"embeddable":true,"href":"https:\/\/radiorevelacionfm.cl\/index.php?rest_route=\/wp\/v2\/users\/1"}],"replies":[{"embeddable":true,"href":"https:\/\/radiorevelacionfm.cl\/index.php?rest_route=%2Fwp%2Fv2%2Fcomments&post=53756"}],"version-history":[{"count":2,"href":"https:\/\/radiorevelacionfm.cl\/index.php?rest_route=\/wp\/v2\/posts\/53756\/revisions"}],"predecessor-version":[{"id":53784,"href":"https:\/\/radiorevelacionfm.cl\/index.php?rest_route=\/wp\/v2\/posts\/53756\/revisions\/53784"}],"wp:featuredmedia":[{"embeddable":true,"href":"https:\/\/radiorevelacionfm.cl\/index.php?rest_route=\/wp\/v2\/media\/53757"}],"wp:attachment":[{"href":"https:\/\/radiorevelacionfm.cl\/index.php?rest_route=%2Fwp%2Fv2%2Fmedia&parent=53756"}],"wp:term":[{"taxonomy":"category","embeddable":true,"href":"https:\/\/radiorevelacionfm.cl\/index.php?rest_route=%2Fwp%2Fv2%2Fcategories&post=53756"},{"taxonomy":"post_tag","embeddable":true,"href":"https:\/\/radiorevelacionfm.cl\/index.php?rest_route=%2Fwp%2Fv2%2Ftags&post=53756"}],"curies":[{"name":"wp","href":"https:\/\/api.w.org\/{rel}","templated":true}]}}