{"id":53746,"date":"2025-05-09T19:35:48","date_gmt":"2025-05-09T22:35:48","guid":{"rendered":"https:\/\/radiorevelacionfm.cl\/?p=53746"},"modified":"2025-05-09T19:35:48","modified_gmt":"2025-05-09T22:35:48","slug":"trabajo-coordinado-de-carabineros-fiscalia-y-sag-culmino-con-dos-detenidos-por-abigeato","status":"publish","type":"post","link":"https:\/\/radiorevelacionfm.cl\/?p=53746","title":{"rendered":"Trabajo coordinado de Carabineros, Fiscal\u00eda y SAG culmin\u00f3 con dos detenidos por abigeato"},"content":{"rendered":"<div class=\"flex_column av_one_full  flex_column_div av-zero-column-padding first  avia-builder-el-0  el_before_av_one_full  avia-builder-el-first  \" style='border-radius:0px; '><div  class='avia-image-container  av-styling-    avia-builder-el-1  avia-builder-el-no-sibling  avia-align-center '  itemprop=\"image\" itemscope=\"itemscope\" itemtype=\"https:\/\/schema.org\/ImageObject\"  ><div class='avia-image-container-inner'><div class='avia-image-overlay-wrap'><img decoding=\"async\" class='wp-image-53747 avia-img-lazy-loading-not-53747 avia_image' src=\"https:\/\/radiorevelacionfm.cl\/wp-content\/uploads\/2025\/05\/6787c93fd8b13-1_optimized.jpg\" alt='' title='6787c93fd8b13-(1)_optimized' height=\"600\" width=\"1060\"  itemprop=\"thumbnailUrl\" srcset=\"https:\/\/radiorevelacionfm.cl\/wp-content\/uploads\/2025\/05\/6787c93fd8b13-1_optimized.jpg 1060w, https:\/\/radiorevelacionfm.cl\/wp-content\/uploads\/2025\/05\/6787c93fd8b13-1_optimized-300x170.jpg 300w, https:\/\/radiorevelacionfm.cl\/wp-content\/uploads\/2025\/05\/6787c93fd8b13-1_optimized-1030x583.jpg 1030w, https:\/\/radiorevelacionfm.cl\/wp-content\/uploads\/2025\/05\/6787c93fd8b13-1_optimized-768x435.jpg 768w, https:\/\/radiorevelacionfm.cl\/wp-content\/uploads\/2025\/05\/6787c93fd8b13-1_optimized-705x399.jpg 705w, https:\/\/radiorevelacionfm.cl\/wp-content\/uploads\/2025\/05\/6787c93fd8b13-1_optimized-450x255.jpg 450w, https:\/\/radiorevelacionfm.cl\/wp-content\/uploads\/2025\/05\/6787c93fd8b13-1_optimized-600x340.jpg 600w\" sizes=\"(max-width: 1060px) 100vw, 1060px\" \/><\/div><\/div><\/div><\/div><div class=\"flex_column av_one_full  flex_column_div av-zero-column-padding first  avia-builder-el-2  el_after_av_one_full  el_before_av_one_full  column-top-margin\" style='border-radius:0px; '><section class=\"av_textblock_section \"  itemscope=\"itemscope\" itemtype=\"https:\/\/schema.org\/BlogPosting\" itemprop=\"blogPost\" ><div class='avia_textblock  '   itemprop=\"text\" ><p style=\"text-align: center;\"><strong><span style=\"font-size: 18pt;\">Trabajo coordinado de Carabineros, Fiscal\u00eda y SAG culmin\u00f3 con dos detenidos por abigeato <\/span><\/strong><\/p>\n<div id=\"gtx-trans\" style=\"position: absolute; left: -50px; top: 4.31534px;\">\n<div class=\"gtx-trans-icon\"><\/div>\n<\/div>\n<\/div><\/section><\/div><div class=\"flex_column av_one_full  flex_column_div av-zero-column-padding first  avia-builder-el-4  el_after_av_one_full  el_before_av_hr  column-top-margin\" style='border-radius:0px; '><section class=\"av_textblock_section \"  itemscope=\"itemscope\" itemtype=\"https:\/\/schema.org\/BlogPosting\" itemprop=\"blogPost\" ><div class='avia_textblock  '   itemprop=\"text\" ><p dir=\"ltr\" style=\"text-align: justify;\"><em>Las diligencias permitieron recuperar en el sector Lago Atravesado tres animales vacunos que hab\u00edan sido sustra\u00eddos a crianceros durante el a\u00f1o 2024.<\/em><\/p>\n<p dir=\"ltr\" style=\"text-align: justify;\">Como parte de un trabajo coordinado entre Carabineros de Coyhaique, la Fiscal\u00eda y el Servicio Agr\u00edcola y Ganadero (SAG), diligencias efectuadas por personal de la Secci\u00f3n de Investigaci\u00f3n Policial (SIP) permitieron detener a dos personas por su presunta participaci\u00f3n en el delito de abigeato, logrando recuperar tres cabezas de ganado vacuno en el sector Lago Atravesado.<\/p>\n<p dir=\"ltr\" style=\"text-align: justify;\">\u00abEn un trabajo integrado con el Ministerio P\u00fablico y el personal del SAG, logrando la identificaci\u00f3n de tres camiones que trasladaban 43 vacunos, entre ellos -al fiscalizarlos- pudimos pudimos encontrar que hab\u00eda dos vacunos que hab\u00edan sido sustra\u00eddos durante el a\u00f1o 2024\u00bb, indic\u00f3 el Comisario de Coyhaique, Mayor Sebasti\u00e1n Casanueva.<\/p>\n<p dir=\"ltr\" style=\"text-align: justify;\">M\u00e1s tarde, tras la revisi\u00f3n del predio desde donde salieron estos transportes, fue posible ubicar un tercer animal que hab\u00eda sido sustra\u00eddo durante el a\u00f1o reci\u00e9n pasado.<\/p>\n<p dir=\"ltr\" style=\"text-align: justify;\">\u00abSe tom\u00f3 contacto con la v\u00edctima por intermedio del personal SIP y se puso a disposici\u00f3n del Ministerio P\u00fablico\u00bb, acot\u00f3 el Oficial.<\/p>\n<p dir=\"ltr\" style=\"text-align: justify;\">Frente a este delito, Carabineros ha intensificado los controles en el sector del Ret\u00e9n El Blanco, Balmaceda y Puerto Ingeniero Ib\u00e1\u00f1ez dada la mayor problem\u00e1tica de este tipo de delitos.<\/p>\n<p dir=\"ltr\" style=\"text-align: justify;\">\u00abDentro del an\u00e1lisis que hemos realizado, mantenemos un 17% de aumento en comparaci\u00f3n al a\u00f1o pasado. Es por ello la preocupaci\u00f3n por parte de Carabineros y se va mantener la fiscalizaci\u00f3n en diferentes sectores tanto en Coyhaique como en zonas rurales respecto al transporte de ganado\u00bb, expres\u00f3 el Mayor Casanueva.<\/p>\n<p dir=\"ltr\" style=\"text-align: justify;\">\u00abEstamos trabajando en coordinaci\u00f3n con el Ministerio P\u00fablico con la finalidad de atacar este tipo de delitos y entregar respuestas positivas a las v\u00edctimas\u00bb, complement\u00f3 el Comisario de Carabineros de Coyhaique.<\/p>\n<p dir=\"ltr\" style=\"text-align: justify;\">La Instituci\u00f3n reiter\u00f3 el llamado a los ganaderos a adoptar los resguardos para prevenir este tipo de il\u00edcitos y el perjuicio que genera al patrimonio de las familias que desarrollan este rubro.<\/p>\n<p dir=\"ltr\" style=\"text-align: justify;\">Mantener cercos perimetrales en buen estado, rodear y contabilizar el ganado al t\u00e9rmino de cada jornada, mantenerlos se\u00f1alados y con crotales. Denunciar de manera oportuna al nivel 133 la p\u00e9rdida del ganado y la presencia de veh\u00edculos o desconocidos en predios, con la finalidad de prevenir este tipo de delitos.<\/p>\n<\/div><\/section><\/div><div  style='height:50px' class='hr hr-invisible   avia-builder-el-6  el_after_av_one_full  el_before_av_social_share '><span class='hr-inner ' ><span class='hr-inner-style'><\/span><\/span><\/div><\/p>\n<div  class='av-social-sharing-box  avia-builder-el-7  el_after_av_hr  el_before_av_hr  '><div class='av-share-box'><h5 class='av-share-link-description av-no-toc '>Compartir esta noticia<\/h5><ul class='av-share-box-list noLightbox'><li class='av-share-link av-social-link-facebook' ><a target=\"_blank\" aria-label=\"Compartir en Facebook\" href='https:\/\/www.facebook.com\/sharer.php?u=https:\/\/radiorevelacionfm.cl\/?p=53746&#038;t=Trabajo%20coordinado%20de%20Carabineros%2C%20Fiscal%C3%ADa%20y%20SAG%20culmin%C3%B3%20con%20dos%20detenidos%20por%20abigeato' aria-hidden='false' data-av_icon='\ue8f3' data-av_iconfont='entypo-fontello' title='' data-avia-related-tooltip='Compartir en Facebook' rel=\"noopener\"><span class='avia_hidden_link_text'>Compartir en Facebook<\/span><\/a><\/li><li class='av-share-link av-social-link-twitter' ><a target=\"_blank\" aria-label=\"Compartir en Twitter\" href='https:\/\/twitter.com\/share?text=Trabajo%20coordinado%20de%20Carabineros%2C%20Fiscal%C3%ADa%20y%20SAG%20culmin%C3%B3%20con%20dos%20detenidos%20por%20abigeato&#038;url=https:\/\/radiorevelacionfm.cl\/?p=53746' aria-hidden='false' data-av_icon='\ue8f1' data-av_iconfont='entypo-fontello' title='' data-avia-related-tooltip='Compartir en Twitter' rel=\"noopener\"><span class='avia_hidden_link_text'>Compartir en Twitter<\/span><\/a><\/li><li class='av-share-link av-social-link-whatsapp' ><a target=\"_blank\" aria-label=\"Compartir en Whatsapp\" href='https:\/\/api.whatsapp.com\/send?text=https:\/\/radiorevelacionfm.cl\/?p=53746' aria-hidden='false' data-av_icon='\uf232' data-av_iconfont='entypo-fontello' title='' data-avia-related-tooltip='Compartir en Whatsapp' rel=\"noopener\"><span class='avia_hidden_link_text'>Compartir en Whatsapp<\/span><\/a><\/li><li class='av-share-link av-social-link-linkedin' ><a target=\"_blank\" aria-label=\"Compartir en LinkedIn\" href='https:\/\/linkedin.com\/shareArticle?mini=true&#038;title=Trabajo%20coordinado%20de%20Carabineros%2C%20Fiscal%C3%ADa%20y%20SAG%20culmin%C3%B3%20con%20dos%20detenidos%20por%20abigeato&#038;url=https:\/\/radiorevelacionfm.cl\/?p=53746' aria-hidden='false' data-av_icon='\ue8fc' data-av_iconfont='entypo-fontello' title='' data-avia-related-tooltip='Compartir en LinkedIn' rel=\"noopener\"><span class='avia_hidden_link_text'>Compartir en LinkedIn<\/span><\/a><\/li><li class='av-share-link av-social-link-mail' ><a  aria-label=\"Compartir por correo\" href='mailto:?subject=Trabajo%20coordinado%20de%20Carabineros%2C%20Fiscal%C3%ADa%20y%20SAG%20culmin%C3%B3%20con%20dos%20detenidos%20por%20abigeato&#038;body=https:\/\/radiorevelacionfm.cl\/?p=53746' aria-hidden='false' data-av_icon='\ue805' data-av_iconfont='entypo-fontello' title='' data-avia-related-tooltip='Compartir por correo'><span class='avia_hidden_link_text'>Compartir por correo<\/span><\/a><\/li><\/ul><\/div><\/div>\n<div  style='height:50px' class='hr hr-invisible   avia-builder-el-8  el_after_av_social_share  el_before_av_comments_list '><span class='hr-inner ' ><span class='hr-inner-style'><\/span><\/span><\/div>\n<div  class='av-buildercomment  av-blog-meta-html-info-disabled av-blog-meta-tag-disabled  '><\/div>\n","protected":false},"excerpt":{"rendered":"","protected":false},"author":1,"featured_media":53747,"comment_status":"closed","ping_status":"closed","sticky":false,"template":"","format":"standard","meta":{"footnotes":""},"categories":[36],"tags":[],"class_list":["post-53746","post","type-post","status-publish","format-standard","has-post-thumbnail","hentry","category-policial"],"jetpack_featured_media_url":"https:\/\/radiorevelacionfm.cl\/wp-content\/uploads\/2025\/05\/6787c93fd8b13-1_optimized.jpg","_links":{"self":[{"href":"https:\/\/radiorevelacionfm.cl\/index.php?rest_route=\/wp\/v2\/posts\/53746","targetHints":{"allow":["GET"]}}],"collection":[{"href":"https:\/\/radiorevelacionfm.cl\/index.php?rest_route=\/wp\/v2\/posts"}],"about":[{"href":"https:\/\/radiorevelacionfm.cl\/index.php?rest_route=\/wp\/v2\/types\/post"}],"author":[{"embeddable":true,"href":"https:\/\/radiorevelacionfm.cl\/index.php?rest_route=\/wp\/v2\/users\/1"}],"replies":[{"embeddable":true,"href":"https:\/\/radiorevelacionfm.cl\/index.php?rest_route=%2Fwp%2Fv2%2Fcomments&post=53746"}],"version-history":[{"count":2,"href":"https:\/\/radiorevelacionfm.cl\/index.php?rest_route=\/wp\/v2\/posts\/53746\/revisions"}],"predecessor-version":[{"id":53749,"href":"https:\/\/radiorevelacionfm.cl\/index.php?rest_route=\/wp\/v2\/posts\/53746\/revisions\/53749"}],"wp:featuredmedia":[{"embeddable":true,"href":"https:\/\/radiorevelacionfm.cl\/index.php?rest_route=\/wp\/v2\/media\/53747"}],"wp:attachment":[{"href":"https:\/\/radiorevelacionfm.cl\/index.php?rest_route=%2Fwp%2Fv2%2Fmedia&parent=53746"}],"wp:term":[{"taxonomy":"category","embeddable":true,"href":"https:\/\/radiorevelacionfm.cl\/index.php?rest_route=%2Fwp%2Fv2%2Fcategories&post=53746"},{"taxonomy":"post_tag","embeddable":true,"href":"https:\/\/radiorevelacionfm.cl\/index.php?rest_route=%2Fwp%2Fv2%2Ftags&post=53746"}],"curies":[{"name":"wp","href":"https:\/\/api.w.org\/{rel}","templated":true}]}}