{"id":53738,"date":"2025-05-09T18:55:08","date_gmt":"2025-05-09T21:55:08","guid":{"rendered":"https:\/\/radiorevelacionfm.cl\/?p=53738"},"modified":"2025-05-09T18:55:08","modified_gmt":"2025-05-09T21:55:08","slug":"inician-proyecto-de-alumbrado-publico-en-uno-de-los-principales-accesos-a-coyhaique","status":"publish","type":"post","link":"https:\/\/radiorevelacionfm.cl\/?p=53738","title":{"rendered":"Inician proyecto de alumbrado p\u00fablico en uno de los principales accesos a Coyhaique"},"content":{"rendered":"<div class=\"flex_column av_one_full  flex_column_div av-zero-column-padding first  avia-builder-el-0  el_before_av_one_full  avia-builder-el-first  \" style='border-radius:0px; '><div  class='avia-image-container  av-styling-    avia-builder-el-1  avia-builder-el-no-sibling  avia-align-center '  itemprop=\"image\" itemscope=\"itemscope\" itemtype=\"https:\/\/schema.org\/ImageObject\"  ><div class='avia-image-container-inner'><div class='avia-image-overlay-wrap'><img decoding=\"async\" class='wp-image-53739 avia-img-lazy-loading-not-53739 avia_image' src=\"https:\/\/radiorevelacionfm.cl\/wp-content\/uploads\/2025\/05\/54507908749_44561528ea_c-1_optimized-1.jpg\" alt='' title='54507908749_44561528ea_c-(1)_optimized (1)' height=\"600\" width=\"899\"  itemprop=\"thumbnailUrl\" srcset=\"https:\/\/radiorevelacionfm.cl\/wp-content\/uploads\/2025\/05\/54507908749_44561528ea_c-1_optimized-1.jpg 899w, https:\/\/radiorevelacionfm.cl\/wp-content\/uploads\/2025\/05\/54507908749_44561528ea_c-1_optimized-1-300x200.jpg 300w, https:\/\/radiorevelacionfm.cl\/wp-content\/uploads\/2025\/05\/54507908749_44561528ea_c-1_optimized-1-768x513.jpg 768w, https:\/\/radiorevelacionfm.cl\/wp-content\/uploads\/2025\/05\/54507908749_44561528ea_c-1_optimized-1-705x471.jpg 705w, https:\/\/radiorevelacionfm.cl\/wp-content\/uploads\/2025\/05\/54507908749_44561528ea_c-1_optimized-1-450x300.jpg 450w, https:\/\/radiorevelacionfm.cl\/wp-content\/uploads\/2025\/05\/54507908749_44561528ea_c-1_optimized-1-600x400.jpg 600w\" sizes=\"(max-width: 899px) 100vw, 899px\" \/><\/div><\/div><\/div><\/div><div class=\"flex_column av_one_full  flex_column_div av-zero-column-padding first  avia-builder-el-2  el_after_av_one_full  el_before_av_one_full  column-top-margin\" style='border-radius:0px; '><section class=\"av_textblock_section \"  itemscope=\"itemscope\" itemtype=\"https:\/\/schema.org\/BlogPosting\" itemprop=\"blogPost\" ><div class='avia_textblock  '   itemprop=\"text\" ><p style=\"text-align: center;\"><strong><span style=\"font-size: 18pt;\">Inician proyecto de alumbrado p\u00fablico en uno de los principales accesos a Coyhaique<\/span><\/strong><\/p>\n<div id=\"gtx-trans\" style=\"position: absolute; left: -50px; top: 4.31534px;\">\n<div class=\"gtx-trans-icon\"><\/div>\n<\/div>\n<\/div><\/section><\/div><div class=\"flex_column av_one_full  flex_column_div av-zero-column-padding first  avia-builder-el-4  el_after_av_one_full  el_before_av_hr  column-top-margin\" style='border-radius:0px; '><section class=\"av_textblock_section \"  itemscope=\"itemscope\" itemtype=\"https:\/\/schema.org\/BlogPosting\" itemprop=\"blogPost\" ><div class='avia_textblock  '   itemprop=\"text\" ><p style=\"text-align: justify;\">La inversi\u00f3n de m\u00e1s de $152 millones a trav\u00e9s de la Subsecretar\u00eda de Desarrollo Regional y Administrativo (Subdere) permitir\u00e1 entregar mayor seguridad en la circulaci\u00f3n de veh\u00edculos y peatones, ubicado en la recta Foitzick.<\/p>\n<p style=\"text-align: justify;\">9 de mayo de 2025.\u00a0La ma\u00f1ana de este viernes se realiz\u00f3 el hito de la primera piedra que permitir\u00e1 la construcci\u00f3n del alumbrado p\u00fablico en Coyhaique, que estar\u00e1 emplazado en la recta Foitzick, uno de los principales accesos a la comuna. Esta instancia estuvo encabezada por la subsecretaria de Desarrollo Regional y Administrativo (Subdere), Francisca Perales, en compa\u00f1\u00eda del alcalde Carlos Gatica, y el delegado presidencial regional, Jorge D\u00edaz.<\/p>\n<p style=\"text-align: justify;\">\u201cDurante el \u00faltimo a\u00f1o se ha venido desarrollando un trabajo conjunto de planificaci\u00f3n, en el que hemos venido trabajando con estos proyectos que son para mejorar los espacios p\u00fablicos y adem\u00e1s hacerlos m\u00e1s seguros. La primera piedra del proyecto de hoy es una iniciativa muy importante para la seguridad vial de uno de los accesos a la comuna que va a permitir no solamente que los vecinos del sector se sientan m\u00e1s seguros, sino que tambi\u00e9n para los veh\u00edculos que transiten para poder mayor iluminaci\u00f3n, lo que permite prevenir accidentes viales. Esta es una demanda muy sentida por las personas porque es un lugar oscuro y donde pasan los veh\u00edculos a alta velocidad\u201d, sostuvo la subsecretaria Francisca Perales.<\/p>\n<p style=\"text-align: justify;\">Adem\u00e1s, destac\u00f3 que \u201crecuperar espacios p\u00fablicos es bien significativo, ya que permite que las personas que son parte de las comunidades que habitan esos entornos puedan ocupar el espacio p\u00fablico que permita que las familias tambi\u00e9n est\u00e9n presentes, que los ni\u00f1os puedan transitar de forma segura por los espacios, que las plazas que est\u00e9n iluminadas, y el Presidente Gabriel Boric nos ha encargado trabajar fuertemente en este aspecto en conjunto con los municipios. Estamos cercanos a los 880 millones de pesos aportados por la Subdere al municipio y que se suman tambi\u00e9n a los proyectos que hemos desarrollado de recuperaci\u00f3n de otros espacios p\u00fablicos, lo que nos da un total de m\u00e1s $2.300 millones ya invertidos en Coyhaique en los \u00faltimos tres a\u00f1os\u201d.<\/p>\n<p style=\"text-align: justify;\">Por su parte, el delegado presidencial regional de Ays\u00e9n, Jorge D\u00edaz, se\u00f1al\u00f3 que \u201cesta avenida hay que integrarla a la ciudad. Hay que darle un nuevo car\u00e1cter a esta prolongaci\u00f3n de la ciudad. Creemos que los vecinos y los trabajadores de este sector necesitan tambi\u00e9n no solamente buena iluminaci\u00f3n, sino que tambi\u00e9n una buena v\u00eda, vamos a seguir trabajando en aquello\u201d.<\/p>\n<p style=\"text-align: justify;\">Este proyecto tiene una inversi\u00f3n de $152.398.864 los cuales fueron entregados por la Subsecretar\u00eda de Desarrollo Regional y Administrativo, y permitir\u00e1n el suministro e instalaci\u00f3n de luminarias p\u00fablicas en la zona recta Foitzick, as\u00ed como en el sector rural y en el acceso a la localidad de Coyhaique.<\/p>\n<p style=\"text-align: justify;\">El alcalde de Coyhaique, Carlos Gatica, sum\u00f3 que \u201cesto ocurre cuando el Estado est\u00e1 presente, cuando nuestro territorio est\u00e1 expresado en su junta de vecinos, como tambi\u00e9n las empresas que puedan construir este tipo de infraestructura, y se proyecta un espacio de crecimiento para nuestra comuna. Hoy pudimos concretar un compromiso que tenemos con nuestros vecinos de poder ir implementando mecanismos de seguridad que permitan a las familias vivir m\u00e1s dignamente\u201d.<\/p>\n<p style=\"text-align: justify;\">Nancy Garc\u00eda, presidenta de la Junta de Vecinos del sector Salto Chico, afirm\u00f3 que \u201crepresento a 138 familias del sector y estoy muy contenta por este hito, muy contenta de que la comunidad se sienta part\u00edcipe de estos hitos, estamos felices con este proyecto, desde hace un tiempo que esta parte se ha mejorado mucho y esperamos seguir creciendo como comunidad\u201d.<\/p>\n<\/div><\/section><\/div><div  style='height:50px' class='hr hr-invisible   avia-builder-el-6  el_after_av_one_full  el_before_av_social_share '><span class='hr-inner ' ><span class='hr-inner-style'><\/span><\/span><\/div><\/p>\n<div  class='av-social-sharing-box  avia-builder-el-7  el_after_av_hr  el_before_av_hr  '><div class='av-share-box'><h5 class='av-share-link-description av-no-toc '>Compartir esta noticia<\/h5><ul class='av-share-box-list noLightbox'><li class='av-share-link av-social-link-facebook' ><a target=\"_blank\" aria-label=\"Compartir en Facebook\" href='https:\/\/www.facebook.com\/sharer.php?u=https:\/\/radiorevelacionfm.cl\/?p=53738&#038;t=Inician%20proyecto%20de%20alumbrado%20p%C3%BAblico%20en%20uno%20de%20los%20principales%20accesos%20a%20Coyhaique' aria-hidden='false' data-av_icon='\ue8f3' data-av_iconfont='entypo-fontello' title='' data-avia-related-tooltip='Compartir en Facebook' rel=\"noopener\"><span class='avia_hidden_link_text'>Compartir en Facebook<\/span><\/a><\/li><li class='av-share-link av-social-link-twitter' ><a target=\"_blank\" aria-label=\"Compartir en Twitter\" href='https:\/\/twitter.com\/share?text=Inician%20proyecto%20de%20alumbrado%20p%C3%BAblico%20en%20uno%20de%20los%20principales%20accesos%20a%20Coyhaique&#038;url=https:\/\/radiorevelacionfm.cl\/?p=53738' aria-hidden='false' data-av_icon='\ue8f1' data-av_iconfont='entypo-fontello' title='' data-avia-related-tooltip='Compartir en Twitter' rel=\"noopener\"><span class='avia_hidden_link_text'>Compartir en Twitter<\/span><\/a><\/li><li class='av-share-link av-social-link-whatsapp' ><a target=\"_blank\" aria-label=\"Compartir en Whatsapp\" href='https:\/\/api.whatsapp.com\/send?text=https:\/\/radiorevelacionfm.cl\/?p=53738' aria-hidden='false' data-av_icon='\uf232' data-av_iconfont='entypo-fontello' title='' data-avia-related-tooltip='Compartir en Whatsapp' rel=\"noopener\"><span class='avia_hidden_link_text'>Compartir en Whatsapp<\/span><\/a><\/li><li class='av-share-link av-social-link-linkedin' ><a target=\"_blank\" aria-label=\"Compartir en LinkedIn\" href='https:\/\/linkedin.com\/shareArticle?mini=true&#038;title=Inician%20proyecto%20de%20alumbrado%20p%C3%BAblico%20en%20uno%20de%20los%20principales%20accesos%20a%20Coyhaique&#038;url=https:\/\/radiorevelacionfm.cl\/?p=53738' aria-hidden='false' data-av_icon='\ue8fc' data-av_iconfont='entypo-fontello' title='' data-avia-related-tooltip='Compartir en LinkedIn' rel=\"noopener\"><span class='avia_hidden_link_text'>Compartir en LinkedIn<\/span><\/a><\/li><li class='av-share-link av-social-link-mail' ><a  aria-label=\"Compartir por correo\" href='mailto:?subject=Inician%20proyecto%20de%20alumbrado%20p%C3%BAblico%20en%20uno%20de%20los%20principales%20accesos%20a%20Coyhaique&#038;body=https:\/\/radiorevelacionfm.cl\/?p=53738' aria-hidden='false' data-av_icon='\ue805' data-av_iconfont='entypo-fontello' title='' data-avia-related-tooltip='Compartir por correo'><span class='avia_hidden_link_text'>Compartir por correo<\/span><\/a><\/li><\/ul><\/div><\/div>\n<div  style='height:50px' class='hr hr-invisible   avia-builder-el-8  el_after_av_social_share  el_before_av_comments_list '><span class='hr-inner ' ><span class='hr-inner-style'><\/span><\/span><\/div>\n<div  class='av-buildercomment  av-blog-meta-html-info-disabled av-blog-meta-tag-disabled  '><\/div>\n","protected":false},"excerpt":{"rendered":"","protected":false},"author":1,"featured_media":53739,"comment_status":"closed","ping_status":"closed","sticky":false,"template":"","format":"standard","meta":{"footnotes":""},"categories":[38],"tags":[],"class_list":["post-53738","post","type-post","status-publish","format-standard","has-post-thumbnail","hentry","category-regional"],"jetpack_featured_media_url":"https:\/\/radiorevelacionfm.cl\/wp-content\/uploads\/2025\/05\/54507908749_44561528ea_c-1_optimized-1.jpg","_links":{"self":[{"href":"https:\/\/radiorevelacionfm.cl\/index.php?rest_route=\/wp\/v2\/posts\/53738","targetHints":{"allow":["GET"]}}],"collection":[{"href":"https:\/\/radiorevelacionfm.cl\/index.php?rest_route=\/wp\/v2\/posts"}],"about":[{"href":"https:\/\/radiorevelacionfm.cl\/index.php?rest_route=\/wp\/v2\/types\/post"}],"author":[{"embeddable":true,"href":"https:\/\/radiorevelacionfm.cl\/index.php?rest_route=\/wp\/v2\/users\/1"}],"replies":[{"embeddable":true,"href":"https:\/\/radiorevelacionfm.cl\/index.php?rest_route=%2Fwp%2Fv2%2Fcomments&post=53738"}],"version-history":[{"count":2,"href":"https:\/\/radiorevelacionfm.cl\/index.php?rest_route=\/wp\/v2\/posts\/53738\/revisions"}],"predecessor-version":[{"id":53745,"href":"https:\/\/radiorevelacionfm.cl\/index.php?rest_route=\/wp\/v2\/posts\/53738\/revisions\/53745"}],"wp:featuredmedia":[{"embeddable":true,"href":"https:\/\/radiorevelacionfm.cl\/index.php?rest_route=\/wp\/v2\/media\/53739"}],"wp:attachment":[{"href":"https:\/\/radiorevelacionfm.cl\/index.php?rest_route=%2Fwp%2Fv2%2Fmedia&parent=53738"}],"wp:term":[{"taxonomy":"category","embeddable":true,"href":"https:\/\/radiorevelacionfm.cl\/index.php?rest_route=%2Fwp%2Fv2%2Fcategories&post=53738"},{"taxonomy":"post_tag","embeddable":true,"href":"https:\/\/radiorevelacionfm.cl\/index.php?rest_route=%2Fwp%2Fv2%2Ftags&post=53738"}],"curies":[{"name":"wp","href":"https:\/\/api.w.org\/{rel}","templated":true}]}}