{"id":53732,"date":"2025-05-10T13:01:28","date_gmt":"2025-05-10T16:01:28","guid":{"rendered":"https:\/\/radiorevelacionfm.cl\/?p=53732"},"modified":"2025-05-10T13:01:28","modified_gmt":"2025-05-10T16:01:28","slug":"sernapesca-y-cft-estatal-region-de-aysen-firman-importante-convenio","status":"publish","type":"post","link":"https:\/\/radiorevelacionfm.cl\/?p=53732","title":{"rendered":"Sernapesca y CFT Estatal Regi\u00f3n de Ays\u00e9n firman importante convenio"},"content":{"rendered":"<div class=\"flex_column av_one_full  flex_column_div av-zero-column-padding first  avia-builder-el-0  el_before_av_one_full  avia-builder-el-first  \" style='border-radius:0px; '><div  class='avia-image-container  av-styling-    avia-builder-el-1  avia-builder-el-no-sibling  avia-align-center '  itemprop=\"image\" itemscope=\"itemscope\" itemtype=\"https:\/\/schema.org\/ImageObject\"  ><div class='avia-image-container-inner'><div class='avia-image-overlay-wrap'><img decoding=\"async\" class='wp-image-53733 avia-img-lazy-loading-not-53733 avia_image' src=\"https:\/\/radiorevelacionfm.cl\/wp-content\/uploads\/2025\/05\/10-28-1-1.jpg\" alt='' title='10 (28) (1) (1)' height=\"600\" width=\"800\"  itemprop=\"thumbnailUrl\" srcset=\"https:\/\/radiorevelacionfm.cl\/wp-content\/uploads\/2025\/05\/10-28-1-1.jpg 800w, https:\/\/radiorevelacionfm.cl\/wp-content\/uploads\/2025\/05\/10-28-1-1-300x225.jpg 300w, https:\/\/radiorevelacionfm.cl\/wp-content\/uploads\/2025\/05\/10-28-1-1-768x576.jpg 768w, https:\/\/radiorevelacionfm.cl\/wp-content\/uploads\/2025\/05\/10-28-1-1-705x529.jpg 705w, https:\/\/radiorevelacionfm.cl\/wp-content\/uploads\/2025\/05\/10-28-1-1-450x338.jpg 450w, https:\/\/radiorevelacionfm.cl\/wp-content\/uploads\/2025\/05\/10-28-1-1-600x450.jpg 600w\" sizes=\"(max-width: 800px) 100vw, 800px\" \/><\/div><\/div><\/div><\/div><div class=\"flex_column av_one_full  flex_column_div av-zero-column-padding first  avia-builder-el-2  el_after_av_one_full  el_before_av_one_full  column-top-margin\" style='border-radius:0px; '><section class=\"av_textblock_section \"  itemscope=\"itemscope\" itemtype=\"https:\/\/schema.org\/BlogPosting\" itemprop=\"blogPost\" ><div class='avia_textblock  '   itemprop=\"text\" ><p style=\"font-weight: 400; text-align: center;\"><span style=\"font-size: 18pt;\"><strong>Sernapesca y CFT Estatal Regi\u00f3n de Ays\u00e9n firman importante convenio<\/strong><\/span><\/p>\n<p style=\"font-weight: 400;\"><strong>\u00a0<\/strong><\/p>\n<div id=\"gtx-trans\" style=\"position: absolute; left: -50px; top: 4.31534px;\">\n<div class=\"gtx-trans-icon\"><\/div>\n<\/div>\n<\/div><\/section><\/div><div class=\"flex_column av_one_full  flex_column_div av-zero-column-padding first  avia-builder-el-4  el_after_av_one_full  el_before_av_hr  column-top-margin\" style='border-radius:0px; '><section class=\"av_textblock_section \"  itemscope=\"itemscope\" itemtype=\"https:\/\/schema.org\/BlogPosting\" itemprop=\"blogPost\" ><div class='avia_textblock  '   itemprop=\"text\" ><p style=\"font-weight: 400; text-align: justify;\">Con la firma de la directora nacional del Servicio Nacional de Pesca y Acuicultura (Sernapesca), Soledad Tapia, y el rector (i) del Centro de Formaci\u00f3n T\u00e9cnica (CFT) Estatal Regi\u00f3n de Ays\u00e9n, Christopher Contreras, se concret\u00f3 un convenio de colaboraci\u00f3n entre ambas instituciones.<\/p>\n<p style=\"font-weight: 400; text-align: justify;\">El convenio busca establecer mecanismos de colaboraci\u00f3n rec\u00edproca entre el Servicio Nacional de Pesca y Acuicultura y el CFT Estatal Regi\u00f3n de Ays\u00e9n, con el prop\u00f3sito de incentivar la participaci\u00f3n de profesionales del Servicio como potenciales docentes, as\u00ed como su vinculaci\u00f3n en programas o actividades acad\u00e9micas que aporten a la formaci\u00f3n de las y los estudiantes.<\/p>\n<p style=\"font-weight: 400; text-align: justify;\">A esto se suma la posibilidad de realizar pasant\u00edas y pr\u00e1cticas profesionales de estudiantes del CFT en dependencias de Sernapesca, as\u00ed como la propuesta de temas de investigaci\u00f3n para tesistas en \u00e1reas priorizadas para investigaci\u00f3n por parte del Servicio para promover la sustentabilidad de la pesca, acuicultura y los ecosistemas marinos, y la organizaci\u00f3n conjunta de actividades acad\u00e9micas como seminarios, congresos y foros.<\/p>\n<p style=\"font-weight: 400; text-align: justify;\">Daniela Leiva, directora regional de Sernapesca en Ays\u00e9n se refiri\u00f3 a la importancia de la firma de este convenio gestionado por la Escuela de Fiscalizaci\u00f3n de la instituci\u00f3n: \u201cEste convenio es de gran importancia para nuestra regi\u00f3n. Se trata de un acuerdo de alcance nacional, firmado por nuestra directora nacional, Soledad Tapia, que refleja el compromiso de quienes trabajamos en el servicio p\u00fablico por fortalecer el aprendizaje de los estudiantes de nuestro territorio, siempre dentro del marco de nuestras funciones. En la regi\u00f3n contamos con excelentes profesionales, principalmente m\u00e9dicos veterinarios y bi\u00f3logos marinos, quienes participan con entusiasmo en charlas y capacitaciones, compartiendo nuestro quehacer institucional y sus conocimientos desde sus respectivas \u00e1reas.\u201d<\/p>\n<p style=\"font-weight: 400; text-align: justify;\">Este convenio no solo promueve la vinculaci\u00f3n entre el CFT y Sernapesca, sino que tambi\u00e9n aporta al fortalecimiento en la formaci\u00f3n de t\u00e9cnicos calificados en la regi\u00f3n, contribuyendo a una formaci\u00f3n alineada con las necesidades de la zona. Se espera que esta colaboraci\u00f3n tenga un impacto positivo en las y los egresados.<\/p>\n<\/div><\/section><\/div><div  style='height:50px' class='hr hr-invisible   avia-builder-el-6  el_after_av_one_full  el_before_av_social_share '><span class='hr-inner ' ><span class='hr-inner-style'><\/span><\/span><\/div><\/p>\n<div  class='av-social-sharing-box  avia-builder-el-7  el_after_av_hr  el_before_av_hr  '><div class='av-share-box'><h5 class='av-share-link-description av-no-toc '>Compartir esta noticia<\/h5><ul class='av-share-box-list noLightbox'><li class='av-share-link av-social-link-facebook' ><a target=\"_blank\" aria-label=\"Compartir en Facebook\" href='https:\/\/www.facebook.com\/sharer.php?u=https:\/\/radiorevelacionfm.cl\/?p=53732&#038;t=Sernapesca%20y%20CFT%20Estatal%20Regi%C3%B3n%20de%20Ays%C3%A9n%20firman%20importante%20convenio' aria-hidden='false' data-av_icon='\ue8f3' data-av_iconfont='entypo-fontello' title='' data-avia-related-tooltip='Compartir en Facebook' rel=\"noopener\"><span class='avia_hidden_link_text'>Compartir en Facebook<\/span><\/a><\/li><li class='av-share-link av-social-link-twitter' ><a target=\"_blank\" aria-label=\"Compartir en Twitter\" href='https:\/\/twitter.com\/share?text=Sernapesca%20y%20CFT%20Estatal%20Regi%C3%B3n%20de%20Ays%C3%A9n%20firman%20importante%20convenio&#038;url=https:\/\/radiorevelacionfm.cl\/?p=53732' aria-hidden='false' data-av_icon='\ue8f1' data-av_iconfont='entypo-fontello' title='' data-avia-related-tooltip='Compartir en Twitter' rel=\"noopener\"><span class='avia_hidden_link_text'>Compartir en Twitter<\/span><\/a><\/li><li class='av-share-link av-social-link-whatsapp' ><a target=\"_blank\" aria-label=\"Compartir en Whatsapp\" href='https:\/\/api.whatsapp.com\/send?text=https:\/\/radiorevelacionfm.cl\/?p=53732' aria-hidden='false' data-av_icon='\uf232' data-av_iconfont='entypo-fontello' title='' data-avia-related-tooltip='Compartir en Whatsapp' rel=\"noopener\"><span class='avia_hidden_link_text'>Compartir en Whatsapp<\/span><\/a><\/li><li class='av-share-link av-social-link-linkedin' ><a target=\"_blank\" aria-label=\"Compartir en LinkedIn\" href='https:\/\/linkedin.com\/shareArticle?mini=true&#038;title=Sernapesca%20y%20CFT%20Estatal%20Regi%C3%B3n%20de%20Ays%C3%A9n%20firman%20importante%20convenio&#038;url=https:\/\/radiorevelacionfm.cl\/?p=53732' aria-hidden='false' data-av_icon='\ue8fc' data-av_iconfont='entypo-fontello' title='' data-avia-related-tooltip='Compartir en LinkedIn' rel=\"noopener\"><span class='avia_hidden_link_text'>Compartir en LinkedIn<\/span><\/a><\/li><li class='av-share-link av-social-link-mail' ><a  aria-label=\"Compartir por correo\" href='mailto:?subject=Sernapesca%20y%20CFT%20Estatal%20Regi%C3%B3n%20de%20Ays%C3%A9n%20firman%20importante%20convenio&#038;body=https:\/\/radiorevelacionfm.cl\/?p=53732' aria-hidden='false' data-av_icon='\ue805' data-av_iconfont='entypo-fontello' title='' data-avia-related-tooltip='Compartir por correo'><span class='avia_hidden_link_text'>Compartir por correo<\/span><\/a><\/li><\/ul><\/div><\/div>\n<div  style='height:50px' class='hr hr-invisible   avia-builder-el-8  el_after_av_social_share  el_before_av_comments_list '><span class='hr-inner ' ><span class='hr-inner-style'><\/span><\/span><\/div>\n<div  class='av-buildercomment  av-blog-meta-html-info-disabled av-blog-meta-tag-disabled  '><\/div>\n","protected":false},"excerpt":{"rendered":"","protected":false},"author":1,"featured_media":53733,"comment_status":"closed","ping_status":"closed","sticky":false,"template":"","format":"standard","meta":{"footnotes":""},"categories":[60],"tags":[],"class_list":["post-53732","post","type-post","status-publish","format-standard","has-post-thumbnail","hentry","category-pesca"],"jetpack_featured_media_url":"https:\/\/radiorevelacionfm.cl\/wp-content\/uploads\/2025\/05\/10-28-1-1.jpg","_links":{"self":[{"href":"https:\/\/radiorevelacionfm.cl\/index.php?rest_route=\/wp\/v2\/posts\/53732","targetHints":{"allow":["GET"]}}],"collection":[{"href":"https:\/\/radiorevelacionfm.cl\/index.php?rest_route=\/wp\/v2\/posts"}],"about":[{"href":"https:\/\/radiorevelacionfm.cl\/index.php?rest_route=\/wp\/v2\/types\/post"}],"author":[{"embeddable":true,"href":"https:\/\/radiorevelacionfm.cl\/index.php?rest_route=\/wp\/v2\/users\/1"}],"replies":[{"embeddable":true,"href":"https:\/\/radiorevelacionfm.cl\/index.php?rest_route=%2Fwp%2Fv2%2Fcomments&post=53732"}],"version-history":[{"count":2,"href":"https:\/\/radiorevelacionfm.cl\/index.php?rest_route=\/wp\/v2\/posts\/53732\/revisions"}],"predecessor-version":[{"id":53752,"href":"https:\/\/radiorevelacionfm.cl\/index.php?rest_route=\/wp\/v2\/posts\/53732\/revisions\/53752"}],"wp:featuredmedia":[{"embeddable":true,"href":"https:\/\/radiorevelacionfm.cl\/index.php?rest_route=\/wp\/v2\/media\/53733"}],"wp:attachment":[{"href":"https:\/\/radiorevelacionfm.cl\/index.php?rest_route=%2Fwp%2Fv2%2Fmedia&parent=53732"}],"wp:term":[{"taxonomy":"category","embeddable":true,"href":"https:\/\/radiorevelacionfm.cl\/index.php?rest_route=%2Fwp%2Fv2%2Fcategories&post=53732"},{"taxonomy":"post_tag","embeddable":true,"href":"https:\/\/radiorevelacionfm.cl\/index.php?rest_route=%2Fwp%2Fv2%2Ftags&post=53732"}],"curies":[{"name":"wp","href":"https:\/\/api.w.org\/{rel}","templated":true}]}}