{"id":5373,"date":"2021-06-17T10:42:46","date_gmt":"2021-06-17T13:42:46","guid":{"rendered":"https:\/\/radiorevelacionfm.cl\/?p=5373"},"modified":"2021-06-17T10:42:46","modified_gmt":"2021-06-17T13:42:46","slug":"concejala-e-por-aysen-cree-que-es-necesario-aumentar-ayudas-sociales-en-materia-de-calefaccion","status":"publish","type":"post","link":"https:\/\/radiorevelacionfm.cl\/?p=5373","title":{"rendered":"Concejala (e) por Ays\u00e9n cree que es necesario aumentar ayudas sociales en materia de calefacci\u00f3n"},"content":{"rendered":"<div class=\"flex_column av_one_full  flex_column_div av-zero-column-padding first  avia-builder-el-0  el_before_av_one_full  avia-builder-el-first  \" style='border-radius:0px; '><div  class='avia-image-container  av-styling-    avia-builder-el-1  avia-builder-el-no-sibling  avia-align-center '  itemprop=\"image\" itemscope=\"itemscope\" itemtype=\"https:\/\/schema.org\/ImageObject\"  ><div class='avia-image-container-inner'><div class='avia-image-overlay-wrap'><img decoding=\"async\" class='wp-image-5374 avia-img-lazy-loading-not-5374 avia_image' src=\"https:\/\/radiorevelacionfm.cl\/wp-content\/uploads\/2021\/06\/TATIANA-1.1-1.jpg\" alt='' title='TATIANA 1.1 (1)' height=\"749\" width=\"1079\"  itemprop=\"thumbnailUrl\" srcset=\"https:\/\/radiorevelacionfm.cl\/wp-content\/uploads\/2021\/06\/TATIANA-1.1-1.jpg 1079w, https:\/\/radiorevelacionfm.cl\/wp-content\/uploads\/2021\/06\/TATIANA-1.1-1-300x208.jpg 300w, https:\/\/radiorevelacionfm.cl\/wp-content\/uploads\/2021\/06\/TATIANA-1.1-1-1030x715.jpg 1030w, https:\/\/radiorevelacionfm.cl\/wp-content\/uploads\/2021\/06\/TATIANA-1.1-1-768x533.jpg 768w, https:\/\/radiorevelacionfm.cl\/wp-content\/uploads\/2021\/06\/TATIANA-1.1-1-705x489.jpg 705w, https:\/\/radiorevelacionfm.cl\/wp-content\/uploads\/2021\/06\/TATIANA-1.1-1-600x416.jpg 600w\" sizes=\"(max-width: 1079px) 100vw, 1079px\" \/><\/div><\/div><\/div><\/div><div class=\"flex_column av_one_full  flex_column_div av-zero-column-padding first  avia-builder-el-2  el_after_av_one_full  el_before_av_one_full  column-top-margin\" style='border-radius:0px; '><section class=\"av_textblock_section \"  itemscope=\"itemscope\" itemtype=\"https:\/\/schema.org\/BlogPosting\" itemprop=\"blogPost\" ><div class='avia_textblock  '   itemprop=\"text\" ><p style=\"text-align: center;\"><strong><span style=\"font-size: 18pt;\">Concejala (e) por Ays\u00e9n cree que es necesario aumentar ayudas sociales en materia de calefacci\u00f3n <\/span><\/strong><\/p>\n<div id=\"gtx-trans\" style=\"position: absolute; left: -50px; top: 4.31534px;\">\n<div class=\"gtx-trans-icon\"><\/div>\n<\/div>\n<\/div><\/section><\/div><div class=\"flex_column av_one_full  flex_column_div av-zero-column-padding first  avia-builder-el-4  el_after_av_one_full  el_before_av_hr  column-top-margin\" style='border-radius:0px; '><section class=\"av_textblock_section \"  itemscope=\"itemscope\" itemtype=\"https:\/\/schema.org\/BlogPosting\" itemprop=\"blogPost\" ><div class='avia_textblock  '   itemprop=\"text\" ><p style=\"text-align: justify;\">Durante estos d\u00edas hemos conocido la preocupaci\u00f3n y malestar de dirigentes y vecinos en torno a los altos precios que alcanz\u00f3 el metro de le\u00f1a principalmente en Puerto Ays\u00e9n. Hecho tiene a\u00fan m\u00e1s preocupadas a las familias m\u00e1s vulnerables y a los adultos mayores que para ellos el valor de este combustible natural se ha vuelto pr\u00e1cticamente inalcanzable.<\/p>\n<p style=\"text-align: justify;\">Junto con anunciar que este es uno de los temas que podr\u00e1 sobre la mesa del Concejo Municipal, la Concejala electa por Ays\u00e9n, Tatiana Villarroel, lament\u00f3 que por estos d\u00edas est\u00e9 ocurriendo esta situaci\u00f3n con los valores que paga la gente por el metro de le\u00f1a.<\/p>\n<p style=\"text-align: justify;\">\u201cRealmente una situaci\u00f3n muy preocupante, donde en estos \u00faltimos d\u00edas ha llegado la informaci\u00f3n de que el metro de le\u00f1a llega hasta 55 mil pesos. Un metro de le\u00f1a para una familia adem\u00e1s de pagar ese valor, tienen que buscar a alguien que la corte y si es adulto mayor y vivo solo o sola, debe buscar a la persona que entre la le\u00f1a, entonces, estamos hablado sobre 60 mil pesos por metro. As\u00ed es que, es muy preocupante para toda la comunidad, cuando hay familias que son numerosas, que los ni\u00f1os no est\u00e1n en clases, que pasan la mayor parte del tiempo en la casa y con las temperaturas que hemos tenido y vamos a seguir teniendo, van a tener que mantener fuego gran parte del d\u00eda. Esto quiere decir que, un metro de le\u00f1a podr\u00eda estar durando una a dos semanas con mucha suerte\u201d.<\/p>\n<p style=\"text-align: justify;\">Tatiana Villarrroel, cree que una ayuda claramente es el subsidio a la calefacci\u00f3n, pero est\u00e1 el caso de nuestros adultos mayores, para quienes con sus bajas pensiones este apoyo es importante pero tambi\u00e9n son muchas las necesidades.<\/p>\n<p style=\"text-align: justify;\">\u201cTenemos el subsidio a la calefacci\u00f3n (ex bono le\u00f1a), que entrega el Estado, son 100 mil pesos, con eso una familia alcanza a comprar con suerte dos metros de le\u00f1a. Pensamos tambi\u00e9n en las familias que no reciben este bono, pensamos tambi\u00e9n en los adultos mayores que reciben pensiones de alrededor de 130 mil pesos, con eso tienen que costear sus insumos b\u00e1sicos como luz, agua, gas y ahora m\u00e1s encima con el alto precio de la le\u00f1a es imposible para el bolsillo de cualquier persona, de cualquier familia de nuestra comuna poder sustentar esto\u201d.<\/p>\n<p style=\"text-align: justify;\">Como insuficientes, calific\u00f3 la Concejala electa por Ays\u00e9n las ayudas que otorga el Gobierno en materia de calefacci\u00f3n y a ello se suma que los valores del metro de le\u00f1a tampoco han sido regulados.<\/p>\n<p style=\"text-align: justify;\">\u201cEl valor de la le\u00f1a no est\u00e1 regulado, yo s\u00e9 que tambi\u00e9n se entregan ayudas por parte de la Gobernaci\u00f3n Provincial, que son por ejemplo, la le\u00f1a que se entrega a los clubes de adultos mayores o alguna familia que realmente lo necesite por intermedio de Conaf, pero eso no es suficiente. Y no es suficiente sobre todo cuando hay un tipo de calefacci\u00f3n que no est\u00e1 regulado, que su precio esta inflado y cuando es primera necesidad dentro de lo que en calefacci\u00f3n se trata dentro de la comunidad. Esta es una situaci\u00f3n que como Concejal electa nos preocupa, como todas aquellas cosas que afecten a los vecinos\u201d.<\/p>\n<p style=\"text-align: justify;\">Tatiana Villarroel, reiter\u00f3 que este ser\u00e1 uno de los temas que buscar\u00e1 se aborde en el Concejo Municipal, que se busquen las alternativas disponibles para que los organismos que corresponde fiscalicen y se logre regular los precios de la le\u00f1a. As\u00ed mismo, fue clara en se\u00f1alar que, con esta situaci\u00f3n se espera que no suban otras alternativas que hoy est\u00e1 comenzando a utilizar la comunidad como el pellet o la parafina. Por ello, reiter\u00f3 que es importante que las autoridades hagan algo urgente y en bien de la comunidad, que necesita respuestas concretas, manifestando su voluntad de ser parte de instancias de trabajo que den soluci\u00f3n a este problema que hoy tiene preocupadas a muchas familias de la comuna y regi\u00f3n de Ays\u00e9n.<\/p>\n<\/div><\/section><\/div><div  style='height:50px' class='hr hr-invisible   avia-builder-el-6  el_after_av_one_full  el_before_av_social_share '><span class='hr-inner ' ><span class='hr-inner-style'><\/span><\/span><\/div><\/p>\n<div  class='av-social-sharing-box  avia-builder-el-7  el_after_av_hr  el_before_av_hr  '><div class='av-share-box'><h5 class='av-share-link-description av-no-toc '>Compartir esta noticia<\/h5><ul class='av-share-box-list noLightbox'><li class='av-share-link av-social-link-facebook' ><a target=\"_blank\" aria-label=\"Compartir en Facebook\" href='https:\/\/www.facebook.com\/sharer.php?u=https:\/\/radiorevelacionfm.cl\/?p=5373&#038;t=Concejala%20%28e%29%20por%20Ays%C3%A9n%20cree%20que%20es%20necesario%20aumentar%20ayudas%20sociales%20en%20materia%20de%20calefacci%C3%B3n' aria-hidden='false' data-av_icon='\ue8f3' data-av_iconfont='entypo-fontello' title='' data-avia-related-tooltip='Compartir en Facebook' rel=\"noopener\"><span class='avia_hidden_link_text'>Compartir en Facebook<\/span><\/a><\/li><li class='av-share-link av-social-link-twitter' ><a target=\"_blank\" aria-label=\"Compartir en Twitter\" href='https:\/\/twitter.com\/share?text=Concejala%20%28e%29%20por%20Ays%C3%A9n%20cree%20que%20es%20necesario%20aumentar%20ayudas%20sociales%20en%20materia%20de%20calefacci%C3%B3n&#038;url=https:\/\/radiorevelacionfm.cl\/?p=5373' aria-hidden='false' data-av_icon='\ue8f1' data-av_iconfont='entypo-fontello' title='' data-avia-related-tooltip='Compartir en Twitter' rel=\"noopener\"><span class='avia_hidden_link_text'>Compartir en Twitter<\/span><\/a><\/li><li class='av-share-link av-social-link-whatsapp' ><a target=\"_blank\" aria-label=\"Compartir en Whatsapp\" href='https:\/\/api.whatsapp.com\/send?text=https:\/\/radiorevelacionfm.cl\/?p=5373' aria-hidden='false' data-av_icon='\uf232' data-av_iconfont='entypo-fontello' title='' data-avia-related-tooltip='Compartir en Whatsapp' rel=\"noopener\"><span class='avia_hidden_link_text'>Compartir en Whatsapp<\/span><\/a><\/li><li class='av-share-link av-social-link-linkedin' ><a target=\"_blank\" aria-label=\"Compartir en LinkedIn\" href='https:\/\/linkedin.com\/shareArticle?mini=true&#038;title=Concejala%20%28e%29%20por%20Ays%C3%A9n%20cree%20que%20es%20necesario%20aumentar%20ayudas%20sociales%20en%20materia%20de%20calefacci%C3%B3n&#038;url=https:\/\/radiorevelacionfm.cl\/?p=5373' aria-hidden='false' data-av_icon='\ue8fc' data-av_iconfont='entypo-fontello' title='' data-avia-related-tooltip='Compartir en LinkedIn' rel=\"noopener\"><span class='avia_hidden_link_text'>Compartir en LinkedIn<\/span><\/a><\/li><li class='av-share-link av-social-link-mail' ><a  aria-label=\"Compartir por correo\" href='mailto:?subject=Concejala%20%28e%29%20por%20Ays%C3%A9n%20cree%20que%20es%20necesario%20aumentar%20ayudas%20sociales%20en%20materia%20de%20calefacci%C3%B3n&#038;body=https:\/\/radiorevelacionfm.cl\/?p=5373' aria-hidden='false' data-av_icon='\ue805' data-av_iconfont='entypo-fontello' title='' data-avia-related-tooltip='Compartir por correo'><span class='avia_hidden_link_text'>Compartir por correo<\/span><\/a><\/li><\/ul><\/div><\/div>\n<div  style='height:50px' class='hr hr-invisible   avia-builder-el-8  el_after_av_social_share  el_before_av_comments_list '><span class='hr-inner ' ><span class='hr-inner-style'><\/span><\/span><\/div>\n<div  class='av-buildercomment  av-blog-meta-html-info-disabled av-blog-meta-tag-disabled  '><\/div>\n","protected":false},"excerpt":{"rendered":"","protected":false},"author":1,"featured_media":5374,"comment_status":"open","ping_status":"open","sticky":false,"template":"","format":"standard","meta":{"footnotes":""},"categories":[38],"tags":[],"class_list":["post-5373","post","type-post","status-publish","format-standard","has-post-thumbnail","hentry","category-regional"],"jetpack_featured_media_url":"https:\/\/radiorevelacionfm.cl\/wp-content\/uploads\/2021\/06\/TATIANA-1.1-1.jpg","_links":{"self":[{"href":"https:\/\/radiorevelacionfm.cl\/index.php?rest_route=\/wp\/v2\/posts\/5373","targetHints":{"allow":["GET"]}}],"collection":[{"href":"https:\/\/radiorevelacionfm.cl\/index.php?rest_route=\/wp\/v2\/posts"}],"about":[{"href":"https:\/\/radiorevelacionfm.cl\/index.php?rest_route=\/wp\/v2\/types\/post"}],"author":[{"embeddable":true,"href":"https:\/\/radiorevelacionfm.cl\/index.php?rest_route=\/wp\/v2\/users\/1"}],"replies":[{"embeddable":true,"href":"https:\/\/radiorevelacionfm.cl\/index.php?rest_route=%2Fwp%2Fv2%2Fcomments&post=5373"}],"version-history":[{"count":1,"href":"https:\/\/radiorevelacionfm.cl\/index.php?rest_route=\/wp\/v2\/posts\/5373\/revisions"}],"predecessor-version":[{"id":5375,"href":"https:\/\/radiorevelacionfm.cl\/index.php?rest_route=\/wp\/v2\/posts\/5373\/revisions\/5375"}],"wp:featuredmedia":[{"embeddable":true,"href":"https:\/\/radiorevelacionfm.cl\/index.php?rest_route=\/wp\/v2\/media\/5374"}],"wp:attachment":[{"href":"https:\/\/radiorevelacionfm.cl\/index.php?rest_route=%2Fwp%2Fv2%2Fmedia&parent=5373"}],"wp:term":[{"taxonomy":"category","embeddable":true,"href":"https:\/\/radiorevelacionfm.cl\/index.php?rest_route=%2Fwp%2Fv2%2Fcategories&post=5373"},{"taxonomy":"post_tag","embeddable":true,"href":"https:\/\/radiorevelacionfm.cl\/index.php?rest_route=%2Fwp%2Fv2%2Ftags&post=5373"}],"curies":[{"name":"wp","href":"https:\/\/api.w.org\/{rel}","templated":true}]}}