{"id":53729,"date":"2025-05-10T15:32:26","date_gmt":"2025-05-10T18:32:26","guid":{"rendered":"https:\/\/radiorevelacionfm.cl\/?p=53729"},"modified":"2025-05-10T15:32:26","modified_gmt":"2025-05-10T18:32:26","slug":"del-bosque-nativo-a-la-selva-de-cemento-rolando-formon-presenta-nuevo-single-en-santiago-y-es-parte-de-la-competencia-oficial-del-festival-sam","status":"publish","type":"post","link":"https:\/\/radiorevelacionfm.cl\/?p=53729","title":{"rendered":"Del bosque nativo a la selva de cemento: Rolando Form\u00f3n presenta nuevo single en Santiago y es parte de la competencia oficial del festival SAM"},"content":{"rendered":"<div class=\"flex_column av_one_full  flex_column_div av-zero-column-padding first  avia-builder-el-0  el_before_av_one_full  avia-builder-el-first  \" style='border-radius:0px; '><div  class='avia-image-container  av-styling-    avia-builder-el-1  avia-builder-el-no-sibling  avia-align-center '  itemprop=\"image\" itemscope=\"itemscope\" itemtype=\"https:\/\/schema.org\/ImageObject\"  ><div class='avia-image-container-inner'><div class='avia-image-overlay-wrap'><img decoding=\"async\" class='wp-image-53730 avia-img-lazy-loading-not-53730 avia_image' src=\"https:\/\/radiorevelacionfm.cl\/wp-content\/uploads\/2025\/05\/rolando-9-05-1_optimized.jpg\" alt='' title='rolando-9-05-(1)_optimized' height=\"600\" width=\"898\"  itemprop=\"thumbnailUrl\" srcset=\"https:\/\/radiorevelacionfm.cl\/wp-content\/uploads\/2025\/05\/rolando-9-05-1_optimized.jpg 898w, https:\/\/radiorevelacionfm.cl\/wp-content\/uploads\/2025\/05\/rolando-9-05-1_optimized-300x200.jpg 300w, https:\/\/radiorevelacionfm.cl\/wp-content\/uploads\/2025\/05\/rolando-9-05-1_optimized-768x513.jpg 768w, https:\/\/radiorevelacionfm.cl\/wp-content\/uploads\/2025\/05\/rolando-9-05-1_optimized-705x471.jpg 705w, https:\/\/radiorevelacionfm.cl\/wp-content\/uploads\/2025\/05\/rolando-9-05-1_optimized-450x301.jpg 450w, https:\/\/radiorevelacionfm.cl\/wp-content\/uploads\/2025\/05\/rolando-9-05-1_optimized-600x401.jpg 600w\" sizes=\"(max-width: 898px) 100vw, 898px\" \/><\/div><\/div><\/div><\/div><div class=\"flex_column av_one_full  flex_column_div av-zero-column-padding first  avia-builder-el-2  el_after_av_one_full  el_before_av_one_full  column-top-margin\" style='border-radius:0px; '><section class=\"av_textblock_section \"  itemscope=\"itemscope\" itemtype=\"https:\/\/schema.org\/BlogPosting\" itemprop=\"blogPost\" ><div class='avia_textblock  '   itemprop=\"text\" ><p style=\"text-align: center;\"><strong><span style=\"font-size: 18pt;\">Del bosque nativo a la selva de cemento: Rolando Form\u00f3n presenta nuevo single en Santiago y es parte de la competencia oficial del festival SAM<\/span><\/strong><\/p>\n<div id=\"gtx-trans\" style=\"position: absolute; left: -50px; top: 4.31534px;\">\n<div class=\"gtx-trans-icon\"><\/div>\n<\/div>\n<\/div><\/section><\/div><div class=\"flex_column av_one_full  flex_column_div av-zero-column-padding first  avia-builder-el-4  el_after_av_one_full  el_before_av_hr  column-top-margin\" style='border-radius:0px; '><section class=\"av_textblock_section \"  itemscope=\"itemscope\" itemtype=\"https:\/\/schema.org\/BlogPosting\" itemprop=\"blogPost\" ><div class='avia_textblock  '   itemprop=\"text\" ><p style=\"text-align: justify;\"><em>Este 11 de mayo se conocen los ganadores a mejor videoclip, donde el m\u00fasico compite en las 13 categor\u00edas del certamen con su segundo trabajo llamado \u201cViajes Cortos\u201d.<\/em><\/p>\n<p style=\"text-align: justify;\">Como todo sure\u00f1o, Rolando Form\u00f3n tom\u00f3 sus pilchas y se traslad\u00f3 a Santiago de Chile para exponer su m\u00fasica y participar de la selecci\u00f3n oficial en la tercera versi\u00f3n del festival SAM, instancia que reconoce a la disciplina del videoclip y que se realiza actualmente en el Espacio Citylab del Centro Cultural Gabriela Mistral (GAM), en Santiago de Chile hasta el 11 de mayo de 2025.<\/p>\n<p style=\"text-align: justify;\">Ac\u00e1 Form\u00f3n postula con su segundo videoclip \u201cViajes Cortos\u201d, dirigido por Gabriel Asenie Urra, un trabajo grabado en plena estepa patag\u00f3nica nevada, donde se aprecian distintos \u00edconos de la vida aysenina como lo es la cocina a le\u00f1a, sus palos, el hacha, el mate y la tetera, arte que estuvo a cargo de Marianella Quinteros.<\/p>\n<p style=\"text-align: justify;\">El m\u00fasico de Chile Chico adem\u00e1s present\u00f3 este mi\u00e9rcoles 7 de mayo frente al p\u00fablico santiaguino un nuevo videoclip llamado \u201cLa Cumbia del Cerro Colora\u2019o\u201d (CCC), dirigido por Dalila Becerra con fotograf\u00eda y c\u00e1mara de Gabriel Asenie.<\/p>\n<p style=\"text-align: justify;\">Se trata del tercer single de su disco Delta Marr\u00f3n, canci\u00f3n que invita a moverse con sonidos de la Patagonia entre acorde\u00f3n y guitarra, mezclado con ritmos de cumbia que evocan m\u00fasica del medio oriente.<\/p>\n<p style=\"text-align: justify;\">Rolando junto a la directora de CCC participaron de un conversatorio abierto al p\u00fablico, donde profundizaron en la base creativa y la producci\u00f3n tanto en la m\u00fasica como en el videoclip, desarrollado \u00edntegramente en Chile Chico.<\/p>\n<p style=\"text-align: justify;\">SAM, Santiago Music Video, es un importante festival en la industria nacional dedicado \u00edntegramente a videos musicales o videoclips. Est\u00e1 organizado por Citylab GAM, con el apoyo de la Asociaci\u00f3n Gremial Industria Musical Independiente de Chile, IMICHILE y PortalDisc, y los festivales Buenos Aires Music Video Festival (BAMV Fest), Music Video Festival de Sao Paulo (MVF) y Bogot\u00e1 Music Video Festival (BMVF).<\/p>\n<p style=\"text-align: justify;\">Cabe recordar que este domingo 11 de mayo se realizar\u00e1 la ceremonia de premiaci\u00f3n donde ser\u00e1n anunciadas las obras ganadoras de cada categor\u00eda.<\/p>\n<p style=\"text-align: justify;\">Finalmente, La Cumbia del Cerro Colora\u2019o estar\u00e1 disponible en plataformas sociales desde el 23 de mayo, y el videoclip el 24 de mayo por youtube.<\/p>\n<p style=\"text-align: justify;\">LINK ESTRENO: <a href=\"https:\/\/farolatino.ffm.to\/la-cumbia-del-cerro-colorao\">https:\/\/farolatino.ffm.to\/la-cumbia-del-cerro-colorao<\/a><\/p>\n<\/div><\/section><\/div><div  style='height:50px' class='hr hr-invisible   avia-builder-el-6  el_after_av_one_full  el_before_av_social_share '><span class='hr-inner ' ><span class='hr-inner-style'><\/span><\/span><\/div><\/p>\n<div  class='av-social-sharing-box  avia-builder-el-7  el_after_av_hr  el_before_av_hr  '><div class='av-share-box'><h5 class='av-share-link-description av-no-toc '>Compartir esta noticia<\/h5><ul class='av-share-box-list noLightbox'><li class='av-share-link av-social-link-facebook' ><a target=\"_blank\" aria-label=\"Compartir en Facebook\" href='https:\/\/www.facebook.com\/sharer.php?u=https:\/\/radiorevelacionfm.cl\/?p=53729&#038;t=Del%20bosque%20nativo%20a%20la%20selva%20de%20cemento%3A%20Rolando%20Form%C3%B3n%20presenta%20nuevo%20single%20en%20Santiago%20y%20es%20parte%20de%20la%20competencia%20oficial%20del%20festival%20SAM' aria-hidden='false' data-av_icon='\ue8f3' data-av_iconfont='entypo-fontello' title='' data-avia-related-tooltip='Compartir en Facebook' rel=\"noopener\"><span class='avia_hidden_link_text'>Compartir en Facebook<\/span><\/a><\/li><li class='av-share-link av-social-link-twitter' ><a target=\"_blank\" aria-label=\"Compartir en Twitter\" href='https:\/\/twitter.com\/share?text=Del%20bosque%20nativo%20a%20la%20selva%20de%20cemento%3A%20Rolando%20Form%C3%B3n%20presenta%20nuevo%20single%20en%20Santiago%20y%20es%20parte%20de%20la%20competencia%20oficial%20del%20festival%20SAM&#038;url=https:\/\/radiorevelacionfm.cl\/?p=53729' aria-hidden='false' data-av_icon='\ue8f1' data-av_iconfont='entypo-fontello' title='' data-avia-related-tooltip='Compartir en Twitter' rel=\"noopener\"><span class='avia_hidden_link_text'>Compartir en Twitter<\/span><\/a><\/li><li class='av-share-link av-social-link-whatsapp' ><a target=\"_blank\" aria-label=\"Compartir en Whatsapp\" href='https:\/\/api.whatsapp.com\/send?text=https:\/\/radiorevelacionfm.cl\/?p=53729' aria-hidden='false' data-av_icon='\uf232' data-av_iconfont='entypo-fontello' title='' data-avia-related-tooltip='Compartir en Whatsapp' rel=\"noopener\"><span class='avia_hidden_link_text'>Compartir en Whatsapp<\/span><\/a><\/li><li class='av-share-link av-social-link-linkedin' ><a target=\"_blank\" aria-label=\"Compartir en LinkedIn\" href='https:\/\/linkedin.com\/shareArticle?mini=true&#038;title=Del%20bosque%20nativo%20a%20la%20selva%20de%20cemento%3A%20Rolando%20Form%C3%B3n%20presenta%20nuevo%20single%20en%20Santiago%20y%20es%20parte%20de%20la%20competencia%20oficial%20del%20festival%20SAM&#038;url=https:\/\/radiorevelacionfm.cl\/?p=53729' aria-hidden='false' data-av_icon='\ue8fc' data-av_iconfont='entypo-fontello' title='' data-avia-related-tooltip='Compartir en LinkedIn' rel=\"noopener\"><span class='avia_hidden_link_text'>Compartir en LinkedIn<\/span><\/a><\/li><li class='av-share-link av-social-link-mail' ><a  aria-label=\"Compartir por correo\" href='mailto:?subject=Del%20bosque%20nativo%20a%20la%20selva%20de%20cemento%3A%20Rolando%20Form%C3%B3n%20presenta%20nuevo%20single%20en%20Santiago%20y%20es%20parte%20de%20la%20competencia%20oficial%20del%20festival%20SAM&#038;body=https:\/\/radiorevelacionfm.cl\/?p=53729' aria-hidden='false' data-av_icon='\ue805' data-av_iconfont='entypo-fontello' title='' data-avia-related-tooltip='Compartir por correo'><span class='avia_hidden_link_text'>Compartir por correo<\/span><\/a><\/li><\/ul><\/div><\/div>\n<div  style='height:50px' class='hr hr-invisible   avia-builder-el-8  el_after_av_social_share  el_before_av_comments_list '><span class='hr-inner ' ><span class='hr-inner-style'><\/span><\/span><\/div>\n<div  class='av-buildercomment  av-blog-meta-html-info-disabled av-blog-meta-tag-disabled  '><\/div>\n","protected":false},"excerpt":{"rendered":"","protected":false},"author":1,"featured_media":53730,"comment_status":"closed","ping_status":"closed","sticky":false,"template":"","format":"standard","meta":{"footnotes":""},"categories":[43],"tags":[],"class_list":["post-53729","post","type-post","status-publish","format-standard","has-post-thumbnail","hentry","category-musica"],"jetpack_featured_media_url":"https:\/\/radiorevelacionfm.cl\/wp-content\/uploads\/2025\/05\/rolando-9-05-1_optimized.jpg","_links":{"self":[{"href":"https:\/\/radiorevelacionfm.cl\/index.php?rest_route=\/wp\/v2\/posts\/53729","targetHints":{"allow":["GET"]}}],"collection":[{"href":"https:\/\/radiorevelacionfm.cl\/index.php?rest_route=\/wp\/v2\/posts"}],"about":[{"href":"https:\/\/radiorevelacionfm.cl\/index.php?rest_route=\/wp\/v2\/types\/post"}],"author":[{"embeddable":true,"href":"https:\/\/radiorevelacionfm.cl\/index.php?rest_route=\/wp\/v2\/users\/1"}],"replies":[{"embeddable":true,"href":"https:\/\/radiorevelacionfm.cl\/index.php?rest_route=%2Fwp%2Fv2%2Fcomments&post=53729"}],"version-history":[{"count":2,"href":"https:\/\/radiorevelacionfm.cl\/index.php?rest_route=\/wp\/v2\/posts\/53729\/revisions"}],"predecessor-version":[{"id":53753,"href":"https:\/\/radiorevelacionfm.cl\/index.php?rest_route=\/wp\/v2\/posts\/53729\/revisions\/53753"}],"wp:featuredmedia":[{"embeddable":true,"href":"https:\/\/radiorevelacionfm.cl\/index.php?rest_route=\/wp\/v2\/media\/53730"}],"wp:attachment":[{"href":"https:\/\/radiorevelacionfm.cl\/index.php?rest_route=%2Fwp%2Fv2%2Fmedia&parent=53729"}],"wp:term":[{"taxonomy":"category","embeddable":true,"href":"https:\/\/radiorevelacionfm.cl\/index.php?rest_route=%2Fwp%2Fv2%2Fcategories&post=53729"},{"taxonomy":"post_tag","embeddable":true,"href":"https:\/\/radiorevelacionfm.cl\/index.php?rest_route=%2Fwp%2Fv2%2Ftags&post=53729"}],"curies":[{"name":"wp","href":"https:\/\/api.w.org\/{rel}","templated":true}]}}