{"id":53717,"date":"2025-05-09T15:43:09","date_gmt":"2025-05-09T18:43:09","guid":{"rendered":"https:\/\/radiorevelacionfm.cl\/?p=53717"},"modified":"2025-05-09T15:43:09","modified_gmt":"2025-05-09T18:43:09","slug":"sercotec-abre-fondo-para-fortalecer-ferias-libres","status":"publish","type":"post","link":"https:\/\/radiorevelacionfm.cl\/?p=53717","title":{"rendered":"Sercotec abre fondo para fortalecer ferias libres"},"content":{"rendered":"<div class=\"flex_column av_one_full  flex_column_div av-zero-column-padding first  avia-builder-el-0  el_before_av_one_full  avia-builder-el-first  \" style='border-radius:0px; '><div  class='avia-image-container  av-styling-    avia-builder-el-1  avia-builder-el-no-sibling  avia-align-center '  itemprop=\"image\" itemscope=\"itemscope\" itemtype=\"https:\/\/schema.org\/ImageObject\"  ><div class='avia-image-container-inner'><div class='avia-image-overlay-wrap'><img decoding=\"async\" class='wp-image-53718 avia-img-lazy-loading-not-53718 avia_image' src=\"https:\/\/radiorevelacionfm.cl\/wp-content\/uploads\/2025\/05\/ferias-libres-1-2_optimized-1_optimized-1.jpg\" alt='' title='ferias-libres-(1)-(2)_optimized-(1)_optimized (1)' height=\"600\" width=\"999\"  itemprop=\"thumbnailUrl\" srcset=\"https:\/\/radiorevelacionfm.cl\/wp-content\/uploads\/2025\/05\/ferias-libres-1-2_optimized-1_optimized-1.jpg 999w, https:\/\/radiorevelacionfm.cl\/wp-content\/uploads\/2025\/05\/ferias-libres-1-2_optimized-1_optimized-1-300x180.jpg 300w, https:\/\/radiorevelacionfm.cl\/wp-content\/uploads\/2025\/05\/ferias-libres-1-2_optimized-1_optimized-1-768x461.jpg 768w, https:\/\/radiorevelacionfm.cl\/wp-content\/uploads\/2025\/05\/ferias-libres-1-2_optimized-1_optimized-1-705x423.jpg 705w, https:\/\/radiorevelacionfm.cl\/wp-content\/uploads\/2025\/05\/ferias-libres-1-2_optimized-1_optimized-1-450x270.jpg 450w, https:\/\/radiorevelacionfm.cl\/wp-content\/uploads\/2025\/05\/ferias-libres-1-2_optimized-1_optimized-1-600x360.jpg 600w\" sizes=\"(max-width: 999px) 100vw, 999px\" \/><\/div><\/div><\/div><\/div><div class=\"flex_column av_one_full  flex_column_div av-zero-column-padding first  avia-builder-el-2  el_after_av_one_full  el_before_av_one_full  column-top-margin\" style='border-radius:0px; '><section class=\"av_textblock_section \"  itemscope=\"itemscope\" itemtype=\"https:\/\/schema.org\/BlogPosting\" itemprop=\"blogPost\" ><div class='avia_textblock  '   itemprop=\"text\" ><p style=\"text-align: center;\"><strong><span style=\"font-size: 18pt;\">Sercotec abre fondo para fortalecer ferias libres<\/span><\/strong><\/p>\n<div id=\"gtx-trans\" style=\"position: absolute; left: -50px; top: 4.31534px;\">\n<div class=\"gtx-trans-icon\"><\/div>\n<\/div>\n<\/div><\/section><\/div><div class=\"flex_column av_one_full  flex_column_div av-zero-column-padding first  avia-builder-el-4  el_after_av_one_full  el_before_av_hr  column-top-margin\" style='border-radius:0px; '><section class=\"av_textblock_section \"  itemscope=\"itemscope\" itemtype=\"https:\/\/schema.org\/BlogPosting\" itemprop=\"blogPost\" ><div class='avia_textblock  '   itemprop=\"text\" ><p><em>La iniciativa otorga subsidios de hasta $30 millones para apoyar el desarrollo de estos espacios de comercio, fomentando la implementaci\u00f3n de proyectos de innovaci\u00f3n digital, medioambiental y de seguridad. Se puede postular hasta el 6 de junio.<\/em><\/p>\n<p style=\"text-align: justify;\">Con novedades en su forma de postulaci\u00f3n y con un foco en la modernizaci\u00f3n, el Servicio de Cooperaci\u00f3n T\u00e9cnica (Sercotec) anunci\u00f3 la apertura del fondo Desarrollo de Ferias Libres, iniciativa que promueve el fortalecimiento de estos espacios de comercio en todo el pa\u00eds. Con un presupuesto nacional que alcanza los $2.509 millones, el programa otorga acceso a recursos para que las ferias libres puedan invertir en activos, habilitaci\u00f3n de infraestructuras y capital de trabajo, adem\u00e1s de concretar avances en materia de gesti\u00f3n empresarial mediante capacitaciones, seminarios y marketing, entre otras \u00e1reas.<\/p>\n<p style=\"text-align: justify;\">Para este a\u00f1o la convocatoria considera una postulaci\u00f3n por tramos, con un monto de subsidio ajustado al tama\u00f1o de las ferias. De esta forma, las ferias que postulen con 15 a 73 puestos pueden optar a un financiamiento de $10 millones, mientras que las que consideren una mayor cantidad de participantes acceder\u00e1n a recursos por $20 millones.<\/p>\n<p style=\"text-align: justify;\">Junto con ello, se otorgar\u00e1 un monto adicional de $10 millones para proyectos que incorporen iniciativas innovadoras en materia de sustentabilidad y eficiencia energ\u00e9tica; digitalizaci\u00f3n y herramientas tecnol\u00f3gicas; seguridad, accesibilidad y mejora de la oferta comercial; econom\u00eda circular y vinculaci\u00f3n con la comunidad.<\/p>\n<p style=\"text-align: justify;\">La gerenta general de Sercotec, Mar\u00eda Jos\u00e9 Becerra Moro, enfatiz\u00f3 que <em>\u00abeste programa va a beneficiar a m\u00e1s de un centenar de ferias libres a lo largo de todo el pa\u00eds, con subsidios que pueden llegar hasta los $30 millones. Para potenciar su desarrollo, este a\u00f1o traemos novedades en la convocatoria, fomentando las innovaciones tecnol\u00f3gicas y productivas en cuatro l\u00edneas principales: innovaciones tecnol\u00f3gicas para adquirir canales de pago digitales, QR y kit de internet para una atenci\u00f3n al cliente m\u00e1s efectiva; espacios de seguridad con inversi\u00f3n en c\u00e1maras para la prevenci\u00f3n del delito; inversiones en sostenibilidad con espacios de compostaje y paneles solares para alcanzar innovaci\u00f3n social y sustentable al a\u00f1o 2050; y una buena relaci\u00f3n con la comunidad mediante inversiones en educaci\u00f3n y bancos de alimentos, todo ello para que las ferias libres sigan siendo el espacio de nuestra provisi\u00f3n de frutas y verduras\u00bb.<\/em><\/p>\n<p style=\"text-align: justify;\">Por su parte, la directora regional de Sercotec Nelly Vargas, realiz\u00f3 una invitaci\u00f3n a informarse y postular; <em>\u201cinvitamos a que postulen al Programa Ferias Libres, ya que este es un instrumento que busca potenciar las ferias de nuestro pa\u00eds, mejorando las condiciones de trabajo, mejorando la visualizaci\u00f3n para los clientes y mucho m\u00e1s. Invitamos a que puedan informarse sobre las bases en <\/em><a href=\"http:\/\/www.sercotec.cl\"><em>www.sercotec.cl<\/em><\/a><em>\u201d.<\/em><\/p>\n<p style=\"text-align: justify;\">Durante el a\u00f1o 2024 fueron beneficiados una serie de proyectos regionales, entre ellos el que fue presentado por la AG Arte Patagonia, quienes recibieron asesor\u00edas especializadas y adem\u00e1s, pudieron acceder a la compra de una serie de activos que mejoraron su trabajo, desarrollo y potenci\u00f3 su crecimiento. Maritza Az\u00f3car de AG Arte Patagonia manifest\u00f3 ampli\u00f3 el llamado a postular y participar en este programa <em>\u201cinvitamos a todas las agrupaciones asociaciones, corporaciones a animarse a postular, porque es accesible, alcanzable y posible\u201d.<\/em><\/p>\n<p style=\"text-align: justify;\">Finalmente, el Seremi de Econom\u00eda de la Regi\u00f3n de Ays\u00e9n, relev\u00f3 la importancia de las ferias en nuestro pa\u00eds y adem\u00e1s, c\u00f3mo las diversas miradas territoriales, delinean programas como este; <em>\u201cComo Ministerio, estamos constantemente escuchando las necesidades y en raz\u00f3n de esto, vamos ajustando los instrumentos para que dialoguen de buena manera con las realidades regionales, con el af\u00e1n de qu\u00e9 podamos fortalecer y generar mayor crecimiento y desarrollo econ\u00f3mico en la Regi\u00f3n de Ays\u00e9n\u201d.<\/em><\/p>\n<p style=\"text-align: justify;\">El periodo de postulaciones estar\u00e1 abierto hasta el 6 de junio del 2025 a trav\u00e9s del sitio <a href=\"http:\/\/www.sercotec.cl\">www.sercotec.cl<\/a>.<\/p>\n<\/div><\/section><\/div><div  style='height:50px' class='hr hr-invisible   avia-builder-el-6  el_after_av_one_full  el_before_av_social_share '><span class='hr-inner ' ><span class='hr-inner-style'><\/span><\/span><\/div><\/p>\n<div  class='av-social-sharing-box  avia-builder-el-7  el_after_av_hr  el_before_av_hr  '><div class='av-share-box'><h5 class='av-share-link-description av-no-toc '>Compartir esta noticia<\/h5><ul class='av-share-box-list noLightbox'><li class='av-share-link av-social-link-facebook' ><a target=\"_blank\" aria-label=\"Compartir en Facebook\" href='https:\/\/www.facebook.com\/sharer.php?u=https:\/\/radiorevelacionfm.cl\/?p=53717&#038;t=Sercotec%20abre%20fondo%20para%20fortalecer%20ferias%20libres' aria-hidden='false' data-av_icon='\ue8f3' data-av_iconfont='entypo-fontello' title='' data-avia-related-tooltip='Compartir en Facebook' rel=\"noopener\"><span class='avia_hidden_link_text'>Compartir en Facebook<\/span><\/a><\/li><li class='av-share-link av-social-link-twitter' ><a target=\"_blank\" aria-label=\"Compartir en Twitter\" href='https:\/\/twitter.com\/share?text=Sercotec%20abre%20fondo%20para%20fortalecer%20ferias%20libres&#038;url=https:\/\/radiorevelacionfm.cl\/?p=53717' aria-hidden='false' data-av_icon='\ue8f1' data-av_iconfont='entypo-fontello' title='' data-avia-related-tooltip='Compartir en Twitter' rel=\"noopener\"><span class='avia_hidden_link_text'>Compartir en Twitter<\/span><\/a><\/li><li class='av-share-link av-social-link-whatsapp' ><a target=\"_blank\" aria-label=\"Compartir en Whatsapp\" href='https:\/\/api.whatsapp.com\/send?text=https:\/\/radiorevelacionfm.cl\/?p=53717' aria-hidden='false' data-av_icon='\uf232' data-av_iconfont='entypo-fontello' title='' data-avia-related-tooltip='Compartir en Whatsapp' rel=\"noopener\"><span class='avia_hidden_link_text'>Compartir en Whatsapp<\/span><\/a><\/li><li class='av-share-link av-social-link-linkedin' ><a target=\"_blank\" aria-label=\"Compartir en LinkedIn\" href='https:\/\/linkedin.com\/shareArticle?mini=true&#038;title=Sercotec%20abre%20fondo%20para%20fortalecer%20ferias%20libres&#038;url=https:\/\/radiorevelacionfm.cl\/?p=53717' aria-hidden='false' data-av_icon='\ue8fc' data-av_iconfont='entypo-fontello' title='' data-avia-related-tooltip='Compartir en LinkedIn' rel=\"noopener\"><span class='avia_hidden_link_text'>Compartir en LinkedIn<\/span><\/a><\/li><li class='av-share-link av-social-link-mail' ><a  aria-label=\"Compartir por correo\" href='mailto:?subject=Sercotec%20abre%20fondo%20para%20fortalecer%20ferias%20libres&#038;body=https:\/\/radiorevelacionfm.cl\/?p=53717' aria-hidden='false' data-av_icon='\ue805' data-av_iconfont='entypo-fontello' title='' data-avia-related-tooltip='Compartir por correo'><span class='avia_hidden_link_text'>Compartir por correo<\/span><\/a><\/li><\/ul><\/div><\/div>\n<div  style='height:50px' class='hr hr-invisible   avia-builder-el-8  el_after_av_social_share  el_before_av_comments_list '><span class='hr-inner ' ><span class='hr-inner-style'><\/span><\/span><\/div>\n<div  class='av-buildercomment  av-blog-meta-html-info-disabled av-blog-meta-tag-disabled  '><\/div>\n","protected":false},"excerpt":{"rendered":"","protected":false},"author":1,"featured_media":53718,"comment_status":"closed","ping_status":"closed","sticky":false,"template":"","format":"standard","meta":{"footnotes":""},"categories":[38],"tags":[],"class_list":["post-53717","post","type-post","status-publish","format-standard","has-post-thumbnail","hentry","category-regional"],"jetpack_featured_media_url":"https:\/\/radiorevelacionfm.cl\/wp-content\/uploads\/2025\/05\/ferias-libres-1-2_optimized-1_optimized-1.jpg","_links":{"self":[{"href":"https:\/\/radiorevelacionfm.cl\/index.php?rest_route=\/wp\/v2\/posts\/53717","targetHints":{"allow":["GET"]}}],"collection":[{"href":"https:\/\/radiorevelacionfm.cl\/index.php?rest_route=\/wp\/v2\/posts"}],"about":[{"href":"https:\/\/radiorevelacionfm.cl\/index.php?rest_route=\/wp\/v2\/types\/post"}],"author":[{"embeddable":true,"href":"https:\/\/radiorevelacionfm.cl\/index.php?rest_route=\/wp\/v2\/users\/1"}],"replies":[{"embeddable":true,"href":"https:\/\/radiorevelacionfm.cl\/index.php?rest_route=%2Fwp%2Fv2%2Fcomments&post=53717"}],"version-history":[{"count":2,"href":"https:\/\/radiorevelacionfm.cl\/index.php?rest_route=\/wp\/v2\/posts\/53717\/revisions"}],"predecessor-version":[{"id":53724,"href":"https:\/\/radiorevelacionfm.cl\/index.php?rest_route=\/wp\/v2\/posts\/53717\/revisions\/53724"}],"wp:featuredmedia":[{"embeddable":true,"href":"https:\/\/radiorevelacionfm.cl\/index.php?rest_route=\/wp\/v2\/media\/53718"}],"wp:attachment":[{"href":"https:\/\/radiorevelacionfm.cl\/index.php?rest_route=%2Fwp%2Fv2%2Fmedia&parent=53717"}],"wp:term":[{"taxonomy":"category","embeddable":true,"href":"https:\/\/radiorevelacionfm.cl\/index.php?rest_route=%2Fwp%2Fv2%2Fcategories&post=53717"},{"taxonomy":"post_tag","embeddable":true,"href":"https:\/\/radiorevelacionfm.cl\/index.php?rest_route=%2Fwp%2Fv2%2Ftags&post=53717"}],"curies":[{"name":"wp","href":"https:\/\/api.w.org\/{rel}","templated":true}]}}