{"id":53709,"date":"2025-05-09T13:04:51","date_gmt":"2025-05-09T16:04:51","guid":{"rendered":"https:\/\/radiorevelacionfm.cl\/?p=53709"},"modified":"2025-05-09T13:04:51","modified_gmt":"2025-05-09T16:04:51","slug":"prochile-aysen-destaca-a-creadora-regional-de-orfebreria-kaunaz-quien-ya-vende-en-estados-unidos","status":"publish","type":"post","link":"https:\/\/radiorevelacionfm.cl\/?p=53709","title":{"rendered":"ProChile Ays\u00e9n destaca a creadora regional de Orfebrer\u00eda Kaunaz quien ya vende en Estados Unidos"},"content":{"rendered":"<div class=\"flex_column av_one_full  flex_column_div av-zero-column-padding first  avia-builder-el-0  el_before_av_one_full  avia-builder-el-first  \" style='border-radius:0px; '><div  class='avia-image-container  av-styling-    avia-builder-el-1  avia-builder-el-no-sibling  avia-align-center '  itemprop=\"image\" itemscope=\"itemscope\" itemtype=\"https:\/\/schema.org\/ImageObject\"  ><div class='avia-image-container-inner'><div class='avia-image-overlay-wrap'><img decoding=\"async\" class='wp-image-53710 avia-img-lazy-loading-not-53710 avia_image' src=\"https:\/\/radiorevelacionfm.cl\/wp-content\/uploads\/2025\/05\/unnamed-48-1_optimized.jpg\" alt='' title='unnamed-(48)-(1)_optimized' height=\"600\" width=\"900\"  itemprop=\"thumbnailUrl\" srcset=\"https:\/\/radiorevelacionfm.cl\/wp-content\/uploads\/2025\/05\/unnamed-48-1_optimized.jpg 900w, https:\/\/radiorevelacionfm.cl\/wp-content\/uploads\/2025\/05\/unnamed-48-1_optimized-300x200.jpg 300w, https:\/\/radiorevelacionfm.cl\/wp-content\/uploads\/2025\/05\/unnamed-48-1_optimized-768x512.jpg 768w, https:\/\/radiorevelacionfm.cl\/wp-content\/uploads\/2025\/05\/unnamed-48-1_optimized-705x470.jpg 705w, https:\/\/radiorevelacionfm.cl\/wp-content\/uploads\/2025\/05\/unnamed-48-1_optimized-450x300.jpg 450w, https:\/\/radiorevelacionfm.cl\/wp-content\/uploads\/2025\/05\/unnamed-48-1_optimized-600x400.jpg 600w\" sizes=\"(max-width: 900px) 100vw, 900px\" \/><\/div><\/div><\/div><\/div><div class=\"flex_column av_one_full  flex_column_div av-zero-column-padding first  avia-builder-el-2  el_after_av_one_full  el_before_av_one_full  column-top-margin\" style='border-radius:0px; '><section class=\"av_textblock_section \"  itemscope=\"itemscope\" itemtype=\"https:\/\/schema.org\/BlogPosting\" itemprop=\"blogPost\" ><div class='avia_textblock  '   itemprop=\"text\" ><p style=\"text-align: center;\"><strong><span style=\"font-size: 18pt;\">ProChile Ays\u00e9n destaca a creadora regional de Orfebrer\u00eda Kaunaz quien ya vende en Estados Unidos\u00a0<\/span><\/strong><\/p>\n<div id=\"gtx-trans\" style=\"position: absolute; left: -50px; top: 4.31534px;\">\n<div class=\"gtx-trans-icon\"><\/div>\n<\/div>\n<\/div><\/section><\/div><div class=\"flex_column av_one_full  flex_column_div av-zero-column-padding first  avia-builder-el-4  el_after_av_one_full  el_before_av_hr  column-top-margin\" style='border-radius:0px; '><section class=\"av_textblock_section \"  itemscope=\"itemscope\" itemtype=\"https:\/\/schema.org\/BlogPosting\" itemprop=\"blogPost\" ><div class='avia_textblock  '   itemprop=\"text\" ><p><em>E<strong>m<\/strong>prendimiento local busca posicionarse en mercados internacionales con dise\u00f1os inspirados en el patrimonio natural patag\u00f3nico.\u00a0<\/em><\/p>\n<p style=\"text-align: justify;\">El director regional de ProChile en Ays\u00e9n, Jaime Poblete, destac\u00f3 la actividad que desarrollan a nivel regional numerosas empresas del sector Industrias Creativas, \u201cque permiten llevar dise\u00f1os realizados a nivel local a todo el mundo, difundiendo nuestra cultura y paisajes\u201d.<\/p>\n<p style=\"text-align: justify;\">Uno de ellos, explic\u00f3, corresponde al taller de orfebrer\u00eda \u201cKaunaz\u201d que es una iniciativa de Vahitiare Beltrami, \u201cque refleja una trayectoria marcada por la pasi\u00f3n por el oficio, el emprendimiento familiar y la b\u00fasqueda de identidad\u201d.<\/p>\n<p style=\"text-align: justify;\">La marca de joyer\u00eda contempor\u00e1nea fue fundada en 2012 en Valpara\u00edso por Mar\u00eda Eugenia Saavedra, orfebre con amplia experiencia en el dise\u00f1o y comercializaci\u00f3n de joyas, que fue continuada m\u00e1s tarde en la Regi\u00f3n de Ays\u00e9n por su hija Vahitiare Beltrami, gestora cultural de profesi\u00f3n.<\/p>\n<p style=\"text-align: justify;\">\u00abYo estudi\u00e9 mucho para ser orfebre\u00bb, comenta Beltrami, quien, tras formarse en gesti\u00f3n de turismo y cultura, y posteriormente como coach ontol\u00f3gico, descubri\u00f3 un profundo amor por este oficio artesanal. Lo que comenz\u00f3 como una colaboraci\u00f3n con el emprendimiento de su madre, denominado \u00ab\u00c9tnica Orfebrer\u00eda\u00bb, evolucion\u00f3 hacia una propuesta con identidad propia: Kaunaz, nombre que proviene del alfabeto futhark y representa la runa de los artistas.<\/p>\n<p style=\"text-align: justify;\">Tras establecerse en Coyhaique, Regi\u00f3n de Ays\u00e9n, hace aproximadamente ocho a\u00f1os, Kaunaz ha evolucionado con una nueva propuesta comercial enfocada en capturar la esencia del territorio patag\u00f3nico.<\/p>\n<p style=\"text-align: justify;\">Su l\u00ednea \u00abHojas de Ays\u00e9n\u00bb o \u00abAys\u00e9n Leaf Series\u00bb recolecta hojas nativas que luego estampa en piezas de plata, creando productos exclusivos que conectan con la identidad regional y atraen especialmente al turismo que busca llevarse un recuerdo significativo de la Patagonia chilena.<\/p>\n<p style=\"text-align: justify;\">Actualmente, Beltrami participa en las mesas de exportaci\u00f3n de ProChile, instituci\u00f3n que est\u00e1 impulsando el desarrollo de las industrias creativas chilenas en mercados internacionales. \u00abLo que se est\u00e1 buscando es poder armar un nicho de emprendedores que trabajemos colaborativamente\u00bb, explica la orfebre, quien ya ha realizado ventas en Estados Unidos, espec\u00edficamente en Colorado y Texas, mercados potenciales para su trabajo.<\/p>\n<p style=\"text-align: justify;\">\u00abMe gustar\u00eda poder llevar este proyecto a Colorado, exponer ojal\u00e1 en Aspen o Carbondale (Illinois), que es otro punto en Estados Unidos donde se comercializa arte contempor\u00e1neo\u00bb, se\u00f1ala.<\/p>\n<p style=\"text-align: justify;\">El perfil de los clientes de Kaunaz son personas que \u00abvaloran lo hecho a mano, aprecian el dise\u00f1o y, por, sobre todo, valoran el relato que hay detr\u00e1s de una marca, la experiencia de compra y la exclusividad\u00bb, describe Beltrami, quien tambi\u00e9n est\u00e1 explorando la posibilidad de desarrollar una l\u00ednea en oro para un segmento de mayor poder adquisitivo.<\/p>\n<\/div><\/section><\/div><div  style='height:50px' class='hr hr-invisible   avia-builder-el-6  el_after_av_one_full  el_before_av_social_share '><span class='hr-inner ' ><span class='hr-inner-style'><\/span><\/span><\/div><\/p>\n<div  class='av-social-sharing-box  avia-builder-el-7  el_after_av_hr  el_before_av_hr  '><div class='av-share-box'><h5 class='av-share-link-description av-no-toc '>Compartir esta noticia<\/h5><ul class='av-share-box-list noLightbox'><li class='av-share-link av-social-link-facebook' ><a target=\"_blank\" aria-label=\"Compartir en Facebook\" href='https:\/\/www.facebook.com\/sharer.php?u=https:\/\/radiorevelacionfm.cl\/?p=53709&#038;t=ProChile%20Ays%C3%A9n%20destaca%20a%20creadora%20regional%20de%20Orfebrer%C3%ADa%20Kaunaz%20quien%20ya%20vende%20en%20Estados%20Unidos' aria-hidden='false' data-av_icon='\ue8f3' data-av_iconfont='entypo-fontello' title='' data-avia-related-tooltip='Compartir en Facebook' rel=\"noopener\"><span class='avia_hidden_link_text'>Compartir en Facebook<\/span><\/a><\/li><li class='av-share-link av-social-link-twitter' ><a target=\"_blank\" aria-label=\"Compartir en Twitter\" href='https:\/\/twitter.com\/share?text=ProChile%20Ays%C3%A9n%20destaca%20a%20creadora%20regional%20de%20Orfebrer%C3%ADa%20Kaunaz%20quien%20ya%20vende%20en%20Estados%20Unidos&#038;url=https:\/\/radiorevelacionfm.cl\/?p=53709' aria-hidden='false' data-av_icon='\ue8f1' data-av_iconfont='entypo-fontello' title='' data-avia-related-tooltip='Compartir en Twitter' rel=\"noopener\"><span class='avia_hidden_link_text'>Compartir en Twitter<\/span><\/a><\/li><li class='av-share-link av-social-link-whatsapp' ><a target=\"_blank\" aria-label=\"Compartir en Whatsapp\" href='https:\/\/api.whatsapp.com\/send?text=https:\/\/radiorevelacionfm.cl\/?p=53709' aria-hidden='false' data-av_icon='\uf232' data-av_iconfont='entypo-fontello' title='' data-avia-related-tooltip='Compartir en Whatsapp' rel=\"noopener\"><span class='avia_hidden_link_text'>Compartir en Whatsapp<\/span><\/a><\/li><li class='av-share-link av-social-link-linkedin' ><a target=\"_blank\" aria-label=\"Compartir en LinkedIn\" href='https:\/\/linkedin.com\/shareArticle?mini=true&#038;title=ProChile%20Ays%C3%A9n%20destaca%20a%20creadora%20regional%20de%20Orfebrer%C3%ADa%20Kaunaz%20quien%20ya%20vende%20en%20Estados%20Unidos&#038;url=https:\/\/radiorevelacionfm.cl\/?p=53709' aria-hidden='false' data-av_icon='\ue8fc' data-av_iconfont='entypo-fontello' title='' data-avia-related-tooltip='Compartir en LinkedIn' rel=\"noopener\"><span class='avia_hidden_link_text'>Compartir en LinkedIn<\/span><\/a><\/li><li class='av-share-link av-social-link-mail' ><a  aria-label=\"Compartir por correo\" href='mailto:?subject=ProChile%20Ays%C3%A9n%20destaca%20a%20creadora%20regional%20de%20Orfebrer%C3%ADa%20Kaunaz%20quien%20ya%20vende%20en%20Estados%20Unidos&#038;body=https:\/\/radiorevelacionfm.cl\/?p=53709' aria-hidden='false' data-av_icon='\ue805' data-av_iconfont='entypo-fontello' title='' data-avia-related-tooltip='Compartir por correo'><span class='avia_hidden_link_text'>Compartir por correo<\/span><\/a><\/li><\/ul><\/div><\/div>\n<div  style='height:50px' class='hr hr-invisible   avia-builder-el-8  el_after_av_social_share  el_before_av_comments_list '><span class='hr-inner ' ><span class='hr-inner-style'><\/span><\/span><\/div>\n<div  class='av-buildercomment  av-blog-meta-html-info-disabled av-blog-meta-tag-disabled  '><\/div>\n","protected":false},"excerpt":{"rendered":"","protected":false},"author":1,"featured_media":53710,"comment_status":"closed","ping_status":"closed","sticky":false,"template":"","format":"standard","meta":{"footnotes":""},"categories":[38],"tags":[],"class_list":["post-53709","post","type-post","status-publish","format-standard","has-post-thumbnail","hentry","category-regional"],"jetpack_featured_media_url":"https:\/\/radiorevelacionfm.cl\/wp-content\/uploads\/2025\/05\/unnamed-48-1_optimized.jpg","_links":{"self":[{"href":"https:\/\/radiorevelacionfm.cl\/index.php?rest_route=\/wp\/v2\/posts\/53709","targetHints":{"allow":["GET"]}}],"collection":[{"href":"https:\/\/radiorevelacionfm.cl\/index.php?rest_route=\/wp\/v2\/posts"}],"about":[{"href":"https:\/\/radiorevelacionfm.cl\/index.php?rest_route=\/wp\/v2\/types\/post"}],"author":[{"embeddable":true,"href":"https:\/\/radiorevelacionfm.cl\/index.php?rest_route=\/wp\/v2\/users\/1"}],"replies":[{"embeddable":true,"href":"https:\/\/radiorevelacionfm.cl\/index.php?rest_route=%2Fwp%2Fv2%2Fcomments&post=53709"}],"version-history":[{"count":2,"href":"https:\/\/radiorevelacionfm.cl\/index.php?rest_route=\/wp\/v2\/posts\/53709\/revisions"}],"predecessor-version":[{"id":53716,"href":"https:\/\/radiorevelacionfm.cl\/index.php?rest_route=\/wp\/v2\/posts\/53709\/revisions\/53716"}],"wp:featuredmedia":[{"embeddable":true,"href":"https:\/\/radiorevelacionfm.cl\/index.php?rest_route=\/wp\/v2\/media\/53710"}],"wp:attachment":[{"href":"https:\/\/radiorevelacionfm.cl\/index.php?rest_route=%2Fwp%2Fv2%2Fmedia&parent=53709"}],"wp:term":[{"taxonomy":"category","embeddable":true,"href":"https:\/\/radiorevelacionfm.cl\/index.php?rest_route=%2Fwp%2Fv2%2Fcategories&post=53709"},{"taxonomy":"post_tag","embeddable":true,"href":"https:\/\/radiorevelacionfm.cl\/index.php?rest_route=%2Fwp%2Fv2%2Ftags&post=53709"}],"curies":[{"name":"wp","href":"https:\/\/api.w.org\/{rel}","templated":true}]}}