{"id":53698,"date":"2025-05-10T12:47:27","date_gmt":"2025-05-10T15:47:27","guid":{"rendered":"https:\/\/radiorevelacionfm.cl\/?p=53698"},"modified":"2025-05-10T12:47:27","modified_gmt":"2025-05-10T15:47:27","slug":"diputada-raphael-apoya-y-destaca-proyecto-para-reducir-costos-energeticos-y-potenciar-energias-renovables-en-la-region-de-aysen","status":"publish","type":"post","link":"https:\/\/radiorevelacionfm.cl\/?p=53698","title":{"rendered":"Diputada Raphael apoya y destaca proyecto para reducir costos energ\u00e9ticos y potenciar energ\u00edas renovables en la Regi\u00f3n de Ays\u00e9n"},"content":{"rendered":"<div class=\"flex_column av_one_full  flex_column_div av-zero-column-padding first  avia-builder-el-0  el_before_av_one_full  avia-builder-el-first  \" style='border-radius:0px; '><div  class='avia-image-container  av-styling-    avia-builder-el-1  avia-builder-el-no-sibling  avia-align-center '  itemprop=\"image\" itemscope=\"itemscope\" itemtype=\"https:\/\/schema.org\/ImageObject\"  ><div class='avia-image-container-inner'><div class='avia-image-overlay-wrap'><img decoding=\"async\" class='wp-image-47755 avia-img-lazy-loading-not-47755 avia_image' src=\"https:\/\/radiorevelacionfm.cl\/wp-content\/uploads\/2024\/11\/Diputada-Marcia-Raphael-3-2-2.jpeg\" alt='' title='Diputada Marcia Raphael (3)-2-2' height=\"710\" width=\"806\"  itemprop=\"thumbnailUrl\" srcset=\"https:\/\/radiorevelacionfm.cl\/wp-content\/uploads\/2024\/11\/Diputada-Marcia-Raphael-3-2-2.jpeg 806w, https:\/\/radiorevelacionfm.cl\/wp-content\/uploads\/2024\/11\/Diputada-Marcia-Raphael-3-2-2-300x264.jpeg 300w, https:\/\/radiorevelacionfm.cl\/wp-content\/uploads\/2024\/11\/Diputada-Marcia-Raphael-3-2-2-768x677.jpeg 768w, https:\/\/radiorevelacionfm.cl\/wp-content\/uploads\/2024\/11\/Diputada-Marcia-Raphael-3-2-2-705x621.jpeg 705w, https:\/\/radiorevelacionfm.cl\/wp-content\/uploads\/2024\/11\/Diputada-Marcia-Raphael-3-2-2-450x396.jpeg 450w, https:\/\/radiorevelacionfm.cl\/wp-content\/uploads\/2024\/11\/Diputada-Marcia-Raphael-3-2-2-600x529.jpeg 600w\" sizes=\"(max-width: 806px) 100vw, 806px\" \/><\/div><\/div><\/div><\/div><div class=\"flex_column av_one_full  flex_column_div av-zero-column-padding first  avia-builder-el-2  el_after_av_one_full  el_before_av_one_full  column-top-margin\" style='border-radius:0px; '><section class=\"av_textblock_section \"  itemscope=\"itemscope\" itemtype=\"https:\/\/schema.org\/BlogPosting\" itemprop=\"blogPost\" ><div class='avia_textblock  '   itemprop=\"text\" ><p style=\"text-align: center;\"><strong><span style=\"font-size: 18pt;\">Diputada Raphael apoya y destaca proyecto para reducir costos energ\u00e9ticos y potenciar energ\u00edas renovables en la Regi\u00f3n de Ays\u00e9n<\/span><\/strong><\/p>\n<div id=\"gtx-trans\" style=\"position: absolute; left: -50px; top: 4.31534px;\">\n<div class=\"gtx-trans-icon\"><\/div>\n<\/div>\n<\/div><\/section><\/div><div class=\"flex_column av_one_full  flex_column_div av-zero-column-padding first  avia-builder-el-4  el_after_av_one_full  el_before_av_hr  column-top-margin\" style='border-radius:0px; '><section class=\"av_textblock_section \"  itemscope=\"itemscope\" itemtype=\"https:\/\/schema.org\/BlogPosting\" itemprop=\"blogPost\" ><div class='avia_textblock  '   itemprop=\"text\" ><p style=\"text-align: justify;\">La iniciativa de Ley de Sistemas Medianos impulsa el uso de energ\u00edas limpias, abaratando costos y fortaleciendo la sostenibilidad en zonas aisladas del pa\u00eds.<\/p>\n<p style=\"text-align: justify;\">La diputada Marcia Raphael, representante de la Regi\u00f3n de Ays\u00e9n, destac\u00f3 el impacto positivo que el proyecto de Ley de Sistemas Medianos podr\u00eda tener en la regi\u00f3n. Durante la Comisi\u00f3n de Energ\u00eda, enfatiz\u00f3 la necesidad de avanzar en iniciativas que permitan bajar los costos de la energ\u00eda y lograr un desarrollo sostenible a trav\u00e9s de un cambio de la matriz.<\/p>\n<p style=\"text-align: justify;\">\u201cEstuvimos en la Comisi\u00f3n de Energ\u00eda para solicitar que avance la tramitaci\u00f3n del proyecto de Ley de Sistemas Medianos que se encontraba detenido. Participamos de esta instancia para informar a los diputados que integran la Comisi\u00f3n sobre la importancia de este proyecto para Ays\u00e9n\u00bb, comenz\u00f3 explicando la parlamentaria.<\/p>\n<p style=\"text-align: justify;\">Raphael resalt\u00f3 que este proyecto permitir\u00e1 disminuir el costo de la energ\u00eda al integrar el costo de generaci\u00f3n al Sistema El\u00e9ctrico Nacional, como tambi\u00e9n promover\u00e1 nuevas inversiones en energ\u00edas renovables que nos podr\u00edan transformar en la primera regi\u00f3n de Chile en descarbonizar la matriz.<\/p>\n<p style=\"text-align: justify;\">La legisladora enfatiz\u00f3 los beneficios directos para la Regi\u00f3n de Ays\u00e9n, especialmente en t\u00e9rminos de diversificaci\u00f3n de la matriz energ\u00e9tica y sostenibilidad. Record\u00f3 que Coyhaique y otras localidades de la regi\u00f3n tienen serios problemas de contaminaci\u00f3n, que adem\u00e1s de afectar la salud de los habitantes son contradictorios con el desarrollo del turismo.<\/p>\n<p style=\"text-align: justify;\">\u201cLa abundancia en energ\u00edas renovables y la condici\u00f3n de ser pocos habitantes facilita el cambio de la matriz energ\u00e9tica, cuesti\u00f3n que este proyecto hace m\u00e1s viable.\u201d<\/p>\n<p style=\"text-align: justify;\">Finalmente, destac\u00f3 la relevancia del proyecto para el desarrollo regional. \u201cSin duda, esto va a permitir tener energ\u00eda m\u00e1s barata, sostenible, que va a tener mucho beneficio para la Regi\u00f3n de Ays\u00e9n\u201d, concluy\u00f3 Raphael.<\/p>\n<\/div><\/section><\/div><div  style='height:50px' class='hr hr-invisible   avia-builder-el-6  el_after_av_one_full  el_before_av_social_share '><span class='hr-inner ' ><span class='hr-inner-style'><\/span><\/span><\/div><\/p>\n<div  class='av-social-sharing-box  avia-builder-el-7  el_after_av_hr  el_before_av_hr  '><div class='av-share-box'><h5 class='av-share-link-description av-no-toc '>Compartir esta noticia<\/h5><ul class='av-share-box-list noLightbox'><li class='av-share-link av-social-link-facebook' ><a target=\"_blank\" aria-label=\"Compartir en Facebook\" href='https:\/\/www.facebook.com\/sharer.php?u=https:\/\/radiorevelacionfm.cl\/?p=53698&#038;t=Diputada%20Raphael%20apoya%20y%20destaca%20proyecto%20para%20reducir%20costos%20energ%C3%A9ticos%20y%20potenciar%20energ%C3%ADas%20renovables%20en%20la%20Regi%C3%B3n%20de%20Ays%C3%A9n' aria-hidden='false' data-av_icon='\ue8f3' data-av_iconfont='entypo-fontello' title='' data-avia-related-tooltip='Compartir en Facebook' rel=\"noopener\"><span class='avia_hidden_link_text'>Compartir en Facebook<\/span><\/a><\/li><li class='av-share-link av-social-link-twitter' ><a target=\"_blank\" aria-label=\"Compartir en Twitter\" href='https:\/\/twitter.com\/share?text=Diputada%20Raphael%20apoya%20y%20destaca%20proyecto%20para%20reducir%20costos%20energ%C3%A9ticos%20y%20potenciar%20energ%C3%ADas%20renovables%20en%20la%20Regi%C3%B3n%20de%20Ays%C3%A9n&#038;url=https:\/\/radiorevelacionfm.cl\/?p=53698' aria-hidden='false' data-av_icon='\ue8f1' data-av_iconfont='entypo-fontello' title='' data-avia-related-tooltip='Compartir en Twitter' rel=\"noopener\"><span class='avia_hidden_link_text'>Compartir en Twitter<\/span><\/a><\/li><li class='av-share-link av-social-link-whatsapp' ><a target=\"_blank\" aria-label=\"Compartir en Whatsapp\" href='https:\/\/api.whatsapp.com\/send?text=https:\/\/radiorevelacionfm.cl\/?p=53698' aria-hidden='false' data-av_icon='\uf232' data-av_iconfont='entypo-fontello' title='' data-avia-related-tooltip='Compartir en Whatsapp' rel=\"noopener\"><span class='avia_hidden_link_text'>Compartir en Whatsapp<\/span><\/a><\/li><li class='av-share-link av-social-link-linkedin' ><a target=\"_blank\" aria-label=\"Compartir en LinkedIn\" href='https:\/\/linkedin.com\/shareArticle?mini=true&#038;title=Diputada%20Raphael%20apoya%20y%20destaca%20proyecto%20para%20reducir%20costos%20energ%C3%A9ticos%20y%20potenciar%20energ%C3%ADas%20renovables%20en%20la%20Regi%C3%B3n%20de%20Ays%C3%A9n&#038;url=https:\/\/radiorevelacionfm.cl\/?p=53698' aria-hidden='false' data-av_icon='\ue8fc' data-av_iconfont='entypo-fontello' title='' data-avia-related-tooltip='Compartir en LinkedIn' rel=\"noopener\"><span class='avia_hidden_link_text'>Compartir en LinkedIn<\/span><\/a><\/li><li class='av-share-link av-social-link-mail' ><a  aria-label=\"Compartir por correo\" href='mailto:?subject=Diputada%20Raphael%20apoya%20y%20destaca%20proyecto%20para%20reducir%20costos%20energ%C3%A9ticos%20y%20potenciar%20energ%C3%ADas%20renovables%20en%20la%20Regi%C3%B3n%20de%20Ays%C3%A9n&#038;body=https:\/\/radiorevelacionfm.cl\/?p=53698' aria-hidden='false' data-av_icon='\ue805' data-av_iconfont='entypo-fontello' title='' data-avia-related-tooltip='Compartir por correo'><span class='avia_hidden_link_text'>Compartir por correo<\/span><\/a><\/li><\/ul><\/div><\/div>\n<div  style='height:50px' class='hr hr-invisible   avia-builder-el-8  el_after_av_social_share  el_before_av_comments_list '><span class='hr-inner ' ><span class='hr-inner-style'><\/span><\/span><\/div>\n<div  class='av-buildercomment  av-blog-meta-html-info-disabled av-blog-meta-tag-disabled  '><\/div>\n","protected":false},"excerpt":{"rendered":"","protected":false},"author":1,"featured_media":47755,"comment_status":"closed","ping_status":"closed","sticky":false,"template":"","format":"standard","meta":{"footnotes":""},"categories":[35],"tags":[],"class_list":["post-53698","post","type-post","status-publish","format-standard","has-post-thumbnail","hentry","category-politica"],"jetpack_featured_media_url":"https:\/\/radiorevelacionfm.cl\/wp-content\/uploads\/2024\/11\/Diputada-Marcia-Raphael-3-2-2.jpeg","_links":{"self":[{"href":"https:\/\/radiorevelacionfm.cl\/index.php?rest_route=\/wp\/v2\/posts\/53698","targetHints":{"allow":["GET"]}}],"collection":[{"href":"https:\/\/radiorevelacionfm.cl\/index.php?rest_route=\/wp\/v2\/posts"}],"about":[{"href":"https:\/\/radiorevelacionfm.cl\/index.php?rest_route=\/wp\/v2\/types\/post"}],"author":[{"embeddable":true,"href":"https:\/\/radiorevelacionfm.cl\/index.php?rest_route=\/wp\/v2\/users\/1"}],"replies":[{"embeddable":true,"href":"https:\/\/radiorevelacionfm.cl\/index.php?rest_route=%2Fwp%2Fv2%2Fcomments&post=53698"}],"version-history":[{"count":2,"href":"https:\/\/radiorevelacionfm.cl\/index.php?rest_route=\/wp\/v2\/posts\/53698\/revisions"}],"predecessor-version":[{"id":53751,"href":"https:\/\/radiorevelacionfm.cl\/index.php?rest_route=\/wp\/v2\/posts\/53698\/revisions\/53751"}],"wp:featuredmedia":[{"embeddable":true,"href":"https:\/\/radiorevelacionfm.cl\/index.php?rest_route=\/wp\/v2\/media\/47755"}],"wp:attachment":[{"href":"https:\/\/radiorevelacionfm.cl\/index.php?rest_route=%2Fwp%2Fv2%2Fmedia&parent=53698"}],"wp:term":[{"taxonomy":"category","embeddable":true,"href":"https:\/\/radiorevelacionfm.cl\/index.php?rest_route=%2Fwp%2Fv2%2Fcategories&post=53698"},{"taxonomy":"post_tag","embeddable":true,"href":"https:\/\/radiorevelacionfm.cl\/index.php?rest_route=%2Fwp%2Fv2%2Ftags&post=53698"}],"curies":[{"name":"wp","href":"https:\/\/api.w.org\/{rel}","templated":true}]}}