{"id":53695,"date":"2025-05-10T18:10:42","date_gmt":"2025-05-10T21:10:42","guid":{"rendered":"https:\/\/radiorevelacionfm.cl\/?p=53695"},"modified":"2025-05-10T18:10:42","modified_gmt":"2025-05-10T21:10:42","slug":"encuesta-cep-la-radio-lidera-la-confianza-entre-los-medios-de-comunicacion-y-se-ubica-entre-las-cinco-instituciones-mas-confiables-del-pais","status":"publish","type":"post","link":"https:\/\/radiorevelacionfm.cl\/?p=53695","title":{"rendered":"Encuesta CEP: La Radio lidera la confianza entre los medios de comunicaci\u00f3n y se ubica entre las cinco instituciones m\u00e1s confiables del pa\u00eds"},"content":{"rendered":"<div class=\"flex_column av_one_full  flex_column_div av-zero-column-padding first  avia-builder-el-0  el_before_av_one_full  avia-builder-el-first  \" style='border-radius:0px; '><div  class='avia-image-container  av-styling-    avia-builder-el-1  avia-builder-el-no-sibling  avia-align-center '  itemprop=\"image\" itemscope=\"itemscope\" itemtype=\"https:\/\/schema.org\/ImageObject\"  ><div class='avia-image-container-inner'><div class='avia-image-overlay-wrap'><img decoding=\"async\" class='wp-image-53696 avia-img-lazy-loading-not-53696 avia_image' src=\"https:\/\/radiorevelacionfm.cl\/wp-content\/uploads\/2025\/05\/archi2-1-1.jpg\" alt='' title='archi2 (1) (1)' height=\"600\" width=\"902\"  itemprop=\"thumbnailUrl\" srcset=\"https:\/\/radiorevelacionfm.cl\/wp-content\/uploads\/2025\/05\/archi2-1-1.jpg 902w, https:\/\/radiorevelacionfm.cl\/wp-content\/uploads\/2025\/05\/archi2-1-1-300x200.jpg 300w, https:\/\/radiorevelacionfm.cl\/wp-content\/uploads\/2025\/05\/archi2-1-1-768x511.jpg 768w, https:\/\/radiorevelacionfm.cl\/wp-content\/uploads\/2025\/05\/archi2-1-1-705x469.jpg 705w, https:\/\/radiorevelacionfm.cl\/wp-content\/uploads\/2025\/05\/archi2-1-1-450x299.jpg 450w, https:\/\/radiorevelacionfm.cl\/wp-content\/uploads\/2025\/05\/archi2-1-1-600x399.jpg 600w\" sizes=\"(max-width: 902px) 100vw, 902px\" \/><\/div><\/div><\/div><\/div><div class=\"flex_column av_one_full  flex_column_div av-zero-column-padding first  avia-builder-el-2  el_after_av_one_full  el_before_av_one_full  column-top-margin\" style='border-radius:0px; '><section class=\"av_textblock_section \"  itemscope=\"itemscope\" itemtype=\"https:\/\/schema.org\/BlogPosting\" itemprop=\"blogPost\" ><div class='avia_textblock  '   itemprop=\"text\" ><p style=\"text-align: center;\"><span style=\"font-size: 18pt;\"><strong>Encuesta CEP: La Radio lidera la confianza entre los medios de comunicaci\u00f3n y se ubica entre las cinco instituciones m\u00e1s confiables del pa\u00eds<\/strong><\/span><\/p>\n<div id=\"gtx-trans\" style=\"position: absolute; left: -50px; top: 4.31534px;\">\n<div class=\"gtx-trans-icon\"><\/div>\n<\/div>\n<\/div><\/section><\/div><div class=\"flex_column av_one_full  flex_column_div av-zero-column-padding first  avia-builder-el-4  el_after_av_one_full  el_before_av_hr  column-top-margin\" style='border-radius:0px; '><section class=\"av_textblock_section \"  itemscope=\"itemscope\" itemtype=\"https:\/\/schema.org\/BlogPosting\" itemprop=\"blogPost\" ><div class='avia_textblock  '   itemprop=\"text\" ><ul>\n<li style=\"text-align: justify;\"><em>Entre veinte instituciones chilenas, solo es superada por la PDI, Carabineros, FFAA y las Universidades.<\/em><\/li>\n<\/ul>\n<p style=\"text-align: justify;\">Nuevamente la Radio se ubica en el primer lugar de confianza entre los medios de comunicaci\u00f3n en Chile y entre las cinco instituciones en las que m\u00e1s conf\u00eda la gente en el pa\u00eds.<\/p>\n<p style=\"text-align: justify;\">Seg\u00fan la \u00faltima encuesta del Centro de Estudios P\u00fablicos CEP, las personas encuestadas ubicaron a la Radio con 43 puntos de confianza entre marzo y abril de 2025.<\/p>\n<p style=\"text-align: justify;\">La radio se encuentra en el quinto lugar entre veinte instituciones, siendo superada solo por la PDI, las Universidades, Carabineros y las Fuerzas Armadas.<\/p>\n<p style=\"text-align: justify;\">Asimismo, la confianza en la Radio supera ampliamente la de instituciones como la Iglesia Cat\u00f3lica y Evang\u00e9lica, las municipalidades, las empresas privadas, el sistema de salud, el Gobierno y los Tribunales de Justicia, entre otras.<\/p>\n<p style=\"text-align: justify;\">El presidente de la Asociaci\u00f3n de Radiodifusores de Chile \u2013ARCHI-, Cristian G\u00e1lvez, destac\u00f3 los resultados se\u00f1alando que \u201chace algunos d\u00edas fue la encuesta CADEM y hoy es la CEP, dos prestigiosos estudios que nos entregan una fotograf\u00eda de la realidad nacional y en ella la Radio sin lugar a dudas juega un papel muy destacado y positivo para el quehacer nacional, ya que nos acompa\u00f1a en el hogar, en el auto, mientras practicamos deporte y en lugar donde estemos. Pero lo principal es que la gente conf\u00eda en nosotros\u201d.<\/p>\n<p style=\"text-align: justify;\">Cabe destacar que la encuesta abarc\u00f3 una muestra de 1.493 personas de 18 a\u00f1os y m\u00e1s residente en zonas urbanas y rurales de 121 comunas del pa\u00eds.<\/p>\n<p style=\"text-align: justify;\">Las entrevistas fueron realizadas por un encuestador\/a cara a cara.<\/p>\n<\/div><\/section><\/div><div  style='height:50px' class='hr hr-invisible   avia-builder-el-6  el_after_av_one_full  el_before_av_social_share '><span class='hr-inner ' ><span class='hr-inner-style'><\/span><\/span><\/div><\/p>\n<div  class='av-social-sharing-box  avia-builder-el-7  el_after_av_hr  el_before_av_hr  '><div class='av-share-box'><h5 class='av-share-link-description av-no-toc '>Compartir esta noticia<\/h5><ul class='av-share-box-list noLightbox'><li class='av-share-link av-social-link-facebook' ><a target=\"_blank\" aria-label=\"Compartir en Facebook\" href='https:\/\/www.facebook.com\/sharer.php?u=https:\/\/radiorevelacionfm.cl\/?p=53695&#038;t=Encuesta%20CEP%3A%20La%20Radio%20lidera%20la%20confianza%20entre%20los%20medios%20de%20comunicaci%C3%B3n%20y%20se%20ubica%20entre%20las%20cinco%20instituciones%20m%C3%A1s%20confiables%20del%20pa%C3%ADs' aria-hidden='false' data-av_icon='\ue8f3' data-av_iconfont='entypo-fontello' title='' data-avia-related-tooltip='Compartir en Facebook' rel=\"noopener\"><span class='avia_hidden_link_text'>Compartir en Facebook<\/span><\/a><\/li><li class='av-share-link av-social-link-twitter' ><a target=\"_blank\" aria-label=\"Compartir en Twitter\" href='https:\/\/twitter.com\/share?text=Encuesta%20CEP%3A%20La%20Radio%20lidera%20la%20confianza%20entre%20los%20medios%20de%20comunicaci%C3%B3n%20y%20se%20ubica%20entre%20las%20cinco%20instituciones%20m%C3%A1s%20confiables%20del%20pa%C3%ADs&#038;url=https:\/\/radiorevelacionfm.cl\/?p=53695' aria-hidden='false' data-av_icon='\ue8f1' data-av_iconfont='entypo-fontello' title='' data-avia-related-tooltip='Compartir en Twitter' rel=\"noopener\"><span class='avia_hidden_link_text'>Compartir en Twitter<\/span><\/a><\/li><li class='av-share-link av-social-link-whatsapp' ><a target=\"_blank\" aria-label=\"Compartir en Whatsapp\" href='https:\/\/api.whatsapp.com\/send?text=https:\/\/radiorevelacionfm.cl\/?p=53695' aria-hidden='false' data-av_icon='\uf232' data-av_iconfont='entypo-fontello' title='' data-avia-related-tooltip='Compartir en Whatsapp' rel=\"noopener\"><span class='avia_hidden_link_text'>Compartir en Whatsapp<\/span><\/a><\/li><li class='av-share-link av-social-link-linkedin' ><a target=\"_blank\" aria-label=\"Compartir en LinkedIn\" href='https:\/\/linkedin.com\/shareArticle?mini=true&#038;title=Encuesta%20CEP%3A%20La%20Radio%20lidera%20la%20confianza%20entre%20los%20medios%20de%20comunicaci%C3%B3n%20y%20se%20ubica%20entre%20las%20cinco%20instituciones%20m%C3%A1s%20confiables%20del%20pa%C3%ADs&#038;url=https:\/\/radiorevelacionfm.cl\/?p=53695' aria-hidden='false' data-av_icon='\ue8fc' data-av_iconfont='entypo-fontello' title='' data-avia-related-tooltip='Compartir en LinkedIn' rel=\"noopener\"><span class='avia_hidden_link_text'>Compartir en LinkedIn<\/span><\/a><\/li><li class='av-share-link av-social-link-mail' ><a  aria-label=\"Compartir por correo\" href='mailto:?subject=Encuesta%20CEP%3A%20La%20Radio%20lidera%20la%20confianza%20entre%20los%20medios%20de%20comunicaci%C3%B3n%20y%20se%20ubica%20entre%20las%20cinco%20instituciones%20m%C3%A1s%20confiables%20del%20pa%C3%ADs&#038;body=https:\/\/radiorevelacionfm.cl\/?p=53695' aria-hidden='false' data-av_icon='\ue805' data-av_iconfont='entypo-fontello' title='' data-avia-related-tooltip='Compartir por correo'><span class='avia_hidden_link_text'>Compartir por correo<\/span><\/a><\/li><\/ul><\/div><\/div>\n<div  style='height:50px' class='hr hr-invisible   avia-builder-el-8  el_after_av_social_share  el_before_av_comments_list '><span class='hr-inner ' ><span class='hr-inner-style'><\/span><\/span><\/div>\n<div  class='av-buildercomment  av-blog-meta-html-info-disabled av-blog-meta-tag-disabled  '><\/div>\n","protected":false},"excerpt":{"rendered":"","protected":false},"author":1,"featured_media":53696,"comment_status":"closed","ping_status":"closed","sticky":false,"template":"","format":"standard","meta":{"footnotes":""},"categories":[61],"tags":[],"class_list":["post-53695","post","type-post","status-publish","format-standard","has-post-thumbnail","hentry","category-nacional"],"jetpack_featured_media_url":"https:\/\/radiorevelacionfm.cl\/wp-content\/uploads\/2025\/05\/archi2-1-1.jpg","_links":{"self":[{"href":"https:\/\/radiorevelacionfm.cl\/index.php?rest_route=\/wp\/v2\/posts\/53695","targetHints":{"allow":["GET"]}}],"collection":[{"href":"https:\/\/radiorevelacionfm.cl\/index.php?rest_route=\/wp\/v2\/posts"}],"about":[{"href":"https:\/\/radiorevelacionfm.cl\/index.php?rest_route=\/wp\/v2\/types\/post"}],"author":[{"embeddable":true,"href":"https:\/\/radiorevelacionfm.cl\/index.php?rest_route=\/wp\/v2\/users\/1"}],"replies":[{"embeddable":true,"href":"https:\/\/radiorevelacionfm.cl\/index.php?rest_route=%2Fwp%2Fv2%2Fcomments&post=53695"}],"version-history":[{"count":2,"href":"https:\/\/radiorevelacionfm.cl\/index.php?rest_route=\/wp\/v2\/posts\/53695\/revisions"}],"predecessor-version":[{"id":53755,"href":"https:\/\/radiorevelacionfm.cl\/index.php?rest_route=\/wp\/v2\/posts\/53695\/revisions\/53755"}],"wp:featuredmedia":[{"embeddable":true,"href":"https:\/\/radiorevelacionfm.cl\/index.php?rest_route=\/wp\/v2\/media\/53696"}],"wp:attachment":[{"href":"https:\/\/radiorevelacionfm.cl\/index.php?rest_route=%2Fwp%2Fv2%2Fmedia&parent=53695"}],"wp:term":[{"taxonomy":"category","embeddable":true,"href":"https:\/\/radiorevelacionfm.cl\/index.php?rest_route=%2Fwp%2Fv2%2Fcategories&post=53695"},{"taxonomy":"post_tag","embeddable":true,"href":"https:\/\/radiorevelacionfm.cl\/index.php?rest_route=%2Fwp%2Fv2%2Ftags&post=53695"}],"curies":[{"name":"wp","href":"https:\/\/api.w.org\/{rel}","templated":true}]}}