{"id":53689,"date":"2025-05-09T11:19:19","date_gmt":"2025-05-09T14:19:19","guid":{"rendered":"https:\/\/radiorevelacionfm.cl\/?p=53689"},"modified":"2025-05-09T11:19:19","modified_gmt":"2025-05-09T14:19:19","slug":"gobernador-santana-expone-en-el-congreso-nacional-sobre-proyecto-de-ley-que-impactaria-las-cuentas-de-luz-en-aysen","status":"publish","type":"post","link":"https:\/\/radiorevelacionfm.cl\/?p=53689","title":{"rendered":"Gobernador Santana expone en el Congreso Nacional sobre proyecto de ley que impactar\u00eda las cuentas de luz en Ays\u00e9n"},"content":{"rendered":"<div class=\"flex_column av_one_full  flex_column_div av-zero-column-padding first  avia-builder-el-0  el_before_av_one_full  avia-builder-el-first  \" style='border-radius:0px; '><div  class='avia-image-container  av-styling-    avia-builder-el-1  avia-builder-el-no-sibling  avia-align-center '  itemprop=\"image\" itemscope=\"itemscope\" itemtype=\"https:\/\/schema.org\/ImageObject\"  ><div class='avia-image-container-inner'><div class='avia-image-overlay-wrap'><img decoding=\"async\" class='wp-image-53690 avia-img-lazy-loading-not-53690 avia_image' src=\"https:\/\/radiorevelacionfm.cl\/wp-content\/uploads\/2025\/05\/01-10-1_optimized.jpeg\" alt='' title='01-(10)-(1)_optimized' height=\"600\" width=\"800\"  itemprop=\"thumbnailUrl\" srcset=\"https:\/\/radiorevelacionfm.cl\/wp-content\/uploads\/2025\/05\/01-10-1_optimized.jpeg 800w, https:\/\/radiorevelacionfm.cl\/wp-content\/uploads\/2025\/05\/01-10-1_optimized-300x225.jpeg 300w, https:\/\/radiorevelacionfm.cl\/wp-content\/uploads\/2025\/05\/01-10-1_optimized-768x576.jpeg 768w, https:\/\/radiorevelacionfm.cl\/wp-content\/uploads\/2025\/05\/01-10-1_optimized-705x529.jpeg 705w, https:\/\/radiorevelacionfm.cl\/wp-content\/uploads\/2025\/05\/01-10-1_optimized-450x338.jpeg 450w, https:\/\/radiorevelacionfm.cl\/wp-content\/uploads\/2025\/05\/01-10-1_optimized-600x450.jpeg 600w\" sizes=\"(max-width: 800px) 100vw, 800px\" \/><\/div><\/div><\/div><\/div><div class=\"flex_column av_one_full  flex_column_div av-zero-column-padding first  avia-builder-el-2  el_after_av_one_full  el_before_av_one_full  column-top-margin\" style='border-radius:0px; '><section class=\"av_textblock_section \"  itemscope=\"itemscope\" itemtype=\"https:\/\/schema.org\/BlogPosting\" itemprop=\"blogPost\" ><div class='avia_textblock  '   itemprop=\"text\" ><p style=\"text-align: center;\"><strong><span style=\"font-size: 18pt;\">Gobernador Santana expone en el Congreso Nacional sobre proyecto de ley que impactar\u00eda las cuentas de luz en Ays\u00e9n<\/span><\/strong><\/p>\n<div id=\"gtx-trans\" style=\"position: absolute; left: -50px; top: 4.31534px;\">\n<div class=\"gtx-trans-icon\"><\/div>\n<\/div>\n<\/div><\/section><\/div><div class=\"flex_column av_one_full  flex_column_div av-zero-column-padding first  avia-builder-el-4  el_after_av_one_full  el_before_av_hr  column-top-margin\" style='border-radius:0px; '><section class=\"av_textblock_section \"  itemscope=\"itemscope\" itemtype=\"https:\/\/schema.org\/BlogPosting\" itemprop=\"blogPost\" ><div class='avia_textblock  '   itemprop=\"text\" ><p style=\"text-align: justify;\"><em>Se trata del proyecto de Ley que perfecciona los Sistemas Medianos y que se encontraba pausado en el Congreso desde agosto de 2024. Tras ocho meses se reactiv\u00f3 la tramitaci\u00f3n gracias a la iniciativa del diputado Marco Antonio Sulantay y gestiones previas del gobernador regional Marcelo Santana.<\/em><\/p>\n<p style=\"text-align: justify;\">El mi\u00e9rcoles 7 de mayo, el gobernador regional de Ays\u00e9n, Marcelo Santana Vargas, present\u00f3 en el Congreso Nacional sobre la necesidad urgente de aprobar la Ley que perfecciona los Sistemas Medianos de Electricidad, iniciativa que permitir\u00eda bajar los costos de la energ\u00eda e impulsar la competencia y la inversi\u00f3n en materia energ\u00e9tica en la regi\u00f3n.<\/p>\n<p style=\"text-align: justify;\">Actualmente, Ays\u00e9n se encuentra entre las regiones con tarifas el\u00e9ctricas m\u00e1s altas del pa\u00eds, lo que afecta directamente la competitividad de las pymes, el comercio y las industrias locales. \u201cLo que busca es bajar los costos de la energ\u00eda en nuestra regi\u00f3n, sobre todo para el \u00e1rea comercial e industrial. Esperamos que esto sea un proyecto de ley que tambi\u00e9n permita la entrada de nuevos actores al sistema energ\u00e9tico regional y con el tiempo vayan disminuyendo los costos de la energ\u00eda as\u00ed lo ha comprometido el mismo ministro en la sesi\u00f3n de hoy\u201d, expres\u00f3 el gobernador Marcelo Santana desde el Congreso Nacional.<\/p>\n<p style=\"text-align: justify;\">El gobernador regional particip\u00f3 en la Comisi\u00f3n de Miner\u00eda y Energ\u00eda de la C\u00e1mara de Diputados, presidida por el parlamentario Marco Antonio Sulantay, a quien el gobernador Marcelo Santana le plante\u00f3 la importancia de reactivar este proyecto previamente.<\/p>\n<p style=\"text-align: justify;\">El diputado Sulantay con respecto a la intervenci\u00f3n del gobernador regional destac\u00f3 su trabajo defendiendo los intereses de la Regi\u00f3n de Ays\u00e9n: \u201cNos ha propuesto tramitar esto con celeridad, porque Ays\u00e9n lo necesita, no solamente para bajar las cuentas de luz, en promedio un 15% a un 20% al menos, sino que tambi\u00e9n para aportar al crecimiento econ\u00f3mico de la regi\u00f3n. Necesitamos tarifas m\u00e1s bajas en Ays\u00e9n para que las empresas puedan tener el incentivo necesario para instalarse y desarrollar su actividad econ\u00f3mica. Y eso, claramente, genera empleo, genera mejores remuneraciones y finalmente mejor para mejorar calidad de vida para todos los habitantes de Ays\u00e9n\u201d.<\/p>\n<p style=\"text-align: justify;\">Por su parte Marcia Raphael, diputada por el Distrito N\u00b027 de la Regi\u00f3n de Ays\u00e9n, destac\u00f3 que esta iniciativa adem\u00e1s de ayudar a disminuir los costos de la energ\u00eda, permitir\u00e1 \u201cdiversificar la matriz. Podemos llegar a dejar de generar energ\u00eda a trav\u00e9s del di\u00e9sel y producir energ\u00eda renovable, e\u00f3lica, h\u00eddrica y solar. Sin duda, esto va a permitir a tener energ\u00eda m\u00e1s barata, sostenible y sustentable\u201d.<\/p>\n<p style=\"text-align: justify;\">En la oportunidad, el gobernador regional agradeci\u00f3 el trabajo t\u00e9cnico desarrollado por el Ministerio de Energ\u00eda, la Seremi regional y el propio Gobierno Regional, se\u00f1alando que la propuesta \u201ces fruto de un trabajo coordinado y sostenido, que hoy encuentra un respaldo transversal en el Congreso. Esperamos que esta ley se apruebe durante 2025, como ya se ha comprometido\u201d.<\/p>\n<p style=\"text-align: justify;\">En Chile, existen 10 sistemas el\u00e9ctricos medianos, todos ubicados en la zona extrema sur del pa\u00eds y cuatro de ellos se encuentran en la Regi\u00f3n de Ays\u00e9n. Estos sistemas est\u00e1n desconectados del Sistema El\u00e9ctrico Nacional (SEN) y tienen una capacidad de generaci\u00f3n instalada entre 50 MW y 200 MW. La Regi\u00f3n de Ays\u00e9n ha sostenido por a\u00f1os una demanda de mayor equidad tarifaria. Con este proyecto, se abre un camino concreto para disminuir las brechas en el acceso a energ\u00eda limpia, continua y asequible en territorios aislados.<\/p>\n<\/div><\/section><\/div><div  style='height:50px' class='hr hr-invisible   avia-builder-el-6  el_after_av_one_full  el_before_av_social_share '><span class='hr-inner ' ><span class='hr-inner-style'><\/span><\/span><\/div><\/p>\n<div  class='av-social-sharing-box  avia-builder-el-7  el_after_av_hr  el_before_av_hr  '><div class='av-share-box'><h5 class='av-share-link-description av-no-toc '>Compartir esta noticia<\/h5><ul class='av-share-box-list noLightbox'><li class='av-share-link av-social-link-facebook' ><a target=\"_blank\" aria-label=\"Compartir en Facebook\" href='https:\/\/www.facebook.com\/sharer.php?u=https:\/\/radiorevelacionfm.cl\/?p=53689&#038;t=Gobernador%20Santana%20expone%20en%20el%20Congreso%20Nacional%20sobre%20proyecto%20de%20ley%20que%20impactar%C3%ADa%20las%20cuentas%20de%20luz%20en%20Ays%C3%A9n' aria-hidden='false' data-av_icon='\ue8f3' data-av_iconfont='entypo-fontello' title='' data-avia-related-tooltip='Compartir en Facebook' rel=\"noopener\"><span class='avia_hidden_link_text'>Compartir en Facebook<\/span><\/a><\/li><li class='av-share-link av-social-link-twitter' ><a target=\"_blank\" aria-label=\"Compartir en Twitter\" href='https:\/\/twitter.com\/share?text=Gobernador%20Santana%20expone%20en%20el%20Congreso%20Nacional%20sobre%20proyecto%20de%20ley%20que%20impactar%C3%ADa%20las%20cuentas%20de%20luz%20en%20Ays%C3%A9n&#038;url=https:\/\/radiorevelacionfm.cl\/?p=53689' aria-hidden='false' data-av_icon='\ue8f1' data-av_iconfont='entypo-fontello' title='' data-avia-related-tooltip='Compartir en Twitter' rel=\"noopener\"><span class='avia_hidden_link_text'>Compartir en Twitter<\/span><\/a><\/li><li class='av-share-link av-social-link-whatsapp' ><a target=\"_blank\" aria-label=\"Compartir en Whatsapp\" href='https:\/\/api.whatsapp.com\/send?text=https:\/\/radiorevelacionfm.cl\/?p=53689' aria-hidden='false' data-av_icon='\uf232' data-av_iconfont='entypo-fontello' title='' data-avia-related-tooltip='Compartir en Whatsapp' rel=\"noopener\"><span class='avia_hidden_link_text'>Compartir en Whatsapp<\/span><\/a><\/li><li class='av-share-link av-social-link-linkedin' ><a target=\"_blank\" aria-label=\"Compartir en LinkedIn\" href='https:\/\/linkedin.com\/shareArticle?mini=true&#038;title=Gobernador%20Santana%20expone%20en%20el%20Congreso%20Nacional%20sobre%20proyecto%20de%20ley%20que%20impactar%C3%ADa%20las%20cuentas%20de%20luz%20en%20Ays%C3%A9n&#038;url=https:\/\/radiorevelacionfm.cl\/?p=53689' aria-hidden='false' data-av_icon='\ue8fc' data-av_iconfont='entypo-fontello' title='' data-avia-related-tooltip='Compartir en LinkedIn' rel=\"noopener\"><span class='avia_hidden_link_text'>Compartir en LinkedIn<\/span><\/a><\/li><li class='av-share-link av-social-link-mail' ><a  aria-label=\"Compartir por correo\" href='mailto:?subject=Gobernador%20Santana%20expone%20en%20el%20Congreso%20Nacional%20sobre%20proyecto%20de%20ley%20que%20impactar%C3%ADa%20las%20cuentas%20de%20luz%20en%20Ays%C3%A9n&#038;body=https:\/\/radiorevelacionfm.cl\/?p=53689' aria-hidden='false' data-av_icon='\ue805' data-av_iconfont='entypo-fontello' title='' data-avia-related-tooltip='Compartir por correo'><span class='avia_hidden_link_text'>Compartir por correo<\/span><\/a><\/li><\/ul><\/div><\/div>\n<div  style='height:50px' class='hr hr-invisible   avia-builder-el-8  el_after_av_social_share  el_before_av_comments_list '><span class='hr-inner ' ><span class='hr-inner-style'><\/span><\/span><\/div>\n<div  class='av-buildercomment  av-blog-meta-html-info-disabled av-blog-meta-tag-disabled  '><\/div>\n","protected":false},"excerpt":{"rendered":"","protected":false},"author":1,"featured_media":53690,"comment_status":"closed","ping_status":"closed","sticky":false,"template":"","format":"standard","meta":{"footnotes":""},"categories":[38],"tags":[],"class_list":["post-53689","post","type-post","status-publish","format-standard","has-post-thumbnail","hentry","category-regional"],"jetpack_featured_media_url":"https:\/\/radiorevelacionfm.cl\/wp-content\/uploads\/2025\/05\/01-10-1_optimized.jpeg","_links":{"self":[{"href":"https:\/\/radiorevelacionfm.cl\/index.php?rest_route=\/wp\/v2\/posts\/53689","targetHints":{"allow":["GET"]}}],"collection":[{"href":"https:\/\/radiorevelacionfm.cl\/index.php?rest_route=\/wp\/v2\/posts"}],"about":[{"href":"https:\/\/radiorevelacionfm.cl\/index.php?rest_route=\/wp\/v2\/types\/post"}],"author":[{"embeddable":true,"href":"https:\/\/radiorevelacionfm.cl\/index.php?rest_route=\/wp\/v2\/users\/1"}],"replies":[{"embeddable":true,"href":"https:\/\/radiorevelacionfm.cl\/index.php?rest_route=%2Fwp%2Fv2%2Fcomments&post=53689"}],"version-history":[{"count":2,"href":"https:\/\/radiorevelacionfm.cl\/index.php?rest_route=\/wp\/v2\/posts\/53689\/revisions"}],"predecessor-version":[{"id":53706,"href":"https:\/\/radiorevelacionfm.cl\/index.php?rest_route=\/wp\/v2\/posts\/53689\/revisions\/53706"}],"wp:featuredmedia":[{"embeddable":true,"href":"https:\/\/radiorevelacionfm.cl\/index.php?rest_route=\/wp\/v2\/media\/53690"}],"wp:attachment":[{"href":"https:\/\/radiorevelacionfm.cl\/index.php?rest_route=%2Fwp%2Fv2%2Fmedia&parent=53689"}],"wp:term":[{"taxonomy":"category","embeddable":true,"href":"https:\/\/radiorevelacionfm.cl\/index.php?rest_route=%2Fwp%2Fv2%2Fcategories&post=53689"},{"taxonomy":"post_tag","embeddable":true,"href":"https:\/\/radiorevelacionfm.cl\/index.php?rest_route=%2Fwp%2Fv2%2Ftags&post=53689"}],"curies":[{"name":"wp","href":"https:\/\/api.w.org\/{rel}","templated":true}]}}