{"id":53686,"date":"2025-05-09T10:06:03","date_gmt":"2025-05-09T13:06:03","guid":{"rendered":"https:\/\/radiorevelacionfm.cl\/?p=53686"},"modified":"2025-05-09T10:16:28","modified_gmt":"2025-05-09T13:16:28","slug":"inauguran-obras-de-mejoramiento-en-seis-plazas-publicas-en-la-comuna-de-cisnes","status":"publish","type":"post","link":"https:\/\/radiorevelacionfm.cl\/?p=53686","title":{"rendered":"Inauguran obras de mejoramiento en seis plazas p\u00fablicas en la comuna de Cisnes"},"content":{"rendered":"<div class=\"flex_column av_one_full  flex_column_div av-zero-column-padding first  avia-builder-el-0  el_before_av_one_full  avia-builder-el-first  \" style='border-radius:0px; '><div  class='avia-image-container  av-styling-    avia-builder-el-1  avia-builder-el-no-sibling  avia-align-center '  itemprop=\"image\" itemscope=\"itemscope\" itemtype=\"https:\/\/schema.org\/ImageObject\"  ><div class='avia-image-container-inner'><div class='avia-image-overlay-wrap'><img decoding=\"async\" class='wp-image-53687 avia-img-lazy-loading-not-53687 avia_image' src=\"https:\/\/radiorevelacionfm.cl\/wp-content\/uploads\/2025\/05\/unnamed-17-1-1-1.jpg\" alt='' title='unnamed (17) (1) (1) (1)' height=\"600\" width=\"899\"  itemprop=\"thumbnailUrl\" srcset=\"https:\/\/radiorevelacionfm.cl\/wp-content\/uploads\/2025\/05\/unnamed-17-1-1-1.jpg 899w, https:\/\/radiorevelacionfm.cl\/wp-content\/uploads\/2025\/05\/unnamed-17-1-1-1-300x200.jpg 300w, https:\/\/radiorevelacionfm.cl\/wp-content\/uploads\/2025\/05\/unnamed-17-1-1-1-768x513.jpg 768w, https:\/\/radiorevelacionfm.cl\/wp-content\/uploads\/2025\/05\/unnamed-17-1-1-1-705x471.jpg 705w, https:\/\/radiorevelacionfm.cl\/wp-content\/uploads\/2025\/05\/unnamed-17-1-1-1-450x300.jpg 450w, https:\/\/radiorevelacionfm.cl\/wp-content\/uploads\/2025\/05\/unnamed-17-1-1-1-600x400.jpg 600w\" sizes=\"(max-width: 899px) 100vw, 899px\" \/><\/div><\/div><\/div><\/div>\n<div class=\"flex_column av_one_full  flex_column_div av-zero-column-padding first  avia-builder-el-2  el_after_av_one_full  el_before_av_one_full  column-top-margin\" style='border-radius:0px; '><section class=\"av_textblock_section \"  itemscope=\"itemscope\" itemtype=\"https:\/\/schema.org\/BlogPosting\" itemprop=\"blogPost\" ><div class='avia_textblock  '   itemprop=\"text\" ><p style=\"text-align: center;\"><strong><span style=\"font-size: 18pt;\">Inauguran obras de mejoramiento en seis plazas p\u00fablicas en la comuna de Cisnes<\/span><\/strong><\/p>\n<div id=\"gtx-trans\" style=\"position: absolute; left: -50px; top: 4.31534px;\">\n<div class=\"gtx-trans-icon\"><\/div>\n<\/div>\n<\/div><\/section><\/div>\n<div class=\"flex_column av_one_full  flex_column_div av-zero-column-padding first  avia-builder-el-4  el_after_av_one_full  el_before_av_hr  column-top-margin\" style='border-radius:0px; '><section class=\"av_textblock_section \"  itemscope=\"itemscope\" itemtype=\"https:\/\/schema.org\/BlogPosting\" itemprop=\"blogPost\" ><div class='avia_textblock  '   itemprop=\"text\" ><p style=\"text-align: justify;\">Estos proyectos, ubicados en la localidad de La Junta, fueron financiados por la Subsecretar\u00eda de Desarrollo Regional y Administrativo (Subdere), por un monto superior a los $424 millones para el mejoramiento y reposici\u00f3n de estos espacios p\u00fablicos, donde se realiz\u00f3 la instalaci\u00f3n de m\u00e1quinas de ejercicio, iluminaci\u00f3n peatonal, pavimentos, esca\u00f1os, entre otros.<\/p>\n<p style=\"text-align: justify;\">En el marco de la agenda en terreno que est\u00e1 realizando este jueves y viernes la subsecretaria de Desarrollo Regional y Administrativo (Subdere), Francisca Perales, durante esta jornada se realiz\u00f3 la inauguraci\u00f3n de las obras de mejoramiento de seis plazas p\u00fablicas en la comuna de Cisnes, espec\u00edficamente la localidad de La Junta; en compa\u00f1\u00eda del alcalde Francisco Roncagliolo y de autoridades locales.<\/p>\n<p style=\"text-align: justify;\">Las seis plazas p\u00fablicas mejoradas tuvieron una inversi\u00f3n total que supera los $424 millones,\u00a0 y contaron con los recursos de la Subsecretar\u00eda de Desarrollo Regional y Administrativo, que permitieron realizar estas obras de mejoramiento las plazas de la localidad de La Junta: recreativa Tom\u00e1s Sol\u00eds; Padre Antonio Ronchi; V\u00edctor Ampuero Ampuero; recreativa 18 de septiembre; recreativa 18 de septiembre; y recreativa Esmeralda.<\/p>\n<p style=\"text-align: justify;\">\u201cEsta visita en terreno tiene que ver en c\u00f3mo estamos trabajando la descentralizaci\u00f3n como parte de una agenda estrat\u00e9gica del gobierno del Presidente Gabriel Boric en donde la descentralizaci\u00f3n de los recursos es algo bastante significativo. Ac\u00e1 en la localidad de La Junta hemos visto c\u00f3mo se ha hecho un trabajo muy fruct\u00edfero entre el gobierno local, el municipio y el gobierno central para poder utilizar los recursos en condiciones de vida para para las personas que habitan estos lugares\u201d, destac\u00f3 la subsecretaria Francisca Perales.<\/p>\n<p style=\"text-align: justify;\">Asimismo, sostuvo que \u201choy inauguramos seis nuevas plazoletas que son espacios p\u00fablicos que antes estaban en deterioro y que ahora son plazas con juegos infantiles, con espacios seguros para que las familias y los ni\u00f1os puedan concurrir. Eso es parte del trabajo que hemos llevado adelante en distintas iniciativas, proyectos el\u00e9ctricos, alumbrado p\u00fablico, entre otros\u201d.<\/p>\n<p style=\"text-align: justify;\">Dentro de las obras de mejoramiento y reposici\u00f3n de estos seis espacios p\u00fablicos, se encuentran la incorporaci\u00f3n de m\u00e1quinas de acondicionamiento f\u00edsico y musculatura, el mejoramiento de la accesibilidad al sector de juegos y m\u00e1quinas, esca\u00f1os, iluminaci\u00f3n peatonal, mejoramiento de accesibilidad, pavimento, entre otros.<\/p>\n<\/div><\/section><\/div><div  style='height:50px' class='hr hr-invisible   avia-builder-el-6  el_after_av_one_full  el_before_av_social_share '><span class='hr-inner ' ><span class='hr-inner-style'><\/span><\/span><\/div><\/p>\n<div  class='av-social-sharing-box  avia-builder-el-7  el_after_av_hr  el_before_av_hr  '><div class='av-share-box'><h5 class='av-share-link-description av-no-toc '>Compartir esta noticia<\/h5><ul class='av-share-box-list noLightbox'><li class='av-share-link av-social-link-facebook' ><a target=\"_blank\" aria-label=\"Compartir en Facebook\" href='https:\/\/www.facebook.com\/sharer.php?u=https:\/\/radiorevelacionfm.cl\/?p=53686&#038;t=Inauguran%20obras%20de%20mejoramiento%20en%20seis%20plazas%20p%C3%BAblicas%20en%20la%20comuna%20de%20Cisnes' aria-hidden='false' data-av_icon='\ue8f3' data-av_iconfont='entypo-fontello' title='' data-avia-related-tooltip='Compartir en Facebook' rel=\"noopener\"><span class='avia_hidden_link_text'>Compartir en Facebook<\/span><\/a><\/li><li class='av-share-link av-social-link-twitter' ><a target=\"_blank\" aria-label=\"Compartir en Twitter\" href='https:\/\/twitter.com\/share?text=Inauguran%20obras%20de%20mejoramiento%20en%20seis%20plazas%20p%C3%BAblicas%20en%20la%20comuna%20de%20Cisnes&#038;url=https:\/\/radiorevelacionfm.cl\/?p=53686' aria-hidden='false' data-av_icon='\ue8f1' data-av_iconfont='entypo-fontello' title='' data-avia-related-tooltip='Compartir en Twitter' rel=\"noopener\"><span class='avia_hidden_link_text'>Compartir en Twitter<\/span><\/a><\/li><li class='av-share-link av-social-link-whatsapp' ><a target=\"_blank\" aria-label=\"Compartir en Whatsapp\" href='https:\/\/api.whatsapp.com\/send?text=https:\/\/radiorevelacionfm.cl\/?p=53686' aria-hidden='false' data-av_icon='\uf232' data-av_iconfont='entypo-fontello' title='' data-avia-related-tooltip='Compartir en Whatsapp' rel=\"noopener\"><span class='avia_hidden_link_text'>Compartir en Whatsapp<\/span><\/a><\/li><li class='av-share-link av-social-link-linkedin' ><a target=\"_blank\" aria-label=\"Compartir en LinkedIn\" href='https:\/\/linkedin.com\/shareArticle?mini=true&#038;title=Inauguran%20obras%20de%20mejoramiento%20en%20seis%20plazas%20p%C3%BAblicas%20en%20la%20comuna%20de%20Cisnes&#038;url=https:\/\/radiorevelacionfm.cl\/?p=53686' aria-hidden='false' data-av_icon='\ue8fc' data-av_iconfont='entypo-fontello' title='' data-avia-related-tooltip='Compartir en LinkedIn' rel=\"noopener\"><span class='avia_hidden_link_text'>Compartir en LinkedIn<\/span><\/a><\/li><li class='av-share-link av-social-link-mail' ><a  aria-label=\"Compartir por correo\" href='mailto:?subject=Inauguran%20obras%20de%20mejoramiento%20en%20seis%20plazas%20p%C3%BAblicas%20en%20la%20comuna%20de%20Cisnes&#038;body=https:\/\/radiorevelacionfm.cl\/?p=53686' aria-hidden='false' data-av_icon='\ue805' data-av_iconfont='entypo-fontello' title='' data-avia-related-tooltip='Compartir por correo'><span class='avia_hidden_link_text'>Compartir por correo<\/span><\/a><\/li><\/ul><\/div><\/div>\n<div  style='height:50px' class='hr hr-invisible   avia-builder-el-8  el_after_av_social_share  el_before_av_comments_list '><span class='hr-inner ' ><span class='hr-inner-style'><\/span><\/span><\/div>\n<div  class='av-buildercomment  av-blog-meta-html-info-disabled av-blog-meta-tag-disabled  '><\/div>\n","protected":false},"excerpt":{"rendered":"","protected":false},"author":1,"featured_media":53687,"comment_status":"closed","ping_status":"closed","sticky":false,"template":"","format":"standard","meta":{"footnotes":""},"categories":[38],"tags":[],"class_list":["post-53686","post","type-post","status-publish","format-standard","has-post-thumbnail","hentry","category-regional"],"jetpack_featured_media_url":"https:\/\/radiorevelacionfm.cl\/wp-content\/uploads\/2025\/05\/unnamed-17-1-1-1.jpg","_links":{"self":[{"href":"https:\/\/radiorevelacionfm.cl\/index.php?rest_route=\/wp\/v2\/posts\/53686","targetHints":{"allow":["GET"]}}],"collection":[{"href":"https:\/\/radiorevelacionfm.cl\/index.php?rest_route=\/wp\/v2\/posts"}],"about":[{"href":"https:\/\/radiorevelacionfm.cl\/index.php?rest_route=\/wp\/v2\/types\/post"}],"author":[{"embeddable":true,"href":"https:\/\/radiorevelacionfm.cl\/index.php?rest_route=\/wp\/v2\/users\/1"}],"replies":[{"embeddable":true,"href":"https:\/\/radiorevelacionfm.cl\/index.php?rest_route=%2Fwp%2Fv2%2Fcomments&post=53686"}],"version-history":[{"count":3,"href":"https:\/\/radiorevelacionfm.cl\/index.php?rest_route=\/wp\/v2\/posts\/53686\/revisions"}],"predecessor-version":[{"id":53700,"href":"https:\/\/radiorevelacionfm.cl\/index.php?rest_route=\/wp\/v2\/posts\/53686\/revisions\/53700"}],"wp:featuredmedia":[{"embeddable":true,"href":"https:\/\/radiorevelacionfm.cl\/index.php?rest_route=\/wp\/v2\/media\/53687"}],"wp:attachment":[{"href":"https:\/\/radiorevelacionfm.cl\/index.php?rest_route=%2Fwp%2Fv2%2Fmedia&parent=53686"}],"wp:term":[{"taxonomy":"category","embeddable":true,"href":"https:\/\/radiorevelacionfm.cl\/index.php?rest_route=%2Fwp%2Fv2%2Fcategories&post=53686"},{"taxonomy":"post_tag","embeddable":true,"href":"https:\/\/radiorevelacionfm.cl\/index.php?rest_route=%2Fwp%2Fv2%2Ftags&post=53686"}],"curies":[{"name":"wp","href":"https:\/\/api.w.org\/{rel}","templated":true}]}}