{"id":5368,"date":"2021-06-17T10:33:19","date_gmt":"2021-06-17T13:33:19","guid":{"rendered":"https:\/\/radiorevelacionfm.cl\/?p=5368"},"modified":"2021-06-17T10:33:19","modified_gmt":"2021-06-17T13:33:19","slug":"escuela-de-puerto-gala-obtiene-1er-lugar-en-concurso-midete-y-recibe-mochila-con-internet-satelital","status":"publish","type":"post","link":"https:\/\/radiorevelacionfm.cl\/?p=5368","title":{"rendered":"Escuela de Puerto Gala obtiene 1er lugar en Concurso MIDEte y recibe mochila con internet satelital"},"content":{"rendered":"<div class=\"flex_column av_one_full  flex_column_div av-zero-column-padding first  avia-builder-el-0  el_before_av_one_full  avia-builder-el-first  \" style='border-radius:0px; '><div  class='avia-image-container  av-styling-    avia-builder-el-1  avia-builder-el-no-sibling  avia-align-center '  itemprop=\"image\" itemscope=\"itemscope\" itemtype=\"https:\/\/schema.org\/ImageObject\"  ><div class='avia-image-container-inner'><div class='avia-image-overlay-wrap'><img decoding=\"async\" class='wp-image-5371 avia-img-lazy-loading-not-5371 avia_image' src=\"https:\/\/radiorevelacionfm.cl\/wp-content\/uploads\/2021\/06\/Puerto-Gala-n-1.jpg\" alt='' title='Puerto Gala n (1)' height=\"600\" width=\"800\"  itemprop=\"thumbnailUrl\" srcset=\"https:\/\/radiorevelacionfm.cl\/wp-content\/uploads\/2021\/06\/Puerto-Gala-n-1.jpg 800w, https:\/\/radiorevelacionfm.cl\/wp-content\/uploads\/2021\/06\/Puerto-Gala-n-1-300x225.jpg 300w, https:\/\/radiorevelacionfm.cl\/wp-content\/uploads\/2021\/06\/Puerto-Gala-n-1-768x576.jpg 768w, https:\/\/radiorevelacionfm.cl\/wp-content\/uploads\/2021\/06\/Puerto-Gala-n-1-705x529.jpg 705w, https:\/\/radiorevelacionfm.cl\/wp-content\/uploads\/2021\/06\/Puerto-Gala-n-1-600x450.jpg 600w\" sizes=\"(max-width: 800px) 100vw, 800px\" \/><\/div><\/div><\/div><\/div><div class=\"flex_column av_one_full  flex_column_div av-zero-column-padding first  avia-builder-el-2  el_after_av_one_full  el_before_av_one_full  column-top-margin\" style='border-radius:0px; '><section class=\"av_textblock_section \"  itemscope=\"itemscope\" itemtype=\"https:\/\/schema.org\/BlogPosting\" itemprop=\"blogPost\" ><div class='avia_textblock  '   itemprop=\"text\" ><p style=\"text-align: center;\"><strong><span style=\"font-size: 18pt;\">Escuela de Puerto Gala obtiene 1er lugar en Concurso MIDEte y recibe mochila con internet satelital <\/span><\/strong><\/p>\n<div id=\"gtx-trans\" style=\"position: absolute; left: -50px; top: 4.31534px;\">\n<div class=\"gtx-trans-icon\"><\/div>\n<\/div>\n<\/div><\/section><\/div><div class=\"flex_column av_one_full  flex_column_div av-zero-column-padding first  avia-builder-el-4  el_after_av_one_full  el_before_av_hr  column-top-margin\" style='border-radius:0px; '><section class=\"av_textblock_section \"  itemscope=\"itemscope\" itemtype=\"https:\/\/schema.org\/BlogPosting\" itemprop=\"blogPost\" ><div class='avia_textblock  '   itemprop=\"text\" ><p style=\"text-align: justify;\">La fundaci\u00f3n Apptitudes a trav\u00e9s de su concurso MIDEte, recibi\u00f3 388 postulaciones de diferentes establecimientos educacionales rurales del pa\u00eds. De un catastro de casi 700 mil alumnos sin internet, esta fundaci\u00f3n nace el 2018 previo a la pandemia. Una realidad lejana de las grandes ciudades, es la debilidad o escasez de zonas con conexi\u00f3n a internet, es por ello que MIDEte, en conjunto con varias empresas, entreg\u00f3 como premio principal una mochila con internet satelital (avaluada en cerca 18 millones de pesos).<\/p>\n<p style=\"text-align: justify;\">MIDE es la aplicaci\u00f3n desarrollada por la Fundaci\u00f3n que permite realizar evaluaciones interactivas sin contar con la conexi\u00f3n a internet de manera permanente. Una vez a la semana es suficiente para poder actualizar contenidos. Importante tambi\u00e9n es se\u00f1ala que el proceso de desarrollo de material es a trav\u00e9s de los mismos profesores, que con la asesor\u00eda de los profesionales de Apptitudes suben a la \u201cnube\u201d el material a desarrollar por los alumnos.<\/p>\n<p style=\"text-align: justify;\">\u201cHoy tenemos un servicio que responde a una gran brecha digital de nuestro pa\u00eds, tenemos muchas escuelas esperando y queremos llegar a la totalidad de ellas, simplificando el aprendizaje y fortaleciendo la calidad de la educaci\u00f3n en Chile. Por ello el llamado es a sumarse con miras en el desarrollo de los profesionales del ma\u00f1ana\u201d, destac\u00f3 Ricardo Mansilla, Director de la Apptitudes.<\/p>\n<p style=\"text-align: justify;\">Al inicio del 2020, la aplicaci\u00f3n Mide llegaba a 41 establecimientos para apoyar sus clases a distancia. Actualmente, son m\u00e1s de 100 escuelas que se benefician con esta plataforma. El concurso MIDEte, entregar\u00e1 una mochila con internet satelital que podr\u00e1 repercutir positivamente a una comunidad y acercarlos tambi\u00e9n a los beneficios de la educaci\u00f3n virtual.<\/p>\n<p style=\"text-align: justify;\">Ha sido tal el nivel de inter\u00e9s que m\u00e1s de 80 instituciones educacionales de todo el pa\u00eds se han inscrito, y nuevas empresas como CCU, Dimarsa, Saesa, Fundaci\u00f3n VTR, Mds Tecnolog\u00eda, Deloitte, Editorial Amanunta, Editorial Zuramerica y UNICEF se unieron para patrocinar y aumentar la cantidad de cupos disponibles.<\/p>\n<p style=\"text-align: justify;\">\u201cNuestro objetivo es ser un interlocutor entre las escuelas, la ruralidad y las organizaciones, siempre con el foco en la educaci\u00f3n y la tecnolog\u00eda. Que se sumen nuevas empresas nos permite poder generar un espacio donde estas puedan impactar positivamente\u201d, expresa Dolores Balbiani, Directora de Relaciones P\u00fablicas de la fundaci\u00f3n.<\/p>\n<p style=\"text-align: justify;\"><strong>GANADORES CONCURSO MIDETE:<\/strong><\/p>\n<p style=\"text-align: justify;\"><strong>Categor\u00eda Escuelas:<\/strong><\/p>\n<p><span style=\"color: #0000ff;\">1er Lugar: Escuela Madre <\/span><span style=\"color: #0000ff;\">de la Divina Providencia \u2013 Cisnes<\/span><\/p>\n<p style=\"text-align: justify;\">2do Lugar: Escuela Concentraci\u00f3n Fronteriza &#8211; Tierra Amarilla<\/p>\n<p style=\"text-align: justify;\">3er Lugar: Escuela Loyola, Chait\u00e9n<\/p>\n<p style=\"text-align: justify;\"><strong>Categor\u00eda Peques:<\/strong><\/p>\n<p>1er Lugar: Alan Benjam\u00edn Pandiaca &#8211; ESCUELA SAN MIGUEL DE CO\u00d1IMO &#8211; Ancud<\/p>\n<p style=\"text-align: justify;\">2do Lugar: Eduardo Samuel Marinao &#8211; Escuela Nueva Dollinco &#8211; Lautaro<\/p>\n<p style=\"text-align: justify;\">3er Lugar: Maite Adonis Maluenda \u2013 Escuela David Rojas Gonz\u00e1lez &#8211; Vicu\u00f1a<\/p>\n<p style=\"text-align: justify;\"><strong>Categor\u00eda Junior: <\/strong><\/p>\n<p>1er Lugar: Erik Ruiz Cardenas &#8211; Escuela Rural Loyola &#8211; Chait\u00e9n<\/p>\n<p style=\"text-align: justify;\">2do Lugar: Mar\u00eda Ignacia Ram\u00edrez &#8211; ESCUELA FRONTERIZA- LONQUIMAY<\/p>\n<p>3er Lugar: Marlene Calbullanca &#8211; ESCUELA N\u00b0 31 RANQUILHUE &#8211; Tir\u00faa<\/p>\n<p style=\"text-align: justify;\"><strong>Categor\u00eda Profes:<\/strong><\/p>\n<p>1er Lugar: Ximena Mu\u00f1oz Ser\u00f3n &#8211; Escuela Rural Loyola \u2013 Chait\u00e9n<\/p>\n<p style=\"text-align: justify;\">2do Lugar: Magaly Yaney Cayuleo &#8211; Escuela G-619 Quechuregue &#8211; Cunco<\/p>\n<p style=\"text-align: justify;\">3er Lugar: Ang\u00e9lica Mar\u00eda Pino \u2013 Escuela GENERAL JOSE MIGUEL CARRERA VERDUGO \u2013 San Carlos<\/p>\n<\/div><\/section><\/div><div  style='height:50px' class='hr hr-invisible   avia-builder-el-6  el_after_av_one_full  el_before_av_social_share '><span class='hr-inner ' ><span class='hr-inner-style'><\/span><\/span><\/div><\/p>\n<div  class='av-social-sharing-box  avia-builder-el-7  el_after_av_hr  el_before_av_hr  '><div class='av-share-box'><h5 class='av-share-link-description av-no-toc '>Compartir esta noticia<\/h5><ul class='av-share-box-list noLightbox'><li class='av-share-link av-social-link-facebook' ><a target=\"_blank\" aria-label=\"Compartir en Facebook\" href='https:\/\/www.facebook.com\/sharer.php?u=https:\/\/radiorevelacionfm.cl\/?p=5368&#038;t=Escuela%20de%20Puerto%20Gala%20obtiene%201er%20lugar%20en%20Concurso%20MIDEte%20y%20recibe%20mochila%20con%20internet%20satelital' aria-hidden='false' data-av_icon='\ue8f3' data-av_iconfont='entypo-fontello' title='' data-avia-related-tooltip='Compartir en Facebook' rel=\"noopener\"><span class='avia_hidden_link_text'>Compartir en Facebook<\/span><\/a><\/li><li class='av-share-link av-social-link-twitter' ><a target=\"_blank\" aria-label=\"Compartir en Twitter\" href='https:\/\/twitter.com\/share?text=Escuela%20de%20Puerto%20Gala%20obtiene%201er%20lugar%20en%20Concurso%20MIDEte%20y%20recibe%20mochila%20con%20internet%20satelital&#038;url=https:\/\/radiorevelacionfm.cl\/?p=5368' aria-hidden='false' data-av_icon='\ue8f1' data-av_iconfont='entypo-fontello' title='' data-avia-related-tooltip='Compartir en Twitter' rel=\"noopener\"><span class='avia_hidden_link_text'>Compartir en Twitter<\/span><\/a><\/li><li class='av-share-link av-social-link-whatsapp' ><a target=\"_blank\" aria-label=\"Compartir en Whatsapp\" href='https:\/\/api.whatsapp.com\/send?text=https:\/\/radiorevelacionfm.cl\/?p=5368' aria-hidden='false' data-av_icon='\uf232' data-av_iconfont='entypo-fontello' title='' data-avia-related-tooltip='Compartir en Whatsapp' rel=\"noopener\"><span class='avia_hidden_link_text'>Compartir en Whatsapp<\/span><\/a><\/li><li class='av-share-link av-social-link-linkedin' ><a target=\"_blank\" aria-label=\"Compartir en LinkedIn\" href='https:\/\/linkedin.com\/shareArticle?mini=true&#038;title=Escuela%20de%20Puerto%20Gala%20obtiene%201er%20lugar%20en%20Concurso%20MIDEte%20y%20recibe%20mochila%20con%20internet%20satelital&#038;url=https:\/\/radiorevelacionfm.cl\/?p=5368' aria-hidden='false' data-av_icon='\ue8fc' data-av_iconfont='entypo-fontello' title='' data-avia-related-tooltip='Compartir en LinkedIn' rel=\"noopener\"><span class='avia_hidden_link_text'>Compartir en LinkedIn<\/span><\/a><\/li><li class='av-share-link av-social-link-mail' ><a  aria-label=\"Compartir por correo\" href='mailto:?subject=Escuela%20de%20Puerto%20Gala%20obtiene%201er%20lugar%20en%20Concurso%20MIDEte%20y%20recibe%20mochila%20con%20internet%20satelital&#038;body=https:\/\/radiorevelacionfm.cl\/?p=5368' aria-hidden='false' data-av_icon='\ue805' data-av_iconfont='entypo-fontello' title='' data-avia-related-tooltip='Compartir por correo'><span class='avia_hidden_link_text'>Compartir por correo<\/span><\/a><\/li><\/ul><\/div><\/div>\n<div  style='height:50px' class='hr hr-invisible   avia-builder-el-8  el_after_av_social_share  el_before_av_comments_list '><span class='hr-inner ' ><span class='hr-inner-style'><\/span><\/span><\/div>\n<div  class='av-buildercomment  av-blog-meta-html-info-disabled av-blog-meta-tag-disabled  '><\/div>\n","protected":false},"excerpt":{"rendered":"","protected":false},"author":1,"featured_media":5371,"comment_status":"open","ping_status":"open","sticky":false,"template":"","format":"standard","meta":{"footnotes":""},"categories":[49],"tags":[],"class_list":["post-5368","post","type-post","status-publish","format-standard","has-post-thumbnail","hentry","category-educacion"],"jetpack_featured_media_url":"https:\/\/radiorevelacionfm.cl\/wp-content\/uploads\/2021\/06\/Puerto-Gala-n-1.jpg","_links":{"self":[{"href":"https:\/\/radiorevelacionfm.cl\/index.php?rest_route=\/wp\/v2\/posts\/5368","targetHints":{"allow":["GET"]}}],"collection":[{"href":"https:\/\/radiorevelacionfm.cl\/index.php?rest_route=\/wp\/v2\/posts"}],"about":[{"href":"https:\/\/radiorevelacionfm.cl\/index.php?rest_route=\/wp\/v2\/types\/post"}],"author":[{"embeddable":true,"href":"https:\/\/radiorevelacionfm.cl\/index.php?rest_route=\/wp\/v2\/users\/1"}],"replies":[{"embeddable":true,"href":"https:\/\/radiorevelacionfm.cl\/index.php?rest_route=%2Fwp%2Fv2%2Fcomments&post=5368"}],"version-history":[{"count":1,"href":"https:\/\/radiorevelacionfm.cl\/index.php?rest_route=\/wp\/v2\/posts\/5368\/revisions"}],"predecessor-version":[{"id":5372,"href":"https:\/\/radiorevelacionfm.cl\/index.php?rest_route=\/wp\/v2\/posts\/5368\/revisions\/5372"}],"wp:featuredmedia":[{"embeddable":true,"href":"https:\/\/radiorevelacionfm.cl\/index.php?rest_route=\/wp\/v2\/media\/5371"}],"wp:attachment":[{"href":"https:\/\/radiorevelacionfm.cl\/index.php?rest_route=%2Fwp%2Fv2%2Fmedia&parent=5368"}],"wp:term":[{"taxonomy":"category","embeddable":true,"href":"https:\/\/radiorevelacionfm.cl\/index.php?rest_route=%2Fwp%2Fv2%2Fcategories&post=5368"},{"taxonomy":"post_tag","embeddable":true,"href":"https:\/\/radiorevelacionfm.cl\/index.php?rest_route=%2Fwp%2Fv2%2Ftags&post=5368"}],"curies":[{"name":"wp","href":"https:\/\/api.w.org\/{rel}","templated":true}]}}