{"id":53678,"date":"2025-05-09T18:14:25","date_gmt":"2025-05-09T21:14:25","guid":{"rendered":"https:\/\/radiorevelacionfm.cl\/?p=53678"},"modified":"2025-05-09T18:14:25","modified_gmt":"2025-05-09T21:14:25","slug":"invitan-a-las-familias-de-aysen-a-ganar-un-viaje-a-la-nasa-para-sus-ninas-y-ninos","status":"publish","type":"post","link":"https:\/\/radiorevelacionfm.cl\/?p=53678","title":{"rendered":"Invitan a las familias de Ays\u00e9n a ganar un viaje a la NASA para sus ni\u00f1as y ni\u00f1os"},"content":{"rendered":"<div class=\"flex_column av_one_full  flex_column_div av-zero-column-padding first  avia-builder-el-0  el_before_av_one_full  avia-builder-el-first  \" style='border-radius:0px; '><div  class='avia-image-container  av-styling-    avia-builder-el-1  avia-builder-el-no-sibling  avia-align-center '  itemprop=\"image\" itemscope=\"itemscope\" itemtype=\"https:\/\/schema.org\/ImageObject\"  ><div class='avia-image-container-inner'><div class='avia-image-overlay-wrap'><img decoding=\"async\" class='wp-image-53679 avia-img-lazy-loading-not-53679 avia_image' src=\"https:\/\/radiorevelacionfm.cl\/wp-content\/uploads\/2025\/05\/foto-1-80-1_optimized-1.jpg\" alt='' title='foto-1-(80)-(1)_optimized (1)' height=\"600\" width=\"1045\"  itemprop=\"thumbnailUrl\" srcset=\"https:\/\/radiorevelacionfm.cl\/wp-content\/uploads\/2025\/05\/foto-1-80-1_optimized-1.jpg 1045w, https:\/\/radiorevelacionfm.cl\/wp-content\/uploads\/2025\/05\/foto-1-80-1_optimized-1-300x172.jpg 300w, https:\/\/radiorevelacionfm.cl\/wp-content\/uploads\/2025\/05\/foto-1-80-1_optimized-1-1030x591.jpg 1030w, https:\/\/radiorevelacionfm.cl\/wp-content\/uploads\/2025\/05\/foto-1-80-1_optimized-1-768x441.jpg 768w, https:\/\/radiorevelacionfm.cl\/wp-content\/uploads\/2025\/05\/foto-1-80-1_optimized-1-705x405.jpg 705w, https:\/\/radiorevelacionfm.cl\/wp-content\/uploads\/2025\/05\/foto-1-80-1_optimized-1-450x258.jpg 450w, https:\/\/radiorevelacionfm.cl\/wp-content\/uploads\/2025\/05\/foto-1-80-1_optimized-1-600x344.jpg 600w\" sizes=\"(max-width: 1045px) 100vw, 1045px\" \/><\/div><\/div><\/div><\/div><div class=\"flex_column av_one_full  flex_column_div av-zero-column-padding first  avia-builder-el-2  el_after_av_one_full  el_before_av_one_full  column-top-margin\" style='border-radius:0px; '><section class=\"av_textblock_section \"  itemscope=\"itemscope\" itemtype=\"https:\/\/schema.org\/BlogPosting\" itemprop=\"blogPost\" ><div class='avia_textblock  '   itemprop=\"text\" ><p style=\"text-align: center;\"><strong><span style=\"font-size: 18pt;\">Invitan a las familias de Ays\u00e9n a ganar un viaje a la NASA para sus ni\u00f1as y ni\u00f1os<\/span><\/strong><\/p>\n<div id=\"gtx-trans\" style=\"position: absolute; left: -50px; top: 4.31534px;\">\n<div class=\"gtx-trans-icon\"><\/div>\n<\/div>\n<\/div><\/section><\/div><div class=\"flex_column av_one_full  flex_column_div av-zero-column-padding first  avia-builder-el-4  el_after_av_one_full  el_before_av_hr  column-top-margin\" style='border-radius:0px; '><section class=\"av_textblock_section \"  itemscope=\"itemscope\" itemtype=\"https:\/\/schema.org\/BlogPosting\" itemprop=\"blogPost\" ><div class='avia_textblock  '   itemprop=\"text\" ><p style=\"text-align: justify;\"><em>En la regi\u00f3n de Ays\u00e9n s\u00f3lo 144 p\u00e1rvulos han sido inscritos en www.hazquedespeguen.cl para tener la posibilidad de visitar el Centro Espacial Kennedy en Estados Unidos junto a su apoderado y con todos los gastos pagados.<\/em><\/p>\n<p style=\"text-align: justify;\">Que ninguna ni\u00f1a o ni\u00f1o se quede sin la oportunidad de so\u00f1ar con viajar a la NASA. Con ese objetivo, los reconocidos rostros de televisi\u00f3n Francisco Saavedra, Priscilla Vargas y Jos\u00e9 Luis Repenning se sumaron a la difusi\u00f3n del concurso \u201cHaz que Despeguen\u201d que busca incentivar la asistencia a clases en educaci\u00f3n parvularia.<\/p>\n<p style=\"text-align: justify;\">La iniciativa de Fundaci\u00f3n Educacional Oportunidad se encuentra en la mitad de su plazo de postulaci\u00f3n -que vence el 30 de junio- y en la regi\u00f3n de Ays\u00e9n s\u00f3lo hay 144 inscritos a la fecha.<\/p>\n<p style=\"text-align: justify;\">Cabe recordar que \u201cHaz que Despeguen\u201d premiar\u00e1 a una ni\u00f1a o ni\u00f1o por cada regi\u00f3n de Chile -16 en total- que asistan a educaci\u00f3n parvularia en jardines infantiles o establecimientos p\u00fablicos o particulares subvencionados. El premio consiste en un viaje a Estados Unidos, junto a su apoderado, con todos los gastos pagados donde adem\u00e1s del centro espacial podr\u00e1n disfrutar de otros atractivos tur\u00edsticos de la ciudad de Orlando.<\/p>\n<p style=\"text-align: justify;\">La directora ejecutiva de Fundaci\u00f3n Educacional Oportunidad, Mar\u00eda de la Luz Gonz\u00e1lez, se\u00f1al\u00f3 que \u201chemos tenido la oportunidad de contar con reconocidos rostros de la televisi\u00f3n, como Francisco, Priscilla y Jos\u00e9 Luis, lo que nos ayuda a llegar a un mayor n\u00famero de familias. Nuestro objetivo es que ninguna familia se quede sin la posibilidad de que su hijo o hija pueda so\u00f1ar con viajar a la NASA, gracias a su asistencia y compromiso con la escuela o jard\u00edn\u201d.<\/p>\n<p style=\"text-align: justify;\">Adem\u00e1s, agreg\u00f3 que \u201chacemos un llamado a todas las familias de la regi\u00f3n a visitar www.hazquedespeguen.cl para que inscriban a las ni\u00f1as y ni\u00f1os y tambi\u00e9n a las comunidades educativas para que apoyen en este proceso a quienes tengan problemas de acceso a internet u otros\u201d.<\/p>\n<p style=\"text-align: justify;\">LINK A VIDEO PANCHO https:\/\/www.instagram.com\/reel\/DJSfw7Yy85z\/?igsh=b3ptZ2Q4eTlhMDl1<\/p>\n<p style=\"text-align: justify;\">LINK A VIDEO JL Y PRISCILLA https:\/\/www.instagram.com\/reel\/DJVDHANxSmQ\/?igsh=cGx6bGhpeGc2aDBs<\/p>\n<p style=\"text-align: justify;\"><strong>MISION ESPACIAL PARA EDUCADORAS<\/strong><\/p>\n<p style=\"text-align: justify;\"><strong>Adem\u00e1s del premio para ni\u00f1as y ni\u00f1os<\/strong>, \u201cHaz que Despeguen\u201d incorpor\u00f3 una categor\u00eda para educadoras, t\u00e9cnicos y co-educadoras de p\u00e1rvulos que tambi\u00e9n podr\u00e1n ser parte de la delegaci\u00f3n que viajar\u00e1 al Centro Espacial Kennedy en Estados Unidos.<\/p>\n<p style=\"text-align: justify;\">En esta categor\u00eda, el concurso considerar\u00e1 que, al cierre del primer semestre, logren una asistencia destacada del mayor n\u00famero de ni\u00f1as y ni\u00f1os de sus cursos considerando los niveles medio menor, medio mayor, prek\u00ednder y k\u00ednder.<\/p>\n<p style=\"text-align: justify;\">Para participar las ni\u00f1as y ni\u00f1os, as\u00ed como educadoras y\/t\u00e9cnicos en p\u00e1rvulos deben inscribirse en www.hazquedespeguen.cl hasta el 30 de junio de 2025 y cumplir con lo establecido en las bases del concurso.<\/p>\n<\/div><\/section><\/div><div  style='height:50px' class='hr hr-invisible   avia-builder-el-6  el_after_av_one_full  el_before_av_social_share '><span class='hr-inner ' ><span class='hr-inner-style'><\/span><\/span><\/div><\/p>\n<div  class='av-social-sharing-box  avia-builder-el-7  el_after_av_hr  el_before_av_hr  '><div class='av-share-box'><h5 class='av-share-link-description av-no-toc '>Compartir esta noticia<\/h5><ul class='av-share-box-list noLightbox'><li class='av-share-link av-social-link-facebook' ><a target=\"_blank\" aria-label=\"Compartir en Facebook\" href='https:\/\/www.facebook.com\/sharer.php?u=https:\/\/radiorevelacionfm.cl\/?p=53678&#038;t=Invitan%20a%20las%20familias%20de%20Ays%C3%A9n%20a%20ganar%20un%20viaje%20a%20la%20NASA%20para%20sus%20ni%C3%B1as%20y%20ni%C3%B1os' aria-hidden='false' data-av_icon='\ue8f3' data-av_iconfont='entypo-fontello' title='' data-avia-related-tooltip='Compartir en Facebook' rel=\"noopener\"><span class='avia_hidden_link_text'>Compartir en Facebook<\/span><\/a><\/li><li class='av-share-link av-social-link-twitter' ><a target=\"_blank\" aria-label=\"Compartir en Twitter\" href='https:\/\/twitter.com\/share?text=Invitan%20a%20las%20familias%20de%20Ays%C3%A9n%20a%20ganar%20un%20viaje%20a%20la%20NASA%20para%20sus%20ni%C3%B1as%20y%20ni%C3%B1os&#038;url=https:\/\/radiorevelacionfm.cl\/?p=53678' aria-hidden='false' data-av_icon='\ue8f1' data-av_iconfont='entypo-fontello' title='' data-avia-related-tooltip='Compartir en Twitter' rel=\"noopener\"><span class='avia_hidden_link_text'>Compartir en Twitter<\/span><\/a><\/li><li class='av-share-link av-social-link-whatsapp' ><a target=\"_blank\" aria-label=\"Compartir en Whatsapp\" href='https:\/\/api.whatsapp.com\/send?text=https:\/\/radiorevelacionfm.cl\/?p=53678' aria-hidden='false' data-av_icon='\uf232' data-av_iconfont='entypo-fontello' title='' data-avia-related-tooltip='Compartir en Whatsapp' rel=\"noopener\"><span class='avia_hidden_link_text'>Compartir en Whatsapp<\/span><\/a><\/li><li class='av-share-link av-social-link-linkedin' ><a target=\"_blank\" aria-label=\"Compartir en LinkedIn\" href='https:\/\/linkedin.com\/shareArticle?mini=true&#038;title=Invitan%20a%20las%20familias%20de%20Ays%C3%A9n%20a%20ganar%20un%20viaje%20a%20la%20NASA%20para%20sus%20ni%C3%B1as%20y%20ni%C3%B1os&#038;url=https:\/\/radiorevelacionfm.cl\/?p=53678' aria-hidden='false' data-av_icon='\ue8fc' data-av_iconfont='entypo-fontello' title='' data-avia-related-tooltip='Compartir en LinkedIn' rel=\"noopener\"><span class='avia_hidden_link_text'>Compartir en LinkedIn<\/span><\/a><\/li><li class='av-share-link av-social-link-mail' ><a  aria-label=\"Compartir por correo\" href='mailto:?subject=Invitan%20a%20las%20familias%20de%20Ays%C3%A9n%20a%20ganar%20un%20viaje%20a%20la%20NASA%20para%20sus%20ni%C3%B1as%20y%20ni%C3%B1os&#038;body=https:\/\/radiorevelacionfm.cl\/?p=53678' aria-hidden='false' data-av_icon='\ue805' data-av_iconfont='entypo-fontello' title='' data-avia-related-tooltip='Compartir por correo'><span class='avia_hidden_link_text'>Compartir por correo<\/span><\/a><\/li><\/ul><\/div><\/div>\n<div  style='height:50px' class='hr hr-invisible   avia-builder-el-8  el_after_av_social_share  el_before_av_comments_list '><span class='hr-inner ' ><span class='hr-inner-style'><\/span><\/span><\/div>\n<div  class='av-buildercomment  av-blog-meta-html-info-disabled av-blog-meta-tag-disabled  '><\/div>\n","protected":false},"excerpt":{"rendered":"","protected":false},"author":1,"featured_media":53679,"comment_status":"closed","ping_status":"closed","sticky":false,"template":"","format":"standard","meta":{"footnotes":""},"categories":[38],"tags":[],"class_list":["post-53678","post","type-post","status-publish","format-standard","has-post-thumbnail","hentry","category-regional"],"jetpack_featured_media_url":"https:\/\/radiorevelacionfm.cl\/wp-content\/uploads\/2025\/05\/foto-1-80-1_optimized-1.jpg","_links":{"self":[{"href":"https:\/\/radiorevelacionfm.cl\/index.php?rest_route=\/wp\/v2\/posts\/53678","targetHints":{"allow":["GET"]}}],"collection":[{"href":"https:\/\/radiorevelacionfm.cl\/index.php?rest_route=\/wp\/v2\/posts"}],"about":[{"href":"https:\/\/radiorevelacionfm.cl\/index.php?rest_route=\/wp\/v2\/types\/post"}],"author":[{"embeddable":true,"href":"https:\/\/radiorevelacionfm.cl\/index.php?rest_route=\/wp\/v2\/users\/1"}],"replies":[{"embeddable":true,"href":"https:\/\/radiorevelacionfm.cl\/index.php?rest_route=%2Fwp%2Fv2%2Fcomments&post=53678"}],"version-history":[{"count":2,"href":"https:\/\/radiorevelacionfm.cl\/index.php?rest_route=\/wp\/v2\/posts\/53678\/revisions"}],"predecessor-version":[{"id":53744,"href":"https:\/\/radiorevelacionfm.cl\/index.php?rest_route=\/wp\/v2\/posts\/53678\/revisions\/53744"}],"wp:featuredmedia":[{"embeddable":true,"href":"https:\/\/radiorevelacionfm.cl\/index.php?rest_route=\/wp\/v2\/media\/53679"}],"wp:attachment":[{"href":"https:\/\/radiorevelacionfm.cl\/index.php?rest_route=%2Fwp%2Fv2%2Fmedia&parent=53678"}],"wp:term":[{"taxonomy":"category","embeddable":true,"href":"https:\/\/radiorevelacionfm.cl\/index.php?rest_route=%2Fwp%2Fv2%2Fcategories&post=53678"},{"taxonomy":"post_tag","embeddable":true,"href":"https:\/\/radiorevelacionfm.cl\/index.php?rest_route=%2Fwp%2Fv2%2Ftags&post=53678"}],"curies":[{"name":"wp","href":"https:\/\/api.w.org\/{rel}","templated":true}]}}