{"id":53675,"date":"2025-05-09T10:40:48","date_gmt":"2025-05-09T13:40:48","guid":{"rendered":"https:\/\/radiorevelacionfm.cl\/?p=53675"},"modified":"2025-05-09T10:40:48","modified_gmt":"2025-05-09T13:40:48","slug":"vecinos-de-sector-salto-chico-se-reunieron-con-edelaysen-para-solicitar-mas-seguridad-y-continuidad-en-el-suministro-electrico","status":"publish","type":"post","link":"https:\/\/radiorevelacionfm.cl\/?p=53675","title":{"rendered":"Vecinos de sector Salto Chico se reunieron con Edelaysen para solicitar m\u00e1s seguridad y continuidad en el suministro el\u00e9ctrico"},"content":{"rendered":"<div class=\"flex_column av_one_full  flex_column_div av-zero-column-padding first  avia-builder-el-0  el_before_av_one_full  avia-builder-el-first  \" style='border-radius:0px; '><div  class='avia-image-container  av-styling-    avia-builder-el-1  avia-builder-el-no-sibling  avia-align-center '  itemprop=\"image\" itemscope=\"itemscope\" itemtype=\"https:\/\/schema.org\/ImageObject\"  ><div class='avia-image-container-inner'><div class='avia-image-overlay-wrap'><img decoding=\"async\" class='wp-image-53676 avia-img-lazy-loading-not-53676 avia_image' src=\"https:\/\/radiorevelacionfm.cl\/wp-content\/uploads\/2025\/05\/09.05.2025-Salto-Chico1-1-1.jpeg\" alt='' title='09.05.2025 Salto Chico1 (1) (1)' height=\"600\" width=\"969\"  itemprop=\"thumbnailUrl\" srcset=\"https:\/\/radiorevelacionfm.cl\/wp-content\/uploads\/2025\/05\/09.05.2025-Salto-Chico1-1-1.jpeg 969w, https:\/\/radiorevelacionfm.cl\/wp-content\/uploads\/2025\/05\/09.05.2025-Salto-Chico1-1-1-300x186.jpeg 300w, https:\/\/radiorevelacionfm.cl\/wp-content\/uploads\/2025\/05\/09.05.2025-Salto-Chico1-1-1-768x476.jpeg 768w, https:\/\/radiorevelacionfm.cl\/wp-content\/uploads\/2025\/05\/09.05.2025-Salto-Chico1-1-1-705x437.jpeg 705w, https:\/\/radiorevelacionfm.cl\/wp-content\/uploads\/2025\/05\/09.05.2025-Salto-Chico1-1-1-450x279.jpeg 450w, https:\/\/radiorevelacionfm.cl\/wp-content\/uploads\/2025\/05\/09.05.2025-Salto-Chico1-1-1-600x372.jpeg 600w\" sizes=\"(max-width: 969px) 100vw, 969px\" \/><\/div><\/div><\/div><\/div><div class=\"flex_column av_one_full  flex_column_div av-zero-column-padding first  avia-builder-el-2  el_after_av_one_full  el_before_av_one_full  column-top-margin\" style='border-radius:0px; '><section class=\"av_textblock_section \"  itemscope=\"itemscope\" itemtype=\"https:\/\/schema.org\/BlogPosting\" itemprop=\"blogPost\" ><div class='avia_textblock  '   itemprop=\"text\" ><p style=\"text-align: center;\"><strong><span style=\"font-size: 18pt;\">Vecinos de sector Salto Chico se reunieron con Edelaysen para solicitar m\u00e1s seguridad y continuidad en el suministro el\u00e9ctrico<\/span><\/strong><\/p>\n<div id=\"gtx-trans\" style=\"position: absolute; left: -50px; top: 4.31534px;\">\n<div class=\"gtx-trans-icon\"><\/div>\n<\/div>\n<\/div><\/section><\/div><div class=\"flex_column av_one_full  flex_column_div av-zero-column-padding first  avia-builder-el-4  el_after_av_one_full  el_before_av_hr  column-top-margin\" style='border-radius:0px; '><section class=\"av_textblock_section \"  itemscope=\"itemscope\" itemtype=\"https:\/\/schema.org\/BlogPosting\" itemprop=\"blogPost\" ><div class='avia_textblock  '   itemprop=\"text\" ><p style=\"text-align: justify;\"><em>A la cita tambi\u00e9n llegaron autoridades regionales, representantes del sector p\u00fablico y privado, donde se abordaron diversas problem\u00e1ticas de la zona.<\/em><\/p>\n<p style=\"text-align: justify;\">Representantes de Edelaysen<strong>\u00a0<\/strong>asistieron a la reuni\u00f3n convocada por la junta de vecinos N\u00b017 del sector Salto Chico de la comuna de Coyhaique. Instancia que tuvo como objetivo dialogar directamente con autoridades regionales y representantes del sector p\u00fablico y privado, sobre las principales necesidades del sector. Fue as\u00ed como asisti\u00f3 el gobernador regional, parlamentarios, representantes de la Municipalidad de Coyhaique, MOP y la el\u00e9ctrica.<\/p>\n<p style=\"text-align: justify;\">Entre las tem\u00e1ticas abordadas fue el deterioro del alumbrado p\u00fablico en el acceso sur, cuya mantenci\u00f3n y administraci\u00f3n corresponde al municipio. En este contexto, y en un trabajo colaborativo, Edelaysen junto al municipio realizaron el recambio de ocho luminarias existentes, lo que permiti\u00f3 mejorar las condiciones de seguridad y bienestar para las familias rurales del sector.<\/p>\n<p style=\"text-align: justify;\">\u201cAgradecemos la invitaci\u00f3n de la junta de vecinos a esta importante reuni\u00f3n donde tambi\u00e9n pudimos presentar nuestro proyecto fotovoltaico. Estas soluciones no solo buscan aportar a una mejor calidad del servicio, sino que tambi\u00e9n demuestran el compromiso que existe con las zonas rurales y su desarrollo\u201d, se\u00f1al\u00f3 Arturo Coronado, jefe de proyectos de Edelaysen.<\/p>\n<p style=\"text-align: justify;\">Patricia Garc\u00eda, presidenta de la junta de vecinos del sector destac\u00f3: \u201cNuestro punto clave, como vecinos estrat\u00e9gicos de Edelaysen fue solicitarles al igual que al municipio, la instalaci\u00f3n o cambio de las luminarias que est\u00e1n en el acceso hacia el Salto Chico porque estaban hace a\u00f1os ah\u00ed y alumbraban poco. Igual nos enteramos de un sistema fotovoltaico que va a ser instalado en el sector, donde la empresa fue muy clara en exponer sobre lo que se har\u00e1 y cu\u00e1les ser\u00e1n los avances hacia nuestra comunidad en Salto Chico, as\u00ed que muy agradecida de Edelaysen y espero que sigamos con estos lazos de mayor comunicaci\u00f3n\u201d.<\/p>\n<p style=\"text-align: justify;\">De acuerdo con lo indicado por la vecina, durante la jornada, tambi\u00e9n se present\u00f3 a la comunidad el proyecto \u201cParque Fotovoltaico Cerro Sombrero\u201d impulsado por Edelaysen, que busca fortalecer la resiliencia y sustentabilidad del sistema el\u00e9ctrico local. Esta iniciativa permitir\u00e1 reducir las zonas afectadas ante interrupciones, disminuir los tiempos de reposici\u00f3n del suministro el\u00e9ctrico y avanzar hacia una matriz m\u00e1s limpia y eficiente, con menores emisiones de carbono y costos de generaci\u00f3n.<\/p>\n<p style=\"text-align: justify;\">Durante la reuni\u00f3n se respondieron inquietudes de vecinos y autoridades, y se acordaron nuevas instancias de trabajo conjunto para avanzar en la implementaci\u00f3n del proyecto, as\u00ed como tambi\u00e9n ir respondiendo a las consultas e inquietudes de los vecinos del sector Salto Chico de Coyhaique.<\/p>\n<p style=\"text-align: justify;\"><strong>\u00a0<\/strong><\/p>\n<p style=\"text-align: justify;\"><strong>\u00a0<\/strong><\/p>\n<\/div><\/section><\/div><div  style='height:50px' class='hr hr-invisible   avia-builder-el-6  el_after_av_one_full  el_before_av_social_share '><span class='hr-inner ' ><span class='hr-inner-style'><\/span><\/span><\/div><\/p>\n<div  class='av-social-sharing-box  avia-builder-el-7  el_after_av_hr  el_before_av_hr  '><div class='av-share-box'><h5 class='av-share-link-description av-no-toc '>Compartir esta noticia<\/h5><ul class='av-share-box-list noLightbox'><li class='av-share-link av-social-link-facebook' ><a target=\"_blank\" aria-label=\"Compartir en Facebook\" href='https:\/\/www.facebook.com\/sharer.php?u=https:\/\/radiorevelacionfm.cl\/?p=53675&#038;t=Vecinos%20de%20sector%20Salto%20Chico%20se%20reunieron%20con%20Edelaysen%20para%20solicitar%20m%C3%A1s%20seguridad%20y%20continuidad%20en%20el%20suministro%20el%C3%A9ctrico' aria-hidden='false' data-av_icon='\ue8f3' data-av_iconfont='entypo-fontello' title='' data-avia-related-tooltip='Compartir en Facebook' rel=\"noopener\"><span class='avia_hidden_link_text'>Compartir en Facebook<\/span><\/a><\/li><li class='av-share-link av-social-link-twitter' ><a target=\"_blank\" aria-label=\"Compartir en Twitter\" href='https:\/\/twitter.com\/share?text=Vecinos%20de%20sector%20Salto%20Chico%20se%20reunieron%20con%20Edelaysen%20para%20solicitar%20m%C3%A1s%20seguridad%20y%20continuidad%20en%20el%20suministro%20el%C3%A9ctrico&#038;url=https:\/\/radiorevelacionfm.cl\/?p=53675' aria-hidden='false' data-av_icon='\ue8f1' data-av_iconfont='entypo-fontello' title='' data-avia-related-tooltip='Compartir en Twitter' rel=\"noopener\"><span class='avia_hidden_link_text'>Compartir en Twitter<\/span><\/a><\/li><li class='av-share-link av-social-link-whatsapp' ><a target=\"_blank\" aria-label=\"Compartir en Whatsapp\" href='https:\/\/api.whatsapp.com\/send?text=https:\/\/radiorevelacionfm.cl\/?p=53675' aria-hidden='false' data-av_icon='\uf232' data-av_iconfont='entypo-fontello' title='' data-avia-related-tooltip='Compartir en Whatsapp' rel=\"noopener\"><span class='avia_hidden_link_text'>Compartir en Whatsapp<\/span><\/a><\/li><li class='av-share-link av-social-link-linkedin' ><a target=\"_blank\" aria-label=\"Compartir en LinkedIn\" href='https:\/\/linkedin.com\/shareArticle?mini=true&#038;title=Vecinos%20de%20sector%20Salto%20Chico%20se%20reunieron%20con%20Edelaysen%20para%20solicitar%20m%C3%A1s%20seguridad%20y%20continuidad%20en%20el%20suministro%20el%C3%A9ctrico&#038;url=https:\/\/radiorevelacionfm.cl\/?p=53675' aria-hidden='false' data-av_icon='\ue8fc' data-av_iconfont='entypo-fontello' title='' data-avia-related-tooltip='Compartir en LinkedIn' rel=\"noopener\"><span class='avia_hidden_link_text'>Compartir en LinkedIn<\/span><\/a><\/li><li class='av-share-link av-social-link-mail' ><a  aria-label=\"Compartir por correo\" href='mailto:?subject=Vecinos%20de%20sector%20Salto%20Chico%20se%20reunieron%20con%20Edelaysen%20para%20solicitar%20m%C3%A1s%20seguridad%20y%20continuidad%20en%20el%20suministro%20el%C3%A9ctrico&#038;body=https:\/\/radiorevelacionfm.cl\/?p=53675' aria-hidden='false' data-av_icon='\ue805' data-av_iconfont='entypo-fontello' title='' data-avia-related-tooltip='Compartir por correo'><span class='avia_hidden_link_text'>Compartir por correo<\/span><\/a><\/li><\/ul><\/div><\/div>\n<div  style='height:50px' class='hr hr-invisible   avia-builder-el-8  el_after_av_social_share  el_before_av_comments_list '><span class='hr-inner ' ><span class='hr-inner-style'><\/span><\/span><\/div>\n<div  class='av-buildercomment  av-blog-meta-html-info-disabled av-blog-meta-tag-disabled  '><\/div>\n","protected":false},"excerpt":{"rendered":"","protected":false},"author":1,"featured_media":53676,"comment_status":"closed","ping_status":"closed","sticky":false,"template":"","format":"standard","meta":{"footnotes":""},"categories":[38],"tags":[],"class_list":["post-53675","post","type-post","status-publish","format-standard","has-post-thumbnail","hentry","category-regional"],"jetpack_featured_media_url":"https:\/\/radiorevelacionfm.cl\/wp-content\/uploads\/2025\/05\/09.05.2025-Salto-Chico1-1-1.jpeg","_links":{"self":[{"href":"https:\/\/radiorevelacionfm.cl\/index.php?rest_route=\/wp\/v2\/posts\/53675","targetHints":{"allow":["GET"]}}],"collection":[{"href":"https:\/\/radiorevelacionfm.cl\/index.php?rest_route=\/wp\/v2\/posts"}],"about":[{"href":"https:\/\/radiorevelacionfm.cl\/index.php?rest_route=\/wp\/v2\/types\/post"}],"author":[{"embeddable":true,"href":"https:\/\/radiorevelacionfm.cl\/index.php?rest_route=\/wp\/v2\/users\/1"}],"replies":[{"embeddable":true,"href":"https:\/\/radiorevelacionfm.cl\/index.php?rest_route=%2Fwp%2Fv2%2Fcomments&post=53675"}],"version-history":[{"count":2,"href":"https:\/\/radiorevelacionfm.cl\/index.php?rest_route=\/wp\/v2\/posts\/53675\/revisions"}],"predecessor-version":[{"id":53705,"href":"https:\/\/radiorevelacionfm.cl\/index.php?rest_route=\/wp\/v2\/posts\/53675\/revisions\/53705"}],"wp:featuredmedia":[{"embeddable":true,"href":"https:\/\/radiorevelacionfm.cl\/index.php?rest_route=\/wp\/v2\/media\/53676"}],"wp:attachment":[{"href":"https:\/\/radiorevelacionfm.cl\/index.php?rest_route=%2Fwp%2Fv2%2Fmedia&parent=53675"}],"wp:term":[{"taxonomy":"category","embeddable":true,"href":"https:\/\/radiorevelacionfm.cl\/index.php?rest_route=%2Fwp%2Fv2%2Fcategories&post=53675"},{"taxonomy":"post_tag","embeddable":true,"href":"https:\/\/radiorevelacionfm.cl\/index.php?rest_route=%2Fwp%2Fv2%2Ftags&post=53675"}],"curies":[{"name":"wp","href":"https:\/\/api.w.org\/{rel}","templated":true}]}}