{"id":53671,"date":"2025-05-08T18:23:27","date_gmt":"2025-05-08T21:23:27","guid":{"rendered":"https:\/\/radiorevelacionfm.cl\/?p=53671"},"modified":"2025-05-08T18:23:27","modified_gmt":"2025-05-08T21:23:27","slug":"en-balmaceda-pdi-detuvo-a-dos-imputados-por-maltrato-animal-y-recupera-perros-galgos-heridos","status":"publish","type":"post","link":"https:\/\/radiorevelacionfm.cl\/?p=53671","title":{"rendered":"En Balmaceda: PDI detuvo a dos imputados por maltrato animal y recupera perros galgos heridos"},"content":{"rendered":"<div class=\"flex_column av_one_full  flex_column_div av-zero-column-padding first  avia-builder-el-0  el_before_av_one_full  avia-builder-el-first  \" style='border-radius:0px; '><div  class='avia-image-container  av-styling-    avia-builder-el-1  avia-builder-el-no-sibling  avia-align-center '  itemprop=\"image\" itemscope=\"itemscope\" itemtype=\"https:\/\/schema.org\/ImageObject\"  ><div class='avia-image-container-inner'><div class='avia-image-overlay-wrap'><img decoding=\"async\" class='wp-image-53672 avia-img-lazy-loading-not-53672 avia_image' src=\"https:\/\/radiorevelacionfm.cl\/wp-content\/uploads\/2025\/05\/WhatsApp-Image-2025-05-07-at-4.39.01-PM-1-1.jpeg\" alt='' title='WhatsApp Image 2025-05-07 at 4.39.01 PM (1) (1)' height=\"600\" width=\"798\"  itemprop=\"thumbnailUrl\" srcset=\"https:\/\/radiorevelacionfm.cl\/wp-content\/uploads\/2025\/05\/WhatsApp-Image-2025-05-07-at-4.39.01-PM-1-1.jpeg 798w, https:\/\/radiorevelacionfm.cl\/wp-content\/uploads\/2025\/05\/WhatsApp-Image-2025-05-07-at-4.39.01-PM-1-1-300x226.jpeg 300w, https:\/\/radiorevelacionfm.cl\/wp-content\/uploads\/2025\/05\/WhatsApp-Image-2025-05-07-at-4.39.01-PM-1-1-768x577.jpeg 768w, https:\/\/radiorevelacionfm.cl\/wp-content\/uploads\/2025\/05\/WhatsApp-Image-2025-05-07-at-4.39.01-PM-1-1-705x530.jpeg 705w, https:\/\/radiorevelacionfm.cl\/wp-content\/uploads\/2025\/05\/WhatsApp-Image-2025-05-07-at-4.39.01-PM-1-1-450x338.jpeg 450w, https:\/\/radiorevelacionfm.cl\/wp-content\/uploads\/2025\/05\/WhatsApp-Image-2025-05-07-at-4.39.01-PM-1-1-600x451.jpeg 600w\" sizes=\"(max-width: 798px) 100vw, 798px\" \/><\/div><\/div><\/div><\/div><div class=\"flex_column av_one_full  flex_column_div av-zero-column-padding first  avia-builder-el-2  el_after_av_one_full  el_before_av_one_full  column-top-margin\" style='border-radius:0px; '><section class=\"av_textblock_section \"  itemscope=\"itemscope\" itemtype=\"https:\/\/schema.org\/BlogPosting\" itemprop=\"blogPost\" ><div class='avia_textblock  '   itemprop=\"text\" ><p style=\"text-align: center;\"><strong><span style=\"font-size: 18pt;\">En Balmaceda: PDI detuvo a dos imputados por maltrato animal y recupera perros galgos heridos<\/span><\/strong><\/p>\n<div id=\"gtx-trans\" style=\"position: absolute; left: -50px; top: 4.31534px;\">\n<div class=\"gtx-trans-icon\"><\/div>\n<\/div>\n<\/div><\/section><\/div><div class=\"flex_column av_one_full  flex_column_div av-zero-column-padding first  avia-builder-el-4  el_after_av_one_full  el_before_av_hr  column-top-margin\" style='border-radius:0px; '><section class=\"av_textblock_section \"  itemscope=\"itemscope\" itemtype=\"https:\/\/schema.org\/BlogPosting\" itemprop=\"blogPost\" ><div class='avia_textblock  '   itemprop=\"text\" ><p style=\"text-align: justify;\">Durante la tarde del mi\u00e9rcoles 7 de mayo, en un trabajo coordinado entre la Ilustre Municipalidad de Coyhaique y la Polic\u00eda de Investigaciones de Chile, detectives de la Brigada Investigadora de Delitos Contra el Medio Ambiente y Patrimonio Cultural (BIDEMA) Ays\u00e9n detuvieron a dos imputados por el delito de maltrato animal en situaci\u00f3n de flagrancia.<\/p>\n<p style=\"text-align: justify;\">Al respecto, el jefe de la BIDEMA Ays\u00e9n, comisario Marcelo Ladino Gonz\u00e1lez, explic\u00f3 que este hecho tiene relaci\u00f3n con el caso ocurrido a fines de abril en Ma\u00f1ihuales, cuando \u201clas diligencias investigativas arrojaron la interceptaci\u00f3n de dos camionetas que ven\u00edan desde la zona de Rengo hasta Coyhaique, las cuales transportaban 36 perros galgos, en esa oportunidad, se logr\u00f3 establecer que estas personas infringieron la Ley de Tenencia Responsable, ya que los animales no se encontraban identificados con su chip correspondiente\u201d.<\/p>\n<p style=\"text-align: justify;\">Posteriormente, \u201cel d\u00eda de ayer, tras una coordinaci\u00f3n con el Ministerio P\u00fablico como tambi\u00e9n con el \u00e1rea veterinaria de la Municipalidad de Coyhaique, se logr\u00f3 establecer que estas personas se encontraban en el sector de Balmaceda, realizando actividades de caza de conejos y libres\u201d, puntualiz\u00f3 el comisario Ladino.<\/p>\n<p style=\"text-align: justify;\">En el lugar, \u201cse logr\u00f3 establecer que estas personas se encontraban en la v\u00eda p\u00fablica, en el sector de Balmaceda, y en la revisi\u00f3n de los animales, de los perros galgos, se estableci\u00f3 que dos de ellos presentaban diversas lesiones de distinta consideraci\u00f3n, por lo cual fueron detenidos en flagrancia los due\u00f1os de estos animales, por infracci\u00f3n a la Ley de Tenencia Responsable y maltrato animal\u201d, agreg\u00f3 el jefe de la BIDEMA Ays\u00e9n.<\/p>\n<p style=\"text-align: justify;\">Desde la PDI informaron que, \u201cnuestra m\u00e9dico veterinaria institucional, al examinar a estos dos canes, logr\u00f3 establecer que ambos perros presentaban dos heridas cortopunzantes con sangrado activo, lo cual configuraba en el acto el delito de maltrato animal en situaci\u00f3n de fragancia. Actualmente, ambos perros se encuentran a disposici\u00f3n del \u00e1rea veterinaria de la Ilustre Municipalidad de Coyhaique, en atenci\u00f3n a que los expertos correspondientes se encuentran realizando los cuidados veterinarios de ambos animales afectados\u201d, cerr\u00f3 el oficial policial de la brigada especializada.<\/p>\n<p style=\"text-align: justify;\">Finalmente, el director de Seguridad Comunitaria de la Municipalidad de Coyhaique, Jorge Risco Zurita, a\u00f1adi\u00f3 que \u201cpor una denuncia ciudadana del sector de Balmaceda, nuevamente, se articula la presencia de la PDI, la Direcci\u00f3n de Seguridad P\u00fablica y la Veterinaria, encontrando a dos perros galgos heridos, los cuales son trasladados hasta la ciudad de Coyhaique y atendidos en nuestra Veterinaria Municipal, la cual tiene estos dos animalitos en custodia\u201d.<\/p>\n<\/div><\/section><\/div><div  style='height:50px' class='hr hr-invisible   avia-builder-el-6  el_after_av_one_full  el_before_av_social_share '><span class='hr-inner ' ><span class='hr-inner-style'><\/span><\/span><\/div><\/p>\n<div  class='av-social-sharing-box  avia-builder-el-7  el_after_av_hr  el_before_av_hr  '><div class='av-share-box'><h5 class='av-share-link-description av-no-toc '>Compartir esta noticia<\/h5><ul class='av-share-box-list noLightbox'><li class='av-share-link av-social-link-facebook' ><a target=\"_blank\" aria-label=\"Compartir en Facebook\" href='https:\/\/www.facebook.com\/sharer.php?u=https:\/\/radiorevelacionfm.cl\/?p=53671&#038;t=En%20Balmaceda%3A%20PDI%20detuvo%20a%20dos%20imputados%20por%20maltrato%20animal%20y%20recupera%20perros%20galgos%20heridos' aria-hidden='false' data-av_icon='\ue8f3' data-av_iconfont='entypo-fontello' title='' data-avia-related-tooltip='Compartir en Facebook' rel=\"noopener\"><span class='avia_hidden_link_text'>Compartir en Facebook<\/span><\/a><\/li><li class='av-share-link av-social-link-twitter' ><a target=\"_blank\" aria-label=\"Compartir en Twitter\" href='https:\/\/twitter.com\/share?text=En%20Balmaceda%3A%20PDI%20detuvo%20a%20dos%20imputados%20por%20maltrato%20animal%20y%20recupera%20perros%20galgos%20heridos&#038;url=https:\/\/radiorevelacionfm.cl\/?p=53671' aria-hidden='false' data-av_icon='\ue8f1' data-av_iconfont='entypo-fontello' title='' data-avia-related-tooltip='Compartir en Twitter' rel=\"noopener\"><span class='avia_hidden_link_text'>Compartir en Twitter<\/span><\/a><\/li><li class='av-share-link av-social-link-whatsapp' ><a target=\"_blank\" aria-label=\"Compartir en Whatsapp\" href='https:\/\/api.whatsapp.com\/send?text=https:\/\/radiorevelacionfm.cl\/?p=53671' aria-hidden='false' data-av_icon='\uf232' data-av_iconfont='entypo-fontello' title='' data-avia-related-tooltip='Compartir en Whatsapp' rel=\"noopener\"><span class='avia_hidden_link_text'>Compartir en Whatsapp<\/span><\/a><\/li><li class='av-share-link av-social-link-linkedin' ><a target=\"_blank\" aria-label=\"Compartir en LinkedIn\" href='https:\/\/linkedin.com\/shareArticle?mini=true&#038;title=En%20Balmaceda%3A%20PDI%20detuvo%20a%20dos%20imputados%20por%20maltrato%20animal%20y%20recupera%20perros%20galgos%20heridos&#038;url=https:\/\/radiorevelacionfm.cl\/?p=53671' aria-hidden='false' data-av_icon='\ue8fc' data-av_iconfont='entypo-fontello' title='' data-avia-related-tooltip='Compartir en LinkedIn' rel=\"noopener\"><span class='avia_hidden_link_text'>Compartir en LinkedIn<\/span><\/a><\/li><li class='av-share-link av-social-link-mail' ><a  aria-label=\"Compartir por correo\" href='mailto:?subject=En%20Balmaceda%3A%20PDI%20detuvo%20a%20dos%20imputados%20por%20maltrato%20animal%20y%20recupera%20perros%20galgos%20heridos&#038;body=https:\/\/radiorevelacionfm.cl\/?p=53671' aria-hidden='false' data-av_icon='\ue805' data-av_iconfont='entypo-fontello' title='' data-avia-related-tooltip='Compartir por correo'><span class='avia_hidden_link_text'>Compartir por correo<\/span><\/a><\/li><\/ul><\/div><\/div>\n<div  style='height:50px' class='hr hr-invisible   avia-builder-el-8  el_after_av_social_share  el_before_av_comments_list '><span class='hr-inner ' ><span class='hr-inner-style'><\/span><\/span><\/div>\n<div  class='av-buildercomment  av-blog-meta-html-info-disabled av-blog-meta-tag-disabled  '><\/div>\n","protected":false},"excerpt":{"rendered":"","protected":false},"author":1,"featured_media":53672,"comment_status":"closed","ping_status":"closed","sticky":false,"template":"","format":"standard","meta":{"footnotes":""},"categories":[36],"tags":[],"class_list":["post-53671","post","type-post","status-publish","format-standard","has-post-thumbnail","hentry","category-policial"],"jetpack_featured_media_url":"https:\/\/radiorevelacionfm.cl\/wp-content\/uploads\/2025\/05\/WhatsApp-Image-2025-05-07-at-4.39.01-PM-1-1.jpeg","_links":{"self":[{"href":"https:\/\/radiorevelacionfm.cl\/index.php?rest_route=\/wp\/v2\/posts\/53671","targetHints":{"allow":["GET"]}}],"collection":[{"href":"https:\/\/radiorevelacionfm.cl\/index.php?rest_route=\/wp\/v2\/posts"}],"about":[{"href":"https:\/\/radiorevelacionfm.cl\/index.php?rest_route=\/wp\/v2\/types\/post"}],"author":[{"embeddable":true,"href":"https:\/\/radiorevelacionfm.cl\/index.php?rest_route=\/wp\/v2\/users\/1"}],"replies":[{"embeddable":true,"href":"https:\/\/radiorevelacionfm.cl\/index.php?rest_route=%2Fwp%2Fv2%2Fcomments&post=53671"}],"version-history":[{"count":2,"href":"https:\/\/radiorevelacionfm.cl\/index.php?rest_route=\/wp\/v2\/posts\/53671\/revisions"}],"predecessor-version":[{"id":53674,"href":"https:\/\/radiorevelacionfm.cl\/index.php?rest_route=\/wp\/v2\/posts\/53671\/revisions\/53674"}],"wp:featuredmedia":[{"embeddable":true,"href":"https:\/\/radiorevelacionfm.cl\/index.php?rest_route=\/wp\/v2\/media\/53672"}],"wp:attachment":[{"href":"https:\/\/radiorevelacionfm.cl\/index.php?rest_route=%2Fwp%2Fv2%2Fmedia&parent=53671"}],"wp:term":[{"taxonomy":"category","embeddable":true,"href":"https:\/\/radiorevelacionfm.cl\/index.php?rest_route=%2Fwp%2Fv2%2Fcategories&post=53671"},{"taxonomy":"post_tag","embeddable":true,"href":"https:\/\/radiorevelacionfm.cl\/index.php?rest_route=%2Fwp%2Fv2%2Ftags&post=53671"}],"curies":[{"name":"wp","href":"https:\/\/api.w.org\/{rel}","templated":true}]}}