{"id":53662,"date":"2025-05-09T10:18:31","date_gmt":"2025-05-09T13:18:31","guid":{"rendered":"https:\/\/radiorevelacionfm.cl\/?p=53662"},"modified":"2025-05-09T10:18:31","modified_gmt":"2025-05-09T13:18:31","slug":"sernapesca-certifico-a-los-primeros-centinelas-del-mar-en-la-region-de-aysen","status":"publish","type":"post","link":"https:\/\/radiorevelacionfm.cl\/?p=53662","title":{"rendered":"Sernapesca certific\u00f3 a los primeros \u201cCentinelas del Mar\u201d en la regi\u00f3n de Ays\u00e9n"},"content":{"rendered":"<div class=\"flex_column av_one_full  flex_column_div av-zero-column-padding first  avia-builder-el-0  el_before_av_one_full  avia-builder-el-first  \" style='border-radius:0px; '><div  class='avia-image-container  av-styling-    avia-builder-el-1  avia-builder-el-no-sibling  avia-align-center '  itemprop=\"image\" itemscope=\"itemscope\" itemtype=\"https:\/\/schema.org\/ImageObject\"  ><div class='avia-image-container-inner'><div class='avia-image-overlay-wrap'><img decoding=\"async\" class='wp-image-53664 avia-img-lazy-loading-not-53664 avia_image' src=\"https:\/\/radiorevelacionfm.cl\/wp-content\/uploads\/2025\/05\/6-60-1_optimized.jpg\" alt='' title='6-(60)-(1)_optimized' height=\"600\" width=\"991\"  itemprop=\"thumbnailUrl\" srcset=\"https:\/\/radiorevelacionfm.cl\/wp-content\/uploads\/2025\/05\/6-60-1_optimized.jpg 991w, https:\/\/radiorevelacionfm.cl\/wp-content\/uploads\/2025\/05\/6-60-1_optimized-300x182.jpg 300w, https:\/\/radiorevelacionfm.cl\/wp-content\/uploads\/2025\/05\/6-60-1_optimized-768x465.jpg 768w, https:\/\/radiorevelacionfm.cl\/wp-content\/uploads\/2025\/05\/6-60-1_optimized-705x427.jpg 705w, https:\/\/radiorevelacionfm.cl\/wp-content\/uploads\/2025\/05\/6-60-1_optimized-450x272.jpg 450w, https:\/\/radiorevelacionfm.cl\/wp-content\/uploads\/2025\/05\/6-60-1_optimized-600x363.jpg 600w\" sizes=\"(max-width: 991px) 100vw, 991px\" \/><\/div><\/div><\/div><\/div><div class=\"flex_column av_one_full  flex_column_div av-zero-column-padding first  avia-builder-el-2  el_after_av_one_full  el_before_av_one_full  column-top-margin\" style='border-radius:0px; '><section class=\"av_textblock_section \"  itemscope=\"itemscope\" itemtype=\"https:\/\/schema.org\/BlogPosting\" itemprop=\"blogPost\" ><div class='avia_textblock  '   itemprop=\"text\" ><p style=\"text-align: center;\"><span style=\"font-size: 18pt;\"><b>Sernapesca certific\u00f3 a los primeros \u201cCentinelas del Mar\u201d en la regi\u00f3n de Ays\u00e9n<\/b><\/span><\/p>\n<div id=\"gtx-trans\" style=\"position: absolute; left: -50px; top: 4.31534px;\">\n<div class=\"gtx-trans-icon\"><\/div>\n<\/div>\n<\/div><\/section><\/div><div class=\"flex_column av_one_full  flex_column_div av-zero-column-padding first  avia-builder-el-4  el_after_av_one_full  el_before_av_hr  column-top-margin\" style='border-radius:0px; '><section class=\"av_textblock_section \"  itemscope=\"itemscope\" itemtype=\"https:\/\/schema.org\/BlogPosting\" itemprop=\"blogPost\" ><div class='avia_textblock  '   itemprop=\"text\" ><p class=\"v1MsoNormal\" style=\"text-align: justify;\">En las dependencias de Emporcha, Puerto Chacabuco, se llev\u00f3 a cabo una ceremonia en la cual el Servicio Nacional de Pesca y Acuicultura (Sernapesca) reconoci\u00f3 a un total de 24 personas del SAG, Aduanas, Armada de Chile y Bomberos como \u00abCentinelas del Mar\u00bb.<\/p>\n<p class=\"v1MsoNormal\" style=\"text-align: justify;\">\u00abCentinelas del Mar\u00bb es una red de colaboradores que apoyan a Sernapesca para orientar a la comunidad en terreno acerca de varamientos de fauna marina o hechos que afecten la sustentabilidad de los recursos del mar y su medio ambiente y dar alerta oportuna a los equipos de Sernapesca en caso de que se necesite de su presencia en terreno.<\/p>\n<p class=\"v1MsoNormal\" style=\"text-align: justify;\">Daniela Leiva, directora regional de Sernapesca en Ays\u00e9n, coment\u00f3: \u00abEl programa Centinelas del Mar nace con la misi\u00f3n de convocar, capacitar y unir a todos quienes sienten que proteger el oc\u00e9ano no es una opci\u00f3n, sino un deber. Pero no se trata solo de un programa institucional; se trata de un llamado a la conciencia, a la acci\u00f3n colectiva, al amor por nuestros ecosistemas y a la defensa activa de nuestro patrimonio natural\u00bb.<\/p>\n<p class=\"v1MsoNormal\" style=\"text-align: justify;\">La autoridad regional adem\u00e1s agreg\u00f3 que: \u00abMuchas veces recibimos llamadas sobre ejemplares en posible peligro o alguna contingencia, y considerando nuestro vasto territorio, es de gran importancia contar con personas de diferentes sectores para que puedan apoyarnos observando y confirmando estos hechos, como por ejemplo si un animal realmente est\u00e1 en riesgo. Su tarea ser\u00e1 principalmente la de observar e informar\u00bb.<\/p>\n<p class=\"v1MsoNormal\" style=\"text-align: justify;\">Desde ahora estas 24 personas ser\u00e1n observadores e informar\u00e1n a Sernapesca para entregar detalle de los hechos o contingencias que requieran la presencia de los equipos de Sernapesca en terreno. Adem\u00e1s, deben informar a la comunidad de la situaci\u00f3n y medidas que est\u00e9n en curso, ya sea en caso de varamientos o situaciones que afecten la sustentabilidad. En caso de que haya un ejemplar de fauna marina protegida herida o en peligro, solo el equipo de profesionales de Sernapesca est\u00e1 autorizado para manipularlos.<\/p>\n<p class=\"v1MsoNormal\" style=\"text-align: justify;\">Quienes deseen formar parte del Programa \u00abCentinelas del Mar\u00bb, pueden contactarse a trav\u00e9s del correo electr\u00f3nico\u00a0<a href=\"mailto:centinelas@sernapesca.cl\" rel=\"noreferrer\">centinelas@sernapesca.cl<\/a>, para hacer la inscripci\u00f3n correspondiente.<\/p>\n<\/div><\/section><\/div><div  style='height:50px' class='hr hr-invisible   avia-builder-el-6  el_after_av_one_full  el_before_av_social_share '><span class='hr-inner ' ><span class='hr-inner-style'><\/span><\/span><\/div><\/p>\n<div  class='av-social-sharing-box  avia-builder-el-7  el_after_av_hr  el_before_av_hr  '><div class='av-share-box'><h5 class='av-share-link-description av-no-toc '>Compartir esta noticia<\/h5><ul class='av-share-box-list noLightbox'><li class='av-share-link av-social-link-facebook' ><a target=\"_blank\" aria-label=\"Compartir en Facebook\" href='https:\/\/www.facebook.com\/sharer.php?u=https:\/\/radiorevelacionfm.cl\/?p=53662&#038;t=Sernapesca%20certific%C3%B3%20a%20los%20primeros%20%E2%80%9CCentinelas%20del%20Mar%E2%80%9D%20en%20la%20regi%C3%B3n%20de%20Ays%C3%A9n' aria-hidden='false' data-av_icon='\ue8f3' data-av_iconfont='entypo-fontello' title='' data-avia-related-tooltip='Compartir en Facebook' rel=\"noopener\"><span class='avia_hidden_link_text'>Compartir en Facebook<\/span><\/a><\/li><li class='av-share-link av-social-link-twitter' ><a target=\"_blank\" aria-label=\"Compartir en Twitter\" href='https:\/\/twitter.com\/share?text=Sernapesca%20certific%C3%B3%20a%20los%20primeros%20%E2%80%9CCentinelas%20del%20Mar%E2%80%9D%20en%20la%20regi%C3%B3n%20de%20Ays%C3%A9n&#038;url=https:\/\/radiorevelacionfm.cl\/?p=53662' aria-hidden='false' data-av_icon='\ue8f1' data-av_iconfont='entypo-fontello' title='' data-avia-related-tooltip='Compartir en Twitter' rel=\"noopener\"><span class='avia_hidden_link_text'>Compartir en Twitter<\/span><\/a><\/li><li class='av-share-link av-social-link-whatsapp' ><a target=\"_blank\" aria-label=\"Compartir en Whatsapp\" href='https:\/\/api.whatsapp.com\/send?text=https:\/\/radiorevelacionfm.cl\/?p=53662' aria-hidden='false' data-av_icon='\uf232' data-av_iconfont='entypo-fontello' title='' data-avia-related-tooltip='Compartir en Whatsapp' rel=\"noopener\"><span class='avia_hidden_link_text'>Compartir en Whatsapp<\/span><\/a><\/li><li class='av-share-link av-social-link-linkedin' ><a target=\"_blank\" aria-label=\"Compartir en LinkedIn\" href='https:\/\/linkedin.com\/shareArticle?mini=true&#038;title=Sernapesca%20certific%C3%B3%20a%20los%20primeros%20%E2%80%9CCentinelas%20del%20Mar%E2%80%9D%20en%20la%20regi%C3%B3n%20de%20Ays%C3%A9n&#038;url=https:\/\/radiorevelacionfm.cl\/?p=53662' aria-hidden='false' data-av_icon='\ue8fc' data-av_iconfont='entypo-fontello' title='' data-avia-related-tooltip='Compartir en LinkedIn' rel=\"noopener\"><span class='avia_hidden_link_text'>Compartir en LinkedIn<\/span><\/a><\/li><li class='av-share-link av-social-link-mail' ><a  aria-label=\"Compartir por correo\" href='mailto:?subject=Sernapesca%20certific%C3%B3%20a%20los%20primeros%20%E2%80%9CCentinelas%20del%20Mar%E2%80%9D%20en%20la%20regi%C3%B3n%20de%20Ays%C3%A9n&#038;body=https:\/\/radiorevelacionfm.cl\/?p=53662' aria-hidden='false' data-av_icon='\ue805' data-av_iconfont='entypo-fontello' title='' data-avia-related-tooltip='Compartir por correo'><span class='avia_hidden_link_text'>Compartir por correo<\/span><\/a><\/li><\/ul><\/div><\/div>\n<div  style='height:50px' class='hr hr-invisible   avia-builder-el-8  el_after_av_social_share  el_before_av_comments_list '><span class='hr-inner ' ><span class='hr-inner-style'><\/span><\/span><\/div>\n<div  class='av-buildercomment  av-blog-meta-html-info-disabled av-blog-meta-tag-disabled  '><\/div>\n","protected":false},"excerpt":{"rendered":"","protected":false},"author":1,"featured_media":53664,"comment_status":"closed","ping_status":"closed","sticky":false,"template":"","format":"standard","meta":{"footnotes":""},"categories":[60],"tags":[],"class_list":["post-53662","post","type-post","status-publish","format-standard","has-post-thumbnail","hentry","category-pesca"],"jetpack_featured_media_url":"https:\/\/radiorevelacionfm.cl\/wp-content\/uploads\/2025\/05\/6-60-1_optimized.jpg","_links":{"self":[{"href":"https:\/\/radiorevelacionfm.cl\/index.php?rest_route=\/wp\/v2\/posts\/53662","targetHints":{"allow":["GET"]}}],"collection":[{"href":"https:\/\/radiorevelacionfm.cl\/index.php?rest_route=\/wp\/v2\/posts"}],"about":[{"href":"https:\/\/radiorevelacionfm.cl\/index.php?rest_route=\/wp\/v2\/types\/post"}],"author":[{"embeddable":true,"href":"https:\/\/radiorevelacionfm.cl\/index.php?rest_route=\/wp\/v2\/users\/1"}],"replies":[{"embeddable":true,"href":"https:\/\/radiorevelacionfm.cl\/index.php?rest_route=%2Fwp%2Fv2%2Fcomments&post=53662"}],"version-history":[{"count":2,"href":"https:\/\/radiorevelacionfm.cl\/index.php?rest_route=\/wp\/v2\/posts\/53662\/revisions"}],"predecessor-version":[{"id":53702,"href":"https:\/\/radiorevelacionfm.cl\/index.php?rest_route=\/wp\/v2\/posts\/53662\/revisions\/53702"}],"wp:featuredmedia":[{"embeddable":true,"href":"https:\/\/radiorevelacionfm.cl\/index.php?rest_route=\/wp\/v2\/media\/53664"}],"wp:attachment":[{"href":"https:\/\/radiorevelacionfm.cl\/index.php?rest_route=%2Fwp%2Fv2%2Fmedia&parent=53662"}],"wp:term":[{"taxonomy":"category","embeddable":true,"href":"https:\/\/radiorevelacionfm.cl\/index.php?rest_route=%2Fwp%2Fv2%2Fcategories&post=53662"},{"taxonomy":"post_tag","embeddable":true,"href":"https:\/\/radiorevelacionfm.cl\/index.php?rest_route=%2Fwp%2Fv2%2Ftags&post=53662"}],"curies":[{"name":"wp","href":"https:\/\/api.w.org\/{rel}","templated":true}]}}