{"id":53659,"date":"2025-05-08T20:29:09","date_gmt":"2025-05-08T23:29:09","guid":{"rendered":"https:\/\/radiorevelacionfm.cl\/?p=53659"},"modified":"2025-05-08T20:29:09","modified_gmt":"2025-05-08T23:29:09","slug":"mas-de-un-90-de-avance-presenta-construccion-de-moderno-centro-comunitario-para-vecinos-as-del-barrio-la-balsa-en-puerto-aysen","status":"publish","type":"post","link":"https:\/\/radiorevelacionfm.cl\/?p=53659","title":{"rendered":"M\u00e1s de un 90% de avance presenta construcci\u00f3n de moderno centro comunitario para vecinos\/as del barrio La Balsa en Puerto Ays\u00e9n"},"content":{"rendered":"<div class=\"flex_column av_one_full  flex_column_div av-zero-column-padding first  avia-builder-el-0  el_before_av_one_full  avia-builder-el-first  \" style='border-radius:0px; '><div  class='avia-image-container  av-styling-    avia-builder-el-1  avia-builder-el-no-sibling  avia-align-center '  itemprop=\"image\" itemscope=\"itemscope\" itemtype=\"https:\/\/schema.org\/ImageObject\"  ><div class='avia-image-container-inner'><div class='avia-image-overlay-wrap'><img decoding=\"async\" class='wp-image-53660 avia-img-lazy-loading-not-53660 avia_image' src=\"https:\/\/radiorevelacionfm.cl\/wp-content\/uploads\/2025\/05\/vista-panoramica-avance-construccion-centro-comunitario-barrio-la-balsa-puerto-aysen-1_optimized.jpeg\" alt='' title='vista-panor\u00e1mica-avance-construcci\u00f3n-centro-comunitario-barrio-la-balsa-puerto-ays\u00e9n-(1)_optimized' height=\"600\" width=\"800\"  itemprop=\"thumbnailUrl\" srcset=\"https:\/\/radiorevelacionfm.cl\/wp-content\/uploads\/2025\/05\/vista-panoramica-avance-construccion-centro-comunitario-barrio-la-balsa-puerto-aysen-1_optimized.jpeg 800w, https:\/\/radiorevelacionfm.cl\/wp-content\/uploads\/2025\/05\/vista-panoramica-avance-construccion-centro-comunitario-barrio-la-balsa-puerto-aysen-1_optimized-300x225.jpeg 300w, https:\/\/radiorevelacionfm.cl\/wp-content\/uploads\/2025\/05\/vista-panoramica-avance-construccion-centro-comunitario-barrio-la-balsa-puerto-aysen-1_optimized-768x576.jpeg 768w, https:\/\/radiorevelacionfm.cl\/wp-content\/uploads\/2025\/05\/vista-panoramica-avance-construccion-centro-comunitario-barrio-la-balsa-puerto-aysen-1_optimized-705x529.jpeg 705w, https:\/\/radiorevelacionfm.cl\/wp-content\/uploads\/2025\/05\/vista-panoramica-avance-construccion-centro-comunitario-barrio-la-balsa-puerto-aysen-1_optimized-450x338.jpeg 450w, https:\/\/radiorevelacionfm.cl\/wp-content\/uploads\/2025\/05\/vista-panoramica-avance-construccion-centro-comunitario-barrio-la-balsa-puerto-aysen-1_optimized-600x450.jpeg 600w\" sizes=\"(max-width: 800px) 100vw, 800px\" \/><\/div><\/div><\/div><\/div><div class=\"flex_column av_one_full  flex_column_div av-zero-column-padding first  avia-builder-el-2  el_after_av_one_full  el_before_av_one_full  column-top-margin\" style='border-radius:0px; '><section class=\"av_textblock_section \"  itemscope=\"itemscope\" itemtype=\"https:\/\/schema.org\/BlogPosting\" itemprop=\"blogPost\" ><div class='avia_textblock  '   itemprop=\"text\" ><p style=\"text-align: center;\"><strong><span style=\"font-size: 18pt;\">M\u00e1s de un 90% de avance presenta construcci\u00f3n de moderno centro comunitario para vecinos\/as del barrio La Balsa en Puerto Ays\u00e9n<\/span><\/strong><\/p>\n<div id=\"gtx-trans\" style=\"position: absolute; left: -50px; top: 4.31534px;\">\n<div class=\"gtx-trans-icon\"><\/div>\n<\/div>\n<\/div><\/section><\/div><div class=\"flex_column av_one_full  flex_column_div av-zero-column-padding first  avia-builder-el-4  el_after_av_one_full  el_before_av_hr  column-top-margin\" style='border-radius:0px; '><section class=\"av_textblock_section \"  itemscope=\"itemscope\" itemtype=\"https:\/\/schema.org\/BlogPosting\" itemprop=\"blogPost\" ><div class='avia_textblock  '   itemprop=\"text\" ><p style=\"text-align: justify;\">M\u00e1s de un 90 por ciento de avance presentan las obras de construcci\u00f3n de lo que ser\u00e1 el moderno Centro Comunitario para los vecinos y vecinas del barrio La Balsa, de Puerto Ays\u00e9n. As\u00ed lo pudo constatar la Seremi de Vivienda y Urbanismo, Paulina Ruz Delf\u00edn, quien hace algunos d\u00edas hizo un recorrido por las nuevas instalaciones junto a dirigentes del sector y representantes de la empresa que ejecuta el proyecto, la sociedad de servicios Cerro Cord\u00f3n limitada.<\/p>\n<p style=\"text-align: justify;\">Tal como explic\u00f3 la Seremi Paulina Ruz se trata de un amplio y moderno inmueble que funcionar\u00e1 como centro comunitario y que est\u00e1 ubicado en el borde del R\u00edo Ays\u00e9n, cerca de uno de los muelles m\u00e1s emblem\u00e1ticos que posee el Barrio La Balsa, denominado El Balseo. \u201cEstamos gratamente impresionados por el avance y la calidad que presenta esta obra que se ejecuta adem\u00e1s como parte del importante trabajo que estamos desarrollando junto al municipio en este hist\u00f3rico sector de Puerto Ays\u00e9n a trav\u00e9s de nuestro Programa de Recuperaci\u00f3n de Barrios, m\u00e1s conocido como Quiero mi Barrio, que se acerca a cumplir 20 a\u00f1os y donde los vecinos y vecinas son protagonistas, ya que son ellos mismos los deciden qu\u00e9 proyectos quieren priorizar con los recursos que est\u00e1n disponibles. Hemos podido ver que se est\u00e1 haciendo un muy buen trabajo por parte de la empresa, quienes han comprendido que se trata de una obra muy sentida y esperada por los vecinos, quienes esperan su entrega con harta ilusi\u00f3n para tomar posesi\u00f3n y llevar a cabo talleres, reuniones de adultos mayores y agrupaciones culturales del sector, entre otras muchas actividades\u201d, precis\u00f3 la autoridad.<\/p>\n<p style=\"text-align: justify;\">Similar palabra tuvo la presidenta de la Junta de Vecinos N\u00b01Pen\u00ednsula, Mar\u00eda Elena Gueicha, quien expres\u00f3 su satisfacci\u00f3n al ver que en el corto plazo el centro comunitario ser\u00e1 una realidad, lo que representa el rescate de un espacio que no estaba siendo utilizado por la comunidad, donde se podr\u00e1 reactivar la participaci\u00f3n de los vecinos y vecinas del sector, quienes han demostrado que est\u00e1n ansiosos por tener un equipamiento comunitario habilitado para reunirse. \u201cBueno, esta visita del 70% de avance en la construcci\u00f3n del centro comunitario, nos entrega una grata sorpresa, ya que realmente est\u00e1 muy bonito, muy bien estructurado, con muy buenas terminaciones. Y la verdad es que esto, al sector le va a dar un plus, ahora lo sube autom\u00e1ticamente a otro nivel. As\u00ed que est\u00e1 muy lindo, felicitar a la constructora, de verdad, porque se nota que aqu\u00ed le pusieron cari\u00f1o. Faltan solo algunos detalles y me llama mucho la atenci\u00f3n lo r\u00e1pido que ha sido ejecutado esto. As\u00ed que much\u00edsimas gracias a todos los actores involucrados\u201d, manifest\u00f3.<\/p>\n<p style=\"text-align: justify;\">La construcci\u00f3n del Centro Comunitario del barrio La Balsa se inici\u00f3 en agosto del a\u00f1o pasado, implica una inversi\u00f3n que alcanza los 209 millones de pesos y se ubica en la esquina de calle Angamos con Teniente Merino. La obra posee una superficie total construida de 158 metros cuadrados, donde se considera una sala de uso m\u00faltiple, oficina, dos ba\u00f1os con accesibilidad para personas con movilidad reducida, dos bodegas, cocina con acceso a patio cubierto, un quincho para actividades al aire libre, adem\u00e1s de \u00e1reas verdes y una zona de estacionamiento.<\/p>\n<\/div><\/section><\/div><div  style='height:50px' class='hr hr-invisible   avia-builder-el-6  el_after_av_one_full  el_before_av_social_share '><span class='hr-inner ' ><span class='hr-inner-style'><\/span><\/span><\/div><\/p>\n<div  class='av-social-sharing-box  avia-builder-el-7  el_after_av_hr  el_before_av_hr  '><div class='av-share-box'><h5 class='av-share-link-description av-no-toc '>Compartir esta noticia<\/h5><ul class='av-share-box-list noLightbox'><li class='av-share-link av-social-link-facebook' ><a target=\"_blank\" aria-label=\"Compartir en Facebook\" href='https:\/\/www.facebook.com\/sharer.php?u=https:\/\/radiorevelacionfm.cl\/?p=53659&#038;t=M%C3%A1s%20de%20un%2090%25%20de%20avance%20presenta%20construcci%C3%B3n%20de%20moderno%20centro%20comunitario%20para%20vecinos%2Fas%20del%20barrio%20La%20Balsa%20en%20Puerto%20Ays%C3%A9n' aria-hidden='false' data-av_icon='\ue8f3' data-av_iconfont='entypo-fontello' title='' data-avia-related-tooltip='Compartir en Facebook' rel=\"noopener\"><span class='avia_hidden_link_text'>Compartir en Facebook<\/span><\/a><\/li><li class='av-share-link av-social-link-twitter' ><a target=\"_blank\" aria-label=\"Compartir en Twitter\" href='https:\/\/twitter.com\/share?text=M%C3%A1s%20de%20un%2090%25%20de%20avance%20presenta%20construcci%C3%B3n%20de%20moderno%20centro%20comunitario%20para%20vecinos%2Fas%20del%20barrio%20La%20Balsa%20en%20Puerto%20Ays%C3%A9n&#038;url=https:\/\/radiorevelacionfm.cl\/?p=53659' aria-hidden='false' data-av_icon='\ue8f1' data-av_iconfont='entypo-fontello' title='' data-avia-related-tooltip='Compartir en Twitter' rel=\"noopener\"><span class='avia_hidden_link_text'>Compartir en Twitter<\/span><\/a><\/li><li class='av-share-link av-social-link-whatsapp' ><a target=\"_blank\" aria-label=\"Compartir en Whatsapp\" href='https:\/\/api.whatsapp.com\/send?text=https:\/\/radiorevelacionfm.cl\/?p=53659' aria-hidden='false' data-av_icon='\uf232' data-av_iconfont='entypo-fontello' title='' data-avia-related-tooltip='Compartir en Whatsapp' rel=\"noopener\"><span class='avia_hidden_link_text'>Compartir en Whatsapp<\/span><\/a><\/li><li class='av-share-link av-social-link-linkedin' ><a target=\"_blank\" aria-label=\"Compartir en LinkedIn\" href='https:\/\/linkedin.com\/shareArticle?mini=true&#038;title=M%C3%A1s%20de%20un%2090%25%20de%20avance%20presenta%20construcci%C3%B3n%20de%20moderno%20centro%20comunitario%20para%20vecinos%2Fas%20del%20barrio%20La%20Balsa%20en%20Puerto%20Ays%C3%A9n&#038;url=https:\/\/radiorevelacionfm.cl\/?p=53659' aria-hidden='false' data-av_icon='\ue8fc' data-av_iconfont='entypo-fontello' title='' data-avia-related-tooltip='Compartir en LinkedIn' rel=\"noopener\"><span class='avia_hidden_link_text'>Compartir en LinkedIn<\/span><\/a><\/li><li class='av-share-link av-social-link-mail' ><a  aria-label=\"Compartir por correo\" href='mailto:?subject=M%C3%A1s%20de%20un%2090%25%20de%20avance%20presenta%20construcci%C3%B3n%20de%20moderno%20centro%20comunitario%20para%20vecinos%2Fas%20del%20barrio%20La%20Balsa%20en%20Puerto%20Ays%C3%A9n&#038;body=https:\/\/radiorevelacionfm.cl\/?p=53659' aria-hidden='false' data-av_icon='\ue805' data-av_iconfont='entypo-fontello' title='' data-avia-related-tooltip='Compartir por correo'><span class='avia_hidden_link_text'>Compartir por correo<\/span><\/a><\/li><\/ul><\/div><\/div>\n<div  style='height:50px' class='hr hr-invisible   avia-builder-el-8  el_after_av_social_share  el_before_av_comments_list '><span class='hr-inner ' ><span class='hr-inner-style'><\/span><\/span><\/div>\n<div  class='av-buildercomment  av-blog-meta-html-info-disabled av-blog-meta-tag-disabled  '><\/div>\n","protected":false},"excerpt":{"rendered":"","protected":false},"author":1,"featured_media":53660,"comment_status":"closed","ping_status":"closed","sticky":false,"template":"","format":"standard","meta":{"footnotes":""},"categories":[57],"tags":[],"class_list":["post-53659","post","type-post","status-publish","format-standard","has-post-thumbnail","hentry","category-vivienda"],"jetpack_featured_media_url":"https:\/\/radiorevelacionfm.cl\/wp-content\/uploads\/2025\/05\/vista-panoramica-avance-construccion-centro-comunitario-barrio-la-balsa-puerto-aysen-1_optimized.jpeg","_links":{"self":[{"href":"https:\/\/radiorevelacionfm.cl\/index.php?rest_route=\/wp\/v2\/posts\/53659","targetHints":{"allow":["GET"]}}],"collection":[{"href":"https:\/\/radiorevelacionfm.cl\/index.php?rest_route=\/wp\/v2\/posts"}],"about":[{"href":"https:\/\/radiorevelacionfm.cl\/index.php?rest_route=\/wp\/v2\/types\/post"}],"author":[{"embeddable":true,"href":"https:\/\/radiorevelacionfm.cl\/index.php?rest_route=\/wp\/v2\/users\/1"}],"replies":[{"embeddable":true,"href":"https:\/\/radiorevelacionfm.cl\/index.php?rest_route=%2Fwp%2Fv2%2Fcomments&post=53659"}],"version-history":[{"count":2,"href":"https:\/\/radiorevelacionfm.cl\/index.php?rest_route=\/wp\/v2\/posts\/53659\/revisions"}],"predecessor-version":[{"id":53692,"href":"https:\/\/radiorevelacionfm.cl\/index.php?rest_route=\/wp\/v2\/posts\/53659\/revisions\/53692"}],"wp:featuredmedia":[{"embeddable":true,"href":"https:\/\/radiorevelacionfm.cl\/index.php?rest_route=\/wp\/v2\/media\/53660"}],"wp:attachment":[{"href":"https:\/\/radiorevelacionfm.cl\/index.php?rest_route=%2Fwp%2Fv2%2Fmedia&parent=53659"}],"wp:term":[{"taxonomy":"category","embeddable":true,"href":"https:\/\/radiorevelacionfm.cl\/index.php?rest_route=%2Fwp%2Fv2%2Fcategories&post=53659"},{"taxonomy":"post_tag","embeddable":true,"href":"https:\/\/radiorevelacionfm.cl\/index.php?rest_route=%2Fwp%2Fv2%2Ftags&post=53659"}],"curies":[{"name":"wp","href":"https:\/\/api.w.org\/{rel}","templated":true}]}}