{"id":53656,"date":"2025-05-08T18:02:06","date_gmt":"2025-05-08T21:02:06","guid":{"rendered":"https:\/\/radiorevelacionfm.cl\/?p=53656"},"modified":"2025-05-08T18:02:06","modified_gmt":"2025-05-08T21:02:06","slug":"mesa-de-la-mujer-indigena-invita-a-la-comunidad-a-feria-cultural-productiva-en-coyhaique","status":"publish","type":"post","link":"https:\/\/radiorevelacionfm.cl\/?p=53656","title":{"rendered":"Mesa de la Mujer Ind\u00edgena invita a la comunidad a feria cultural productiva en Coyhaique"},"content":{"rendered":"<div class=\"flex_column av_one_full  flex_column_div av-zero-column-padding first  avia-builder-el-0  el_before_av_one_full  avia-builder-el-first  \" style='border-radius:0px; '><div  class='avia-image-container  av-styling-    avia-builder-el-1  avia-builder-el-no-sibling  avia-align-center '  itemprop=\"image\" itemscope=\"itemscope\" itemtype=\"https:\/\/schema.org\/ImageObject\"  ><div class='avia-image-container-inner'><div class='avia-image-overlay-wrap'><img decoding=\"async\" class='wp-image-53657 avia-img-lazy-loading-not-53657 avia_image' src=\"https:\/\/radiorevelacionfm.cl\/wp-content\/uploads\/2025\/05\/feria3-1_optimized-1.jpeg\" alt='' title='feria3-(1)_optimized (1)' height=\"600\" width=\"958\"  itemprop=\"thumbnailUrl\" srcset=\"https:\/\/radiorevelacionfm.cl\/wp-content\/uploads\/2025\/05\/feria3-1_optimized-1.jpeg 958w, https:\/\/radiorevelacionfm.cl\/wp-content\/uploads\/2025\/05\/feria3-1_optimized-1-300x188.jpeg 300w, https:\/\/radiorevelacionfm.cl\/wp-content\/uploads\/2025\/05\/feria3-1_optimized-1-768x481.jpeg 768w, https:\/\/radiorevelacionfm.cl\/wp-content\/uploads\/2025\/05\/feria3-1_optimized-1-705x442.jpeg 705w, https:\/\/radiorevelacionfm.cl\/wp-content\/uploads\/2025\/05\/feria3-1_optimized-1-450x282.jpeg 450w, https:\/\/radiorevelacionfm.cl\/wp-content\/uploads\/2025\/05\/feria3-1_optimized-1-600x376.jpeg 600w\" sizes=\"(max-width: 958px) 100vw, 958px\" \/><\/div><\/div><\/div><\/div><div class=\"flex_column av_one_full  flex_column_div av-zero-column-padding first  avia-builder-el-2  el_after_av_one_full  el_before_av_one_full  column-top-margin\" style='border-radius:0px; '><section class=\"av_textblock_section \"  itemscope=\"itemscope\" itemtype=\"https:\/\/schema.org\/BlogPosting\" itemprop=\"blogPost\" ><div class='avia_textblock  '   itemprop=\"text\" ><p style=\"text-align: center;\"><strong><span style=\"font-size: 18pt;\">Mesa de la Mujer Ind\u00edgena invita a la comunidad a feria cultural productiva en Coyhaique<\/span><\/strong><\/p>\n<div id=\"gtx-trans\" style=\"position: absolute; left: -50px; top: 4.31534px;\">\n<div class=\"gtx-trans-icon\"><\/div>\n<\/div>\n<\/div><\/section><\/div><div class=\"flex_column av_one_full  flex_column_div av-zero-column-padding first  avia-builder-el-4  el_after_av_one_full  el_before_av_hr  column-top-margin\" style='border-radius:0px; '><section class=\"av_textblock_section \"  itemscope=\"itemscope\" itemtype=\"https:\/\/schema.org\/BlogPosting\" itemprop=\"blogPost\" ><div class='avia_textblock  '   itemprop=\"text\" ><p style=\"text-align: justify;\">Este jueves se dio inicio en Coyhaique a la feria cultural y productiva \u00abTai\u00f1 Moyo Folilyem petu Mongeleyi\u00f1\u00bb (Desde el seno de nuestras ra\u00edces seguimos vivas), organizada por la Mesa de la mujer ind\u00edgena al alero del convenio CONADI-SernamEG con el apoyo de Prodemu y Municipalidad de Coyhaique.<\/p>\n<p style=\"text-align: justify;\">Con motivo de la conmemoraci\u00f3n del d\u00eda de la madre, la carpa estar\u00e1 durante los d\u00edas 8,9,10 en calle Bilbao frente a la Municipalidad, ofreciendo distintos productos y adem\u00e1s tendr\u00e1 a disposici\u00f3n 3 talleres abierto a los asistentes, as\u00ed lo dio a conocer Sandra Vargas integrante de la Mesa \u00abQueremos agradecer el espacio que nos entrega la Municipalidad, la uni\u00f3n que tenemos como Mesa e invitamos a todo Coyhaique a visitarnos, tendremos talleres todos los d\u00edas, que son para todos a las 3 de la tarde de c\u00f3mo se hace lawen, el nombre, los amigurumis. Es Importante esta feria nos permite mostrar el trabajo de nuestra tierra, tejidos, gastronom\u00eda, orfebrer\u00eda y mucho m\u00e1s\u00bb. Destac\u00f3 Vargas quien ofrece distintos productos propios de la medicina ancestral. Para esta versi\u00f3n invitaron especialmente a la Agrupaci\u00f3n Esfuerzo Patag\u00f3n, quienes a trav\u00e9s de \u00c9rica Alarc\u00f3n agradeci\u00f3 compartir el espacio \u00abNo tenemos siempre oportunidades de mostrarnos, as\u00ed que agradecemos mucho a la Mesa de la Mujer Ind\u00edgena y por supuesto invitamos a todos a venir por un regalito en el d\u00eda de la mam\u00e1\u00bb.<\/p>\n<p style=\"text-align: justify;\">Hay que recordar que la Mesa nace el a\u00f1o 2019 del trabajo conjunto entre CONADI y SernamEG, cuyo requerimiento esta dado en las bases dirigenciales de las comunidades y asociaciones ind\u00edgenas locales, Desde entonces CONADI y SernamEG lideran la Mesa de la Mujer Ind\u00edgena cuyo objetivo es desarrollar un trabajo conjunto para coordinar acciones dirigidas a emprendedoras, generando espacios de capacitaci\u00f3n y autonom\u00eda econ\u00f3mica de las mujeres de pueblos originarios. En ese sentido la Seremi de Desarrollo Social y Familia Karina Acevedo destac\u00f3 todos los avances a la fecha de la Mesa de la Mujer Ind\u00edgena \u00bb este es un logro con una nueva fecha de la Mesa y cada a\u00f1o es un avance m\u00e1s, mejorando la oferta, espacios y nuevas alianzas porque es importante poder potenciar el trabajo de mujeres emprendedoras y sus familias, el rescate cultural, as\u00ed que contentos de este convenio Conadi- Sernameg que nos permite visualizar, apoyar y poner en valor todo el trabajo que hacen\u00bb.<\/p>\n<p style=\"text-align: justify;\">Promover y revitalizar las culturas y las artes de los pueblos ind\u00edgenas en la comuna, es lo que destac\u00f3 la Directora regional del SernamEG Patricia Baeza \u00abPara nosotras como Servicio Nacional de la Mujer y la Equidad de G\u00e9nero estos espacios de comercializaci\u00f3n son tremendamente relevantes, ya que permite que las mujeres que forman parte de nuestra Mesa de la Mujer Ind\u00edgena puedan exponer sus productos y generar ingresos a trav\u00e9s de las ventas que se realicen. De esta manera nosotras como servicio las apoyamos en el fortalecimiento de su autonom\u00eda econ\u00f3mica\u00bb.<\/p>\n<p style=\"text-align: justify;\">Desde el Municipio la Directora de Desarrollo Comunitario Paz Foitzick destac\u00f3 la iniciativa cultural-productiva, reforzando la mirada de la administraci\u00f3n del alcalde y su Concejo en este \u00e1mbito, lo que fue reforzado por los ediles Johana Hern\u00e1ndez y Sebasti\u00e1n Vera se\u00f1alando este \u00faltimo \u00abfelicitamos a las emprendedoras y debemos seguir fortaleciendo estos espacios, ese es el compromiso de los concejales y alcalde\u00bb a su vez Hern\u00e1ndez destac\u00f3 \u00abEs muy importante apoyar a los pueblos originarios trabajan con productos de materias primas, as\u00ed que les invito a ver sus trabajos\u00bb.<\/p>\n<p style=\"text-align: justify;\">Un total de 31 expositores ofrecer\u00e1n a la comunidad una variedad de productos como alternativas para la celebraci\u00f3n del D\u00eda de la Madre y talleres de conocimiento de medicina tradicional, mimbre y t\u00e9cnicas de Amigurumi el s\u00e1bado 10 de mayo a las 16:00 hrs, adem\u00e1s, se destaca el trabajo colaborativo con la agrupaci\u00f3n de emprendedoras Esfuerzo Patag\u00f3n, con la cual se compartir\u00e1 el espacio de venta.<\/p>\n<\/div><\/section><\/div><div  style='height:50px' class='hr hr-invisible   avia-builder-el-6  el_after_av_one_full  el_before_av_social_share '><span class='hr-inner ' ><span class='hr-inner-style'><\/span><\/span><\/div><\/p>\n<div  class='av-social-sharing-box  avia-builder-el-7  el_after_av_hr  el_before_av_hr  '><div class='av-share-box'><h5 class='av-share-link-description av-no-toc '>Compartir esta noticia<\/h5><ul class='av-share-box-list noLightbox'><li class='av-share-link av-social-link-facebook' ><a target=\"_blank\" aria-label=\"Compartir en Facebook\" href='https:\/\/www.facebook.com\/sharer.php?u=https:\/\/radiorevelacionfm.cl\/?p=53656&#038;t=Mesa%20de%20la%20Mujer%20Ind%C3%ADgena%20invita%20a%20la%20comunidad%20a%20feria%20cultural%20productiva%20en%20Coyhaique' aria-hidden='false' data-av_icon='\ue8f3' data-av_iconfont='entypo-fontello' title='' data-avia-related-tooltip='Compartir en Facebook' rel=\"noopener\"><span class='avia_hidden_link_text'>Compartir en Facebook<\/span><\/a><\/li><li class='av-share-link av-social-link-twitter' ><a target=\"_blank\" aria-label=\"Compartir en Twitter\" href='https:\/\/twitter.com\/share?text=Mesa%20de%20la%20Mujer%20Ind%C3%ADgena%20invita%20a%20la%20comunidad%20a%20feria%20cultural%20productiva%20en%20Coyhaique&#038;url=https:\/\/radiorevelacionfm.cl\/?p=53656' aria-hidden='false' data-av_icon='\ue8f1' data-av_iconfont='entypo-fontello' title='' data-avia-related-tooltip='Compartir en Twitter' rel=\"noopener\"><span class='avia_hidden_link_text'>Compartir en Twitter<\/span><\/a><\/li><li class='av-share-link av-social-link-whatsapp' ><a target=\"_blank\" aria-label=\"Compartir en Whatsapp\" href='https:\/\/api.whatsapp.com\/send?text=https:\/\/radiorevelacionfm.cl\/?p=53656' aria-hidden='false' data-av_icon='\uf232' data-av_iconfont='entypo-fontello' title='' data-avia-related-tooltip='Compartir en Whatsapp' rel=\"noopener\"><span class='avia_hidden_link_text'>Compartir en Whatsapp<\/span><\/a><\/li><li class='av-share-link av-social-link-linkedin' ><a target=\"_blank\" aria-label=\"Compartir en LinkedIn\" href='https:\/\/linkedin.com\/shareArticle?mini=true&#038;title=Mesa%20de%20la%20Mujer%20Ind%C3%ADgena%20invita%20a%20la%20comunidad%20a%20feria%20cultural%20productiva%20en%20Coyhaique&#038;url=https:\/\/radiorevelacionfm.cl\/?p=53656' aria-hidden='false' data-av_icon='\ue8fc' data-av_iconfont='entypo-fontello' title='' data-avia-related-tooltip='Compartir en LinkedIn' rel=\"noopener\"><span class='avia_hidden_link_text'>Compartir en LinkedIn<\/span><\/a><\/li><li class='av-share-link av-social-link-mail' ><a  aria-label=\"Compartir por correo\" href='mailto:?subject=Mesa%20de%20la%20Mujer%20Ind%C3%ADgena%20invita%20a%20la%20comunidad%20a%20feria%20cultural%20productiva%20en%20Coyhaique&#038;body=https:\/\/radiorevelacionfm.cl\/?p=53656' aria-hidden='false' data-av_icon='\ue805' data-av_iconfont='entypo-fontello' title='' data-avia-related-tooltip='Compartir por correo'><span class='avia_hidden_link_text'>Compartir por correo<\/span><\/a><\/li><\/ul><\/div><\/div>\n<div  style='height:50px' class='hr hr-invisible   avia-builder-el-8  el_after_av_social_share  el_before_av_comments_list '><span class='hr-inner ' ><span class='hr-inner-style'><\/span><\/span><\/div>\n<div  class='av-buildercomment  av-blog-meta-html-info-disabled av-blog-meta-tag-disabled  '><\/div>\n","protected":false},"excerpt":{"rendered":"","protected":false},"author":1,"featured_media":53657,"comment_status":"closed","ping_status":"closed","sticky":false,"template":"","format":"standard","meta":{"footnotes":""},"categories":[38],"tags":[],"class_list":["post-53656","post","type-post","status-publish","format-standard","has-post-thumbnail","hentry","category-regional"],"jetpack_featured_media_url":"https:\/\/radiorevelacionfm.cl\/wp-content\/uploads\/2025\/05\/feria3-1_optimized-1.jpeg","_links":{"self":[{"href":"https:\/\/radiorevelacionfm.cl\/index.php?rest_route=\/wp\/v2\/posts\/53656","targetHints":{"allow":["GET"]}}],"collection":[{"href":"https:\/\/radiorevelacionfm.cl\/index.php?rest_route=\/wp\/v2\/posts"}],"about":[{"href":"https:\/\/radiorevelacionfm.cl\/index.php?rest_route=\/wp\/v2\/types\/post"}],"author":[{"embeddable":true,"href":"https:\/\/radiorevelacionfm.cl\/index.php?rest_route=\/wp\/v2\/users\/1"}],"replies":[{"embeddable":true,"href":"https:\/\/radiorevelacionfm.cl\/index.php?rest_route=%2Fwp%2Fv2%2Fcomments&post=53656"}],"version-history":[{"count":2,"href":"https:\/\/radiorevelacionfm.cl\/index.php?rest_route=\/wp\/v2\/posts\/53656\/revisions"}],"predecessor-version":[{"id":53667,"href":"https:\/\/radiorevelacionfm.cl\/index.php?rest_route=\/wp\/v2\/posts\/53656\/revisions\/53667"}],"wp:featuredmedia":[{"embeddable":true,"href":"https:\/\/radiorevelacionfm.cl\/index.php?rest_route=\/wp\/v2\/media\/53657"}],"wp:attachment":[{"href":"https:\/\/radiorevelacionfm.cl\/index.php?rest_route=%2Fwp%2Fv2%2Fmedia&parent=53656"}],"wp:term":[{"taxonomy":"category","embeddable":true,"href":"https:\/\/radiorevelacionfm.cl\/index.php?rest_route=%2Fwp%2Fv2%2Fcategories&post=53656"},{"taxonomy":"post_tag","embeddable":true,"href":"https:\/\/radiorevelacionfm.cl\/index.php?rest_route=%2Fwp%2Fv2%2Ftags&post=53656"}],"curies":[{"name":"wp","href":"https:\/\/api.w.org\/{rel}","templated":true}]}}