{"id":53652,"date":"2025-05-08T21:33:44","date_gmt":"2025-05-09T00:33:44","guid":{"rendered":"https:\/\/radiorevelacionfm.cl\/?p=53652"},"modified":"2025-05-08T21:33:44","modified_gmt":"2025-05-09T00:33:44","slug":"comite-ambiental-comunal-de-coyhaique-participa-de-jornada-de-educacion-ambiental-en-calidad-del-aire","status":"publish","type":"post","link":"https:\/\/radiorevelacionfm.cl\/?p=53652","title":{"rendered":"Comit\u00e9 Ambiental Comunal de Coyhaique participa de jornada de educaci\u00f3n ambiental en calidad del aire"},"content":{"rendered":"<div class=\"flex_column av_one_full  flex_column_div av-zero-column-padding first  avia-builder-el-0  el_before_av_one_full  avia-builder-el-first  \" style='border-radius:0px; '><div  class='avia-image-container  av-styling-    avia-builder-el-1  avia-builder-el-no-sibling  avia-align-center '  itemprop=\"image\" itemscope=\"itemscope\" itemtype=\"https:\/\/schema.org\/ImageObject\"  ><div class='avia-image-container-inner'><div class='avia-image-overlay-wrap'><img decoding=\"async\" class='wp-image-53653 avia-img-lazy-loading-not-53653 avia_image' src=\"https:\/\/radiorevelacionfm.cl\/wp-content\/uploads\/2025\/05\/3-2025-05-08t172719_optimized.617-1.jpg\" alt='' title='3---2025-05-08t172719_optimized.617-(1)' height=\"600\" width=\"881\"  itemprop=\"thumbnailUrl\" srcset=\"https:\/\/radiorevelacionfm.cl\/wp-content\/uploads\/2025\/05\/3-2025-05-08t172719_optimized.617-1.jpg 881w, https:\/\/radiorevelacionfm.cl\/wp-content\/uploads\/2025\/05\/3-2025-05-08t172719_optimized.617-1-300x204.jpg 300w, https:\/\/radiorevelacionfm.cl\/wp-content\/uploads\/2025\/05\/3-2025-05-08t172719_optimized.617-1-768x523.jpg 768w, https:\/\/radiorevelacionfm.cl\/wp-content\/uploads\/2025\/05\/3-2025-05-08t172719_optimized.617-1-705x480.jpg 705w, https:\/\/radiorevelacionfm.cl\/wp-content\/uploads\/2025\/05\/3-2025-05-08t172719_optimized.617-1-450x306.jpg 450w, https:\/\/radiorevelacionfm.cl\/wp-content\/uploads\/2025\/05\/3-2025-05-08t172719_optimized.617-1-600x409.jpg 600w\" sizes=\"(max-width: 881px) 100vw, 881px\" \/><\/div><\/div><\/div><\/div><div class=\"flex_column av_one_full  flex_column_div av-zero-column-padding first  avia-builder-el-2  el_after_av_one_full  el_before_av_one_full  column-top-margin\" style='border-radius:0px; '><section class=\"av_textblock_section \"  itemscope=\"itemscope\" itemtype=\"https:\/\/schema.org\/BlogPosting\" itemprop=\"blogPost\" ><div class='avia_textblock  '   itemprop=\"text\" ><p style=\"text-align: center;\"><strong><span style=\"font-size: 18pt;\">Comit\u00e9 Ambiental Comunal de Coyhaique participa de jornada de educaci\u00f3n ambiental en calidad del aire<\/span><\/strong><\/p>\n<div id=\"gtx-trans\" style=\"position: absolute; left: -50px; top: 4.31534px;\">\n<div class=\"gtx-trans-icon\"><\/div>\n<\/div>\n<\/div><\/section><\/div><div class=\"flex_column av_one_full  flex_column_div av-zero-column-padding first  avia-builder-el-4  el_after_av_one_full  el_before_av_hr  column-top-margin\" style='border-radius:0px; '><section class=\"av_textblock_section \"  itemscope=\"itemscope\" itemtype=\"https:\/\/schema.org\/BlogPosting\" itemprop=\"blogPost\" ><div class='avia_textblock  '   itemprop=\"text\" ><p style=\"text-align: justify;\">El Seremi del Medio Ambiente de la regi\u00f3n de Ays\u00e9n, Yoal D\u00edaz lider\u00f3 este jueves una jornada de educaci\u00f3n ambiental orientada a los miembros del comit\u00e9 ambiental comunal de Coyhaique.\u00a0 La actividad se desarroll\u00f3 en la estaci\u00f3n de monitoreo de calidad del aire Coyhaique II, donde los profesionales de medio ambiente compartieron detalles sobre monitoreo, prevenci\u00f3n, planes de descontaminaci\u00f3n y gesti\u00f3n de episodios cr\u00edticos.<\/p>\n<p style=\"text-align: justify;\">\u201cLa Gesti\u00f3n de Episodios Cr\u00edticos en Coyhaique la hacemos a trav\u00e9s de un trabajo colaborativo, buscando tambi\u00e9n educar a la poblaci\u00f3n, por eso hoy junto al municipio de Coyhaique, a trav\u00e9s del Sistema de Certificaci\u00f3n Ambiental Municipal, organizamos un encuentro con el Comit\u00e9 Ambiental Comunal, que est\u00e1 conformado por personas la sociedad civil que pueden replicar esta informaci\u00f3n. a la ciudadan\u00eda porque para descontaminar nuestra ciudad y nuestra regi\u00f3n tenemos que trabajar todos en conjunto\u201d, explic\u00f3 el Seremi del Medio Ambiente.<\/p>\n<p style=\"text-align: justify;\">En efecto, el Comit\u00e9 Ambiental Comunal CAC nace en el municipio y se conforma con integrantes de distintas organizaciones d la sociedad civil, en el marco del proceso y objetivos del Sistema de Certificaci\u00f3n Ambiental Municipal del Ministerio del Medio Ambiente, compromiso voluntario en el que la Municipalidad de Coyhaique est\u00e1 implementando el nivel intermedio \u201cesta iniciativa es parte de la estrategia ambiental comunal, parte de la certificaci\u00f3n ambiental municipal. Dentro de los temas de calidad del aire naci\u00f3 la iniciativa de venir a conocer c\u00f3mo funciona uno de los Centro de Monitoreo de que tiene el la Seremi de Medio Ambiente\u201d, coment\u00f3 el encargado del programa de protecci\u00f3n de medio ambiente de la Municipalidad de Coyhaique, Jos\u00e9 Lillo.<\/p>\n<p style=\"text-align: justify;\">Por su parte el representante de la Fundaci\u00f3n Reforestemos en el CAC, Mat\u00edas R\u00edos, destac\u00f3 que \u201ctodos los inviernos la verdad que el aire muestra \u00edndices muy da\u00f1inos para la poblaci\u00f3n. Entonces entender un poco m\u00e1s de qu\u00e9 se trata, c\u00f3mo se monitorea y c\u00f3mo podemos ir haciendo algunas acciones para mejorar la calidad del aire es s\u00faper importante\u201d.<\/p>\n<p style=\"text-align: justify;\">Dentro de la estaci\u00f3n de monitoreo, los presentes pudieron conocer la tecnolog\u00eda utilizada para las mediciones, los distintos contaminantes detectados por la estaci\u00f3n, el Sistema Nacional de Calidad del Aire SINCA, las lecturas promedio, hora a hora, y as\u00ed tambi\u00e9n como las mediciones son el principal insumo en el proceso de declaraci\u00f3n de una zona saturada.<\/p>\n<p style=\"text-align: justify;\">La actividad\u00a0 tuvo como objetivo fortalecer las capacidades del Comit\u00e9 Ambiental Comunal, a trav\u00e9s de la capacitaci\u00f3n en tem\u00e1ticas ambientales mediante actividades pr\u00e1cticas como esta visita, que fortalece la gobernanza ambiental y promueve una ciudadan\u00eda m\u00e1s informada y participativa. Adem\u00e1s, entrega herramientas concretas para comprender la situaci\u00f3n ambiental local, en especial en relaci\u00f3n con la calidad del aire, un tema prioritario para la comuna de Coyhaique.<\/p>\n<p style=\"text-align: justify;\">El CAC, se encuentra activo desde el 25 de marzo de este a\u00f1o y est\u00e1 conformado por la Fundaci\u00f3n Reforestemos, Cicleayque, Concejales de Coyhaique, CIEP, Universidad Ays\u00e9n, Patagonia sin Residuos, JJVV. Villa Estancia Austral, Patagonia Sostenible, Empresa Aguas Patagonia, Empresa Edelaysen, INACAP y la Comunidad Indigena Carfulef.<\/p>\n<\/div><\/section><\/div><div  style='height:50px' class='hr hr-invisible   avia-builder-el-6  el_after_av_one_full  el_before_av_social_share '><span class='hr-inner ' ><span class='hr-inner-style'><\/span><\/span><\/div><\/p>\n<div  class='av-social-sharing-box  avia-builder-el-7  el_after_av_hr  el_before_av_hr  '><div class='av-share-box'><h5 class='av-share-link-description av-no-toc '>Compartir esta noticia<\/h5><ul class='av-share-box-list noLightbox'><li class='av-share-link av-social-link-facebook' ><a target=\"_blank\" aria-label=\"Compartir en Facebook\" href='https:\/\/www.facebook.com\/sharer.php?u=https:\/\/radiorevelacionfm.cl\/?p=53652&#038;t=Comit%C3%A9%20Ambiental%20Comunal%20de%20Coyhaique%20participa%20de%20jornada%20de%20educaci%C3%B3n%20ambiental%20en%20calidad%20del%20aire' aria-hidden='false' data-av_icon='\ue8f3' data-av_iconfont='entypo-fontello' title='' data-avia-related-tooltip='Compartir en Facebook' rel=\"noopener\"><span class='avia_hidden_link_text'>Compartir en Facebook<\/span><\/a><\/li><li class='av-share-link av-social-link-twitter' ><a target=\"_blank\" aria-label=\"Compartir en Twitter\" href='https:\/\/twitter.com\/share?text=Comit%C3%A9%20Ambiental%20Comunal%20de%20Coyhaique%20participa%20de%20jornada%20de%20educaci%C3%B3n%20ambiental%20en%20calidad%20del%20aire&#038;url=https:\/\/radiorevelacionfm.cl\/?p=53652' aria-hidden='false' data-av_icon='\ue8f1' data-av_iconfont='entypo-fontello' title='' data-avia-related-tooltip='Compartir en Twitter' rel=\"noopener\"><span class='avia_hidden_link_text'>Compartir en Twitter<\/span><\/a><\/li><li class='av-share-link av-social-link-whatsapp' ><a target=\"_blank\" aria-label=\"Compartir en Whatsapp\" href='https:\/\/api.whatsapp.com\/send?text=https:\/\/radiorevelacionfm.cl\/?p=53652' aria-hidden='false' data-av_icon='\uf232' data-av_iconfont='entypo-fontello' title='' data-avia-related-tooltip='Compartir en Whatsapp' rel=\"noopener\"><span class='avia_hidden_link_text'>Compartir en Whatsapp<\/span><\/a><\/li><li class='av-share-link av-social-link-linkedin' ><a target=\"_blank\" aria-label=\"Compartir en LinkedIn\" href='https:\/\/linkedin.com\/shareArticle?mini=true&#038;title=Comit%C3%A9%20Ambiental%20Comunal%20de%20Coyhaique%20participa%20de%20jornada%20de%20educaci%C3%B3n%20ambiental%20en%20calidad%20del%20aire&#038;url=https:\/\/radiorevelacionfm.cl\/?p=53652' aria-hidden='false' data-av_icon='\ue8fc' data-av_iconfont='entypo-fontello' title='' data-avia-related-tooltip='Compartir en LinkedIn' rel=\"noopener\"><span class='avia_hidden_link_text'>Compartir en LinkedIn<\/span><\/a><\/li><li class='av-share-link av-social-link-mail' ><a  aria-label=\"Compartir por correo\" href='mailto:?subject=Comit%C3%A9%20Ambiental%20Comunal%20de%20Coyhaique%20participa%20de%20jornada%20de%20educaci%C3%B3n%20ambiental%20en%20calidad%20del%20aire&#038;body=https:\/\/radiorevelacionfm.cl\/?p=53652' aria-hidden='false' data-av_icon='\ue805' data-av_iconfont='entypo-fontello' title='' data-avia-related-tooltip='Compartir por correo'><span class='avia_hidden_link_text'>Compartir por correo<\/span><\/a><\/li><\/ul><\/div><\/div>\n<div  style='height:50px' class='hr hr-invisible   avia-builder-el-8  el_after_av_social_share  el_before_av_comments_list '><span class='hr-inner ' ><span class='hr-inner-style'><\/span><\/span><\/div>\n<div  class='av-buildercomment  av-blog-meta-html-info-disabled av-blog-meta-tag-disabled  '><\/div>\n","protected":false},"excerpt":{"rendered":"","protected":false},"author":1,"featured_media":53653,"comment_status":"closed","ping_status":"closed","sticky":false,"template":"","format":"standard","meta":{"footnotes":""},"categories":[39],"tags":[],"class_list":["post-53652","post","type-post","status-publish","format-standard","has-post-thumbnail","hentry","category-medio-ambiente"],"jetpack_featured_media_url":"https:\/\/radiorevelacionfm.cl\/wp-content\/uploads\/2025\/05\/3-2025-05-08t172719_optimized.617-1.jpg","_links":{"self":[{"href":"https:\/\/radiorevelacionfm.cl\/index.php?rest_route=\/wp\/v2\/posts\/53652","targetHints":{"allow":["GET"]}}],"collection":[{"href":"https:\/\/radiorevelacionfm.cl\/index.php?rest_route=\/wp\/v2\/posts"}],"about":[{"href":"https:\/\/radiorevelacionfm.cl\/index.php?rest_route=\/wp\/v2\/types\/post"}],"author":[{"embeddable":true,"href":"https:\/\/radiorevelacionfm.cl\/index.php?rest_route=\/wp\/v2\/users\/1"}],"replies":[{"embeddable":true,"href":"https:\/\/radiorevelacionfm.cl\/index.php?rest_route=%2Fwp%2Fv2%2Fcomments&post=53652"}],"version-history":[{"count":2,"href":"https:\/\/radiorevelacionfm.cl\/index.php?rest_route=\/wp\/v2\/posts\/53652\/revisions"}],"predecessor-version":[{"id":53693,"href":"https:\/\/radiorevelacionfm.cl\/index.php?rest_route=\/wp\/v2\/posts\/53652\/revisions\/53693"}],"wp:featuredmedia":[{"embeddable":true,"href":"https:\/\/radiorevelacionfm.cl\/index.php?rest_route=\/wp\/v2\/media\/53653"}],"wp:attachment":[{"href":"https:\/\/radiorevelacionfm.cl\/index.php?rest_route=%2Fwp%2Fv2%2Fmedia&parent=53652"}],"wp:term":[{"taxonomy":"category","embeddable":true,"href":"https:\/\/radiorevelacionfm.cl\/index.php?rest_route=%2Fwp%2Fv2%2Fcategories&post=53652"},{"taxonomy":"post_tag","embeddable":true,"href":"https:\/\/radiorevelacionfm.cl\/index.php?rest_route=%2Fwp%2Fv2%2Ftags&post=53652"}],"curies":[{"name":"wp","href":"https:\/\/api.w.org\/{rel}","templated":true}]}}