{"id":53650,"date":"2025-05-08T21:46:24","date_gmt":"2025-05-09T00:46:24","guid":{"rendered":"https:\/\/radiorevelacionfm.cl\/?p=53650"},"modified":"2025-05-08T21:46:24","modified_gmt":"2025-05-09T00:46:24","slug":"calisto-por-reglas-del-uso-de-la-fuerza-necesitamos-que-las-fuerzas-armadas-puedan-apoyar-para-enfrentar-al-crimen-organizado","status":"publish","type":"post","link":"https:\/\/radiorevelacionfm.cl\/?p=53650","title":{"rendered":"Calisto por Reglas del Uso de la Fuerza: \u00abNecesitamos que las Fuerzas Armadas puedan apoyar para enfrentar al crimen organizado\u00bb"},"content":{"rendered":"<section class=\"av_textblock_section \"  itemscope=\"itemscope\" itemtype=\"https:\/\/schema.org\/BlogPosting\" itemprop=\"blogPost\" ><div class='avia_textblock  '   itemprop=\"text\" ><p>Diputado<\/p>\n<\/div><\/section>\n<div class=\"flex_column av_one_full  flex_column_div av-zero-column-padding first  avia-builder-el-1  el_after_av_textblock  el_before_av_one_full  column-top-margin\" style='border-radius:0px; '><div  class='avia-image-container  av-styling-    avia-builder-el-2  avia-builder-el-no-sibling  avia-align-center '  itemprop=\"image\" itemscope=\"itemscope\" itemtype=\"https:\/\/schema.org\/ImageObject\"  ><div class='avia-image-container-inner'><div class='avia-image-overlay-wrap'><img decoding=\"async\" class='wp-image-48822 avia-img-lazy-loading-not-48822 avia_image' src=\"https:\/\/radiorevelacionfm.cl\/wp-content\/uploads\/2024\/12\/FOTO-CALISTO-EN-EL-PENSADOR-CONGRESO-1-1.jpg\" alt='' title='FOTO CALISTO EN EL PENSADOR CONGRESO (1) (1)' height=\"600\" width=\"1075\"  itemprop=\"thumbnailUrl\" srcset=\"https:\/\/radiorevelacionfm.cl\/wp-content\/uploads\/2024\/12\/FOTO-CALISTO-EN-EL-PENSADOR-CONGRESO-1-1.jpg 1075w, https:\/\/radiorevelacionfm.cl\/wp-content\/uploads\/2024\/12\/FOTO-CALISTO-EN-EL-PENSADOR-CONGRESO-1-1-300x167.jpg 300w, https:\/\/radiorevelacionfm.cl\/wp-content\/uploads\/2024\/12\/FOTO-CALISTO-EN-EL-PENSADOR-CONGRESO-1-1-1030x575.jpg 1030w, https:\/\/radiorevelacionfm.cl\/wp-content\/uploads\/2024\/12\/FOTO-CALISTO-EN-EL-PENSADOR-CONGRESO-1-1-768x429.jpg 768w, https:\/\/radiorevelacionfm.cl\/wp-content\/uploads\/2024\/12\/FOTO-CALISTO-EN-EL-PENSADOR-CONGRESO-1-1-705x393.jpg 705w, https:\/\/radiorevelacionfm.cl\/wp-content\/uploads\/2024\/12\/FOTO-CALISTO-EN-EL-PENSADOR-CONGRESO-1-1-450x251.jpg 450w, https:\/\/radiorevelacionfm.cl\/wp-content\/uploads\/2024\/12\/FOTO-CALISTO-EN-EL-PENSADOR-CONGRESO-1-1-600x335.jpg 600w\" sizes=\"(max-width: 1075px) 100vw, 1075px\" \/><\/div><\/div><\/div><\/div><div class=\"flex_column av_one_full  flex_column_div av-zero-column-padding first  avia-builder-el-3  el_after_av_one_full  el_before_av_one_full  column-top-margin\" style='border-radius:0px; '><section class=\"av_textblock_section \"  itemscope=\"itemscope\" itemtype=\"https:\/\/schema.org\/BlogPosting\" itemprop=\"blogPost\" ><div class='avia_textblock  '   itemprop=\"text\" ><p style=\"text-align: center;\"><strong><span style=\"font-size: 18pt;\">Calisto por Reglas del Uso de la Fuerza: \u00abNecesitamos que las Fuerzas Armadas puedan apoyar para enfrentar al crimen organizado\u00bb<\/span><\/strong><\/p>\n<div id=\"gtx-trans\" style=\"position: absolute; left: -50px; top: 4.31534px;\">\n<div class=\"gtx-trans-icon\"><\/div>\n<\/div>\n<\/div><\/section><\/div><div class=\"flex_column av_one_full  flex_column_div av-zero-column-padding first  avia-builder-el-5  el_after_av_one_full  el_before_av_hr  column-top-margin\" style='border-radius:0px; '><section class=\"av_textblock_section \"  itemscope=\"itemscope\" itemtype=\"https:\/\/schema.org\/BlogPosting\" itemprop=\"blogPost\" ><div class='avia_textblock  '   itemprop=\"text\" ><p style=\"text-align: justify;\">El diputado miguel \u00c1ngel Calisto manifest\u00f3 su postura cr\u00edtica al proyecto de Reglas de Uso de la Fuerza que lleg\u00f3 desde el Senado, acusando que el texto les pone m\u00e1s restricciones a las polic\u00edas y las Fuerzas Armadas para enfrentar al crimen organizado, por lo que inst\u00f3 al Gobierno a tomar una decisi\u00f3n pol\u00edtica con miras a reforzar la seguridad.<\/p>\n<p style=\"text-align: justify;\">Seg\u00fan el diputado, \u00abel gobierno tiene un grave problema y una crisis interna respecto al proyecto Regla de Uso de la Fuerza, porque las dos almas de la izquierda est\u00e1n confrontadas a prop\u00f3sito de permitir o no que las Fuerzas Armadas puedan apoyar a nuestras polic\u00edas en el control y la seguridad. Nosotros esperamos que el gobierno resuelva r\u00e1pidamente ese problema, porque hoy d\u00eda estamos enfrentados al crimen organizado, al narcotr\u00e1fico, al terrorismo y no se pueden seguir tomando el tiempo para resolver sus temas internos, ideol\u00f3gicos o sus complejos hist\u00f3ricos respecto del rol de las Fuerzas Armadas\u00bb.<\/p>\n<p style=\"text-align: justify;\">\u00abLa gran mayor\u00eda del Congreso y de la oposici\u00f3n creemos que hay que permitir que las Fuerzas Armadas puedan apoyar a las polic\u00edas en el control y la seguridad con todas las herramientas necesarias para enfrentar a los terroristas y no poni\u00e9ndole m\u00e1s palitos en el camino que finalmente evitan que ellos cumplan su funci\u00f3n\u00bb, se\u00f1al\u00f3.<\/p>\n<p style=\"text-align: justify;\">Calisto agreg\u00f3 que \u00abno puede ser que el texto que se aprob\u00f3 en el Senado se les ponga m\u00e1s restricciones a las polic\u00edas, a las Fuerzas Armadas que a los propios delincuentes. Entonces yo creo que nosotros tenemos que entender en la crisis que estamos, la crisis de seguridad, y el Presidente de la Rep\u00fablica tiene que intervenir, tiene que permitir que se apruebe r\u00e1pidamente que las Fuerzas Armadas puedan apoyar en lugares concurridos, cuando hay situaciones complejas en los estadios, cuando hay situaciones de peligro, por ejemplo en el metro o en lugares de alta concentraci\u00f3n, es necesario\u00bb.<\/p>\n<p style=\"text-align: justify;\">Finalmente, el legislador se\u00f1al\u00f3 que \u00abes fundamental que ac\u00e1 se tome una decisi\u00f3n pol\u00edtica frente a una grave crisis, pensando en la realidad actual del pa\u00eds y no mirando las Fuerzas Armadas con ojo de lo que ocurri\u00f3 hace 40 o 50 a\u00f1os atr\u00e1s durante la dictadura. Yo creo que es importante superar la historia en esta materia y si tenemos herramientas hoy d\u00eda del Estado, Fuerzas Armadas pagadas por todos los chilenos con presupuesto anual, que sirvan entonces para el control y la seguridad que es lo que los chilenos esperan\u00bb.<\/p>\n<\/div><\/section><\/div><div  style='height:50px' class='hr hr-invisible   avia-builder-el-7  el_after_av_one_full  el_before_av_social_share '><span class='hr-inner ' ><span class='hr-inner-style'><\/span><\/span><\/div><\/p>\n<div  class='av-social-sharing-box  avia-builder-el-8  el_after_av_hr  el_before_av_hr  '><div class='av-share-box'><h5 class='av-share-link-description av-no-toc '>Compartir esta noticia<\/h5><ul class='av-share-box-list noLightbox'><li class='av-share-link av-social-link-facebook' ><a target=\"_blank\" aria-label=\"Compartir en Facebook\" href='https:\/\/www.facebook.com\/sharer.php?u=https:\/\/radiorevelacionfm.cl\/?p=53650&#038;t=Calisto%20por%20Reglas%20del%20Uso%20de%20la%20Fuerza%3A%20%C2%ABNecesitamos%20que%20las%20Fuerzas%20Armadas%20puedan%20apoyar%20para%20enfrentar%20al%20crimen%20organizado%C2%BB' aria-hidden='false' data-av_icon='\ue8f3' data-av_iconfont='entypo-fontello' title='' data-avia-related-tooltip='Compartir en Facebook' rel=\"noopener\"><span class='avia_hidden_link_text'>Compartir en Facebook<\/span><\/a><\/li><li class='av-share-link av-social-link-twitter' ><a target=\"_blank\" aria-label=\"Compartir en Twitter\" href='https:\/\/twitter.com\/share?text=Calisto%20por%20Reglas%20del%20Uso%20de%20la%20Fuerza%3A%20%C2%ABNecesitamos%20que%20las%20Fuerzas%20Armadas%20puedan%20apoyar%20para%20enfrentar%20al%20crimen%20organizado%C2%BB&#038;url=https:\/\/radiorevelacionfm.cl\/?p=53650' aria-hidden='false' data-av_icon='\ue8f1' data-av_iconfont='entypo-fontello' title='' data-avia-related-tooltip='Compartir en Twitter' rel=\"noopener\"><span class='avia_hidden_link_text'>Compartir en Twitter<\/span><\/a><\/li><li class='av-share-link av-social-link-whatsapp' ><a target=\"_blank\" aria-label=\"Compartir en Whatsapp\" href='https:\/\/api.whatsapp.com\/send?text=https:\/\/radiorevelacionfm.cl\/?p=53650' aria-hidden='false' data-av_icon='\uf232' data-av_iconfont='entypo-fontello' title='' data-avia-related-tooltip='Compartir en Whatsapp' rel=\"noopener\"><span class='avia_hidden_link_text'>Compartir en Whatsapp<\/span><\/a><\/li><li class='av-share-link av-social-link-linkedin' ><a target=\"_blank\" aria-label=\"Compartir en LinkedIn\" href='https:\/\/linkedin.com\/shareArticle?mini=true&#038;title=Calisto%20por%20Reglas%20del%20Uso%20de%20la%20Fuerza%3A%20%C2%ABNecesitamos%20que%20las%20Fuerzas%20Armadas%20puedan%20apoyar%20para%20enfrentar%20al%20crimen%20organizado%C2%BB&#038;url=https:\/\/radiorevelacionfm.cl\/?p=53650' aria-hidden='false' data-av_icon='\ue8fc' data-av_iconfont='entypo-fontello' title='' data-avia-related-tooltip='Compartir en LinkedIn' rel=\"noopener\"><span class='avia_hidden_link_text'>Compartir en LinkedIn<\/span><\/a><\/li><li class='av-share-link av-social-link-mail' ><a  aria-label=\"Compartir por correo\" href='mailto:?subject=Calisto%20por%20Reglas%20del%20Uso%20de%20la%20Fuerza%3A%20%C2%ABNecesitamos%20que%20las%20Fuerzas%20Armadas%20puedan%20apoyar%20para%20enfrentar%20al%20crimen%20organizado%C2%BB&#038;body=https:\/\/radiorevelacionfm.cl\/?p=53650' aria-hidden='false' data-av_icon='\ue805' data-av_iconfont='entypo-fontello' title='' data-avia-related-tooltip='Compartir por correo'><span class='avia_hidden_link_text'>Compartir por correo<\/span><\/a><\/li><\/ul><\/div><\/div>\n<div  style='height:50px' class='hr hr-invisible   avia-builder-el-9  el_after_av_social_share  el_before_av_comments_list '><span class='hr-inner ' ><span class='hr-inner-style'><\/span><\/span><\/div>\n<div  class='av-buildercomment  av-blog-meta-html-info-disabled av-blog-meta-tag-disabled  '><\/div>\n","protected":false},"excerpt":{"rendered":"","protected":false},"author":1,"featured_media":48822,"comment_status":"closed","ping_status":"closed","sticky":false,"template":"","format":"standard","meta":{"footnotes":""},"categories":[35],"tags":[],"class_list":["post-53650","post","type-post","status-publish","format-standard","has-post-thumbnail","hentry","category-politica"],"jetpack_featured_media_url":"https:\/\/radiorevelacionfm.cl\/wp-content\/uploads\/2024\/12\/FOTO-CALISTO-EN-EL-PENSADOR-CONGRESO-1-1.jpg","_links":{"self":[{"href":"https:\/\/radiorevelacionfm.cl\/index.php?rest_route=\/wp\/v2\/posts\/53650","targetHints":{"allow":["GET"]}}],"collection":[{"href":"https:\/\/radiorevelacionfm.cl\/index.php?rest_route=\/wp\/v2\/posts"}],"about":[{"href":"https:\/\/radiorevelacionfm.cl\/index.php?rest_route=\/wp\/v2\/types\/post"}],"author":[{"embeddable":true,"href":"https:\/\/radiorevelacionfm.cl\/index.php?rest_route=\/wp\/v2\/users\/1"}],"replies":[{"embeddable":true,"href":"https:\/\/radiorevelacionfm.cl\/index.php?rest_route=%2Fwp%2Fv2%2Fcomments&post=53650"}],"version-history":[{"count":2,"href":"https:\/\/radiorevelacionfm.cl\/index.php?rest_route=\/wp\/v2\/posts\/53650\/revisions"}],"predecessor-version":[{"id":53694,"href":"https:\/\/radiorevelacionfm.cl\/index.php?rest_route=\/wp\/v2\/posts\/53650\/revisions\/53694"}],"wp:featuredmedia":[{"embeddable":true,"href":"https:\/\/radiorevelacionfm.cl\/index.php?rest_route=\/wp\/v2\/media\/48822"}],"wp:attachment":[{"href":"https:\/\/radiorevelacionfm.cl\/index.php?rest_route=%2Fwp%2Fv2%2Fmedia&parent=53650"}],"wp:term":[{"taxonomy":"category","embeddable":true,"href":"https:\/\/radiorevelacionfm.cl\/index.php?rest_route=%2Fwp%2Fv2%2Fcategories&post=53650"},{"taxonomy":"post_tag","embeddable":true,"href":"https:\/\/radiorevelacionfm.cl\/index.php?rest_route=%2Fwp%2Fv2%2Ftags&post=53650"}],"curies":[{"name":"wp","href":"https:\/\/api.w.org\/{rel}","templated":true}]}}