{"id":53647,"date":"2025-05-09T10:33:47","date_gmt":"2025-05-09T13:33:47","guid":{"rendered":"https:\/\/radiorevelacionfm.cl\/?p=53647"},"modified":"2025-05-09T10:33:47","modified_gmt":"2025-05-09T13:33:47","slug":"seremi-de-gobierno-ursula-mix-aysen-avanza-no-parte-de-cero","status":"publish","type":"post","link":"https:\/\/radiorevelacionfm.cl\/?p=53647","title":{"rendered":"Seremi de Gobierno, \u00darsula Mix: Ays\u00e9n avanza, no parte de cero"},"content":{"rendered":"<div class=\"flex_column av_one_full  flex_column_div av-zero-column-padding first  avia-builder-el-0  el_before_av_one_full  avia-builder-el-first  \" style='border-radius:0px; '><div  class='avia-image-container  av-styling-    avia-builder-el-1  avia-builder-el-no-sibling  avia-align-center '  itemprop=\"image\" itemscope=\"itemscope\" itemtype=\"https:\/\/schema.org\/ImageObject\"  ><div class='avia-image-container-inner'><div class='avia-image-overlay-wrap'><img decoding=\"async\" class='wp-image-53648 avia-img-lazy-loading-not-53648 avia_image' src=\"https:\/\/radiorevelacionfm.cl\/wp-content\/uploads\/2025\/05\/Seremi-Gob_Foto-comunicado-1-1.jpg\" alt='' title='Seremi Gob_Foto comunicado (1) (1)' height=\"670\" width=\"799\"  itemprop=\"thumbnailUrl\" srcset=\"https:\/\/radiorevelacionfm.cl\/wp-content\/uploads\/2025\/05\/Seremi-Gob_Foto-comunicado-1-1.jpg 799w, https:\/\/radiorevelacionfm.cl\/wp-content\/uploads\/2025\/05\/Seremi-Gob_Foto-comunicado-1-1-300x252.jpg 300w, https:\/\/radiorevelacionfm.cl\/wp-content\/uploads\/2025\/05\/Seremi-Gob_Foto-comunicado-1-1-768x644.jpg 768w, https:\/\/radiorevelacionfm.cl\/wp-content\/uploads\/2025\/05\/Seremi-Gob_Foto-comunicado-1-1-705x591.jpg 705w, https:\/\/radiorevelacionfm.cl\/wp-content\/uploads\/2025\/05\/Seremi-Gob_Foto-comunicado-1-1-450x377.jpg 450w, https:\/\/radiorevelacionfm.cl\/wp-content\/uploads\/2025\/05\/Seremi-Gob_Foto-comunicado-1-1-600x503.jpg 600w\" sizes=\"(max-width: 799px) 100vw, 799px\" \/><\/div><\/div><\/div><\/div>\n<div class=\"flex_column av_one_full  flex_column_div av-zero-column-padding first  avia-builder-el-2  el_after_av_one_full  el_before_av_one_full  column-top-margin\" style='border-radius:0px; '><section class=\"av_textblock_section \"  itemscope=\"itemscope\" itemtype=\"https:\/\/schema.org\/BlogPosting\" itemprop=\"blogPost\" ><div class='avia_textblock  '   itemprop=\"text\" ><p style=\"text-align: center;\"><strong><span style=\"font-size: 18pt;\">Seremi de Gobierno, \u00darsula Mix: Ays\u00e9n avanza, no parte de cero<\/span><\/strong><\/p>\n<div id=\"gtx-trans\" style=\"position: absolute; left: -50px; top: 4.31534px;\">\n<div class=\"gtx-trans-icon\"><\/div>\n<\/div>\n<\/div><\/section><\/div>\n<div class=\"flex_column av_one_full  flex_column_div av-zero-column-padding first  avia-builder-el-4  el_after_av_one_full  el_before_av_hr  column-top-margin\" style='border-radius:0px; '><section class=\"av_textblock_section \"  itemscope=\"itemscope\" itemtype=\"https:\/\/schema.org\/BlogPosting\" itemprop=\"blogPost\" ><div class='avia_textblock  '   itemprop=\"text\" ><p style=\"text-align: justify;\">La regi\u00f3n de Ays\u00e9n ha avanzado en consolidar un crecimiento econ\u00f3mico sostenido y un desarrollo social que ha mejorado la calidad de vida de sus habitantes. El actual Gobierno del Presidente Gabriel Boric ha evidenciado un esfuerzo sostenido en mejorar la presencia del estado en la regi\u00f3n, donde por cada\u202f$100 invertidos, $74 provienen del Gobierno\u202fCentral, pero no se puede negar que aun en el territorio existen brechas de desarrollo, las que de la mano del Plan de Desarrollo de Zonas Extremas (PEDZE), se ver\u00e1n disminuidas. Con esto, se pretende incrementar recursos para la ejecuci\u00f3n de proyectos en la regi\u00f3n, lo que impactar\u00e1 directamente en la vida de ayseninas y ayseninos.<\/p>\n<p style=\"text-align: justify;\">Lo anterior se ve reflejado en obras que atraviesan diferentes administraciones y etapas t\u00e9cnicas, las que han sido una prioridad para este Gobierno, entre ellas se encuentran la pavimentaci\u00f3n de la Carretera Austral, el estudio para un nuevo Hospital Regional, la construcci\u00f3n de escuelas inclusivas (Despertar y Espa\u00f1a), una red de centros de salud rural, y el proyecto \u00daltima Milla, que fue ajustado para asegurar oferentes y priorizado por su impacto en el desarrollo regional y la conectividad. A esto se suman acciones recientes como la inauguraci\u00f3n del Centro Comunitario de Cuidados de Puerto Ays\u00e9n, la inversi\u00f3n en proyectos de riego y drenaje, los avances en el nuevo Aeropuerto de Coyhaique y la pr\u00f3xima apertura del Hospital de Chile Chico, todas orientadas a fortalecer la conectividad, salud, servicios esenciales y las oportunidades productivas como base del bienestar social.<\/p>\n<p style=\"text-align: justify;\">Un hito clave en esta trayectoria es el convenio de programaci\u00f3n firmado en octubre de 2023 por el Gobierno\u202fCentral y el Gobierno\u202fRegional, que reequilibra responsabilidades presupuestarias al fijar un 70\u202f% estatal y un 30\u202f% regional para la pavimentaci\u00f3n de la Carretera Austral. Con ello, se consolida una l\u00f3gica compartida de inversi\u00f3n estrat\u00e9gica y se garantiza la continuidad de la obra m\u00e1s importante para la integraci\u00f3n de Ays\u00e9n.<\/p>\n<p style=\"text-align: justify;\">La experiencia demuestra que desarrollar infraestructura p\u00fablica es un proceso de largo plazo en el que intervienen m\u00faltiples equipos t\u00e9cnicos y gobiernos sucesivos; reorganizar o rebautizar proyectos sin reconocer su historia puede distorsionar la percepci\u00f3n ciudadana y erosionar la confianza institucional. Por eso resulta clave comunicar el avance de cada iniciativa, los plazos reales y el del Estado y de las comunidades locales.<\/p>\n<p style=\"text-align: justify;\">Mantener la cohesi\u00f3n entre los actores y la transparencia en la informaci\u00f3n permite la fiscalizaci\u00f3n social, alinea expectativas, despeja dudas sobre supuestos retrasos y facilita la fiscalizaci\u00f3n. Una narrativa clara, con datos verificables y sin apropiaciones, permite que la ciudadan\u00eda valore el esfuerzo invertido y exija resultados concretos.<\/p>\n<p style=\"text-align: justify;\">Finalmente, la Seremi de Gobierno \u00darsula Mix se\u00f1al\u00f3 \u201cAys\u00e9n no parte de cero: sobre un terreno ya sembrado de proyectos y acuerdos, la regi\u00f3n cuenta con capital humano, servicios p\u00fablicos y organizaciones que sostienen las obras en marcha. Mantener el ritmo depende de reforzar la coordinaci\u00f3n, asegurar la continuidad presupuestaria y evitar que la agenda p\u00fablica se fragmente en anuncios aislados. Solo as\u00ed el impacto de la inversi\u00f3n se reflejar\u00e1 de manera tangible y sostenida en la vida diaria de sus habitantes\u201d.<\/p>\n<\/div><\/section><\/div><div  style='height:50px' class='hr hr-invisible   avia-builder-el-6  el_after_av_one_full  el_before_av_social_share '><span class='hr-inner ' ><span class='hr-inner-style'><\/span><\/span><\/div><\/p>\n<div  class='av-social-sharing-box  avia-builder-el-7  el_after_av_hr  el_before_av_hr  '><div class='av-share-box'><h5 class='av-share-link-description av-no-toc '>Compartir esta noticia<\/h5><ul class='av-share-box-list noLightbox'><li class='av-share-link av-social-link-facebook' ><a target=\"_blank\" aria-label=\"Compartir en Facebook\" href='https:\/\/www.facebook.com\/sharer.php?u=https:\/\/radiorevelacionfm.cl\/?p=53647&#038;t=Seremi%20de%20Gobierno%2C%20%C3%9Arsula%20Mix%3A%20Ays%C3%A9n%20avanza%2C%20no%20parte%20de%20cero' aria-hidden='false' data-av_icon='\ue8f3' data-av_iconfont='entypo-fontello' title='' data-avia-related-tooltip='Compartir en Facebook' rel=\"noopener\"><span class='avia_hidden_link_text'>Compartir en Facebook<\/span><\/a><\/li><li class='av-share-link av-social-link-twitter' ><a target=\"_blank\" aria-label=\"Compartir en Twitter\" href='https:\/\/twitter.com\/share?text=Seremi%20de%20Gobierno%2C%20%C3%9Arsula%20Mix%3A%20Ays%C3%A9n%20avanza%2C%20no%20parte%20de%20cero&#038;url=https:\/\/radiorevelacionfm.cl\/?p=53647' aria-hidden='false' data-av_icon='\ue8f1' data-av_iconfont='entypo-fontello' title='' data-avia-related-tooltip='Compartir en Twitter' rel=\"noopener\"><span class='avia_hidden_link_text'>Compartir en Twitter<\/span><\/a><\/li><li class='av-share-link av-social-link-whatsapp' ><a target=\"_blank\" aria-label=\"Compartir en Whatsapp\" href='https:\/\/api.whatsapp.com\/send?text=https:\/\/radiorevelacionfm.cl\/?p=53647' aria-hidden='false' data-av_icon='\uf232' data-av_iconfont='entypo-fontello' title='' data-avia-related-tooltip='Compartir en Whatsapp' rel=\"noopener\"><span class='avia_hidden_link_text'>Compartir en Whatsapp<\/span><\/a><\/li><li class='av-share-link av-social-link-linkedin' ><a target=\"_blank\" aria-label=\"Compartir en LinkedIn\" href='https:\/\/linkedin.com\/shareArticle?mini=true&#038;title=Seremi%20de%20Gobierno%2C%20%C3%9Arsula%20Mix%3A%20Ays%C3%A9n%20avanza%2C%20no%20parte%20de%20cero&#038;url=https:\/\/radiorevelacionfm.cl\/?p=53647' aria-hidden='false' data-av_icon='\ue8fc' data-av_iconfont='entypo-fontello' title='' data-avia-related-tooltip='Compartir en LinkedIn' rel=\"noopener\"><span class='avia_hidden_link_text'>Compartir en LinkedIn<\/span><\/a><\/li><li class='av-share-link av-social-link-mail' ><a  aria-label=\"Compartir por correo\" href='mailto:?subject=Seremi%20de%20Gobierno%2C%20%C3%9Arsula%20Mix%3A%20Ays%C3%A9n%20avanza%2C%20no%20parte%20de%20cero&#038;body=https:\/\/radiorevelacionfm.cl\/?p=53647' aria-hidden='false' data-av_icon='\ue805' data-av_iconfont='entypo-fontello' title='' data-avia-related-tooltip='Compartir por correo'><span class='avia_hidden_link_text'>Compartir por correo<\/span><\/a><\/li><\/ul><\/div><\/div>\n<div  style='height:50px' class='hr hr-invisible   avia-builder-el-8  el_after_av_social_share  el_before_av_comments_list '><span class='hr-inner ' ><span class='hr-inner-style'><\/span><\/span><\/div>\n<div  class='av-buildercomment  av-blog-meta-html-info-disabled av-blog-meta-tag-disabled  '><\/div>\n","protected":false},"excerpt":{"rendered":"","protected":false},"author":1,"featured_media":53648,"comment_status":"closed","ping_status":"closed","sticky":false,"template":"","format":"standard","meta":{"footnotes":""},"categories":[38],"tags":[],"class_list":["post-53647","post","type-post","status-publish","format-standard","has-post-thumbnail","hentry","category-regional"],"jetpack_featured_media_url":"https:\/\/radiorevelacionfm.cl\/wp-content\/uploads\/2025\/05\/Seremi-Gob_Foto-comunicado-1-1.jpg","_links":{"self":[{"href":"https:\/\/radiorevelacionfm.cl\/index.php?rest_route=\/wp\/v2\/posts\/53647","targetHints":{"allow":["GET"]}}],"collection":[{"href":"https:\/\/radiorevelacionfm.cl\/index.php?rest_route=\/wp\/v2\/posts"}],"about":[{"href":"https:\/\/radiorevelacionfm.cl\/index.php?rest_route=\/wp\/v2\/types\/post"}],"author":[{"embeddable":true,"href":"https:\/\/radiorevelacionfm.cl\/index.php?rest_route=\/wp\/v2\/users\/1"}],"replies":[{"embeddable":true,"href":"https:\/\/radiorevelacionfm.cl\/index.php?rest_route=%2Fwp%2Fv2%2Fcomments&post=53647"}],"version-history":[{"count":3,"href":"https:\/\/radiorevelacionfm.cl\/index.php?rest_route=\/wp\/v2\/posts\/53647\/revisions"}],"predecessor-version":[{"id":53704,"href":"https:\/\/radiorevelacionfm.cl\/index.php?rest_route=\/wp\/v2\/posts\/53647\/revisions\/53704"}],"wp:featuredmedia":[{"embeddable":true,"href":"https:\/\/radiorevelacionfm.cl\/index.php?rest_route=\/wp\/v2\/media\/53648"}],"wp:attachment":[{"href":"https:\/\/radiorevelacionfm.cl\/index.php?rest_route=%2Fwp%2Fv2%2Fmedia&parent=53647"}],"wp:term":[{"taxonomy":"category","embeddable":true,"href":"https:\/\/radiorevelacionfm.cl\/index.php?rest_route=%2Fwp%2Fv2%2Fcategories&post=53647"},{"taxonomy":"post_tag","embeddable":true,"href":"https:\/\/radiorevelacionfm.cl\/index.php?rest_route=%2Fwp%2Fv2%2Ftags&post=53647"}],"curies":[{"name":"wp","href":"https:\/\/api.w.org\/{rel}","templated":true}]}}