{"id":53644,"date":"2025-05-08T19:16:29","date_gmt":"2025-05-08T22:16:29","guid":{"rendered":"https:\/\/radiorevelacionfm.cl\/?p=53644"},"modified":"2025-05-08T19:16:29","modified_gmt":"2025-05-08T22:16:29","slug":"fosis-invita-a-organizaciones-productivas-de-coyhaique-y-aysen-a-fortalecer-sus-capacidades-con-programa-emprendamos-grupal","status":"publish","type":"post","link":"https:\/\/radiorevelacionfm.cl\/?p=53644","title":{"rendered":"FOSIS invita a organizaciones productivas de Coyhaique y Ays\u00e9n a fortalecer sus capacidades con programa Emprendamos Grupal"},"content":{"rendered":"<div class=\"flex_column av_one_full  flex_column_div av-zero-column-padding first  avia-builder-el-0  el_before_av_one_full  avia-builder-el-first  \" style='border-radius:0px; '><div  class='avia-image-container  av-styling-    avia-builder-el-1  avia-builder-el-no-sibling  avia-align-center '  itemprop=\"image\" itemscope=\"itemscope\" itemtype=\"https:\/\/schema.org\/ImageObject\"  ><div class='avia-image-container-inner'><div class='avia-image-overlay-wrap'><img decoding=\"async\" class='wp-image-53645 avia-img-lazy-loading-not-53645 avia_image' src=\"https:\/\/radiorevelacionfm.cl\/wp-content\/uploads\/2025\/05\/EG1-1-1.jpeg\" alt='' title='EG1 (1) (1)' height=\"600\" width=\"1067\"  itemprop=\"thumbnailUrl\" srcset=\"https:\/\/radiorevelacionfm.cl\/wp-content\/uploads\/2025\/05\/EG1-1-1.jpeg 1067w, https:\/\/radiorevelacionfm.cl\/wp-content\/uploads\/2025\/05\/EG1-1-1-300x169.jpeg 300w, https:\/\/radiorevelacionfm.cl\/wp-content\/uploads\/2025\/05\/EG1-1-1-1030x579.jpeg 1030w, https:\/\/radiorevelacionfm.cl\/wp-content\/uploads\/2025\/05\/EG1-1-1-768x432.jpeg 768w, https:\/\/radiorevelacionfm.cl\/wp-content\/uploads\/2025\/05\/EG1-1-1-705x396.jpeg 705w, https:\/\/radiorevelacionfm.cl\/wp-content\/uploads\/2025\/05\/EG1-1-1-450x253.jpeg 450w, https:\/\/radiorevelacionfm.cl\/wp-content\/uploads\/2025\/05\/EG1-1-1-600x337.jpeg 600w\" sizes=\"(max-width: 1067px) 100vw, 1067px\" \/><\/div><\/div><\/div><\/div><div class=\"flex_column av_one_full  flex_column_div av-zero-column-padding first  avia-builder-el-2  el_after_av_one_full  el_before_av_one_full  column-top-margin\" style='border-radius:0px; '><section class=\"av_textblock_section \"  itemscope=\"itemscope\" itemtype=\"https:\/\/schema.org\/BlogPosting\" itemprop=\"blogPost\" ><div class='avia_textblock  '   itemprop=\"text\" ><p style=\"text-align: center;\"><strong><span style=\"font-size: 18pt;\">FOSIS invita a organizaciones productivas de Coyhaique y Ays\u00e9n a fortalecer sus capacidades con programa Emprendamos Grupal<\/span><\/strong><\/p>\n<div id=\"gtx-trans\" style=\"position: absolute; left: -50px; top: 4.31534px;\">\n<div class=\"gtx-trans-icon\"><\/div>\n<\/div>\n<\/div><\/section><\/div><div class=\"flex_column av_one_full  flex_column_div av-zero-column-padding first  avia-builder-el-4  el_after_av_one_full  el_before_av_hr  column-top-margin\" style='border-radius:0px; '><section class=\"av_textblock_section \"  itemscope=\"itemscope\" itemtype=\"https:\/\/schema.org\/BlogPosting\" itemprop=\"blogPost\" ><div class='avia_textblock  '   itemprop=\"text\" ><ul>\n<li style=\"text-align: justify;\">Cuatro organizaciones productivas de estas comunas podr\u00e1n financiar propuestas de hasta seis millones de pesos. Las postulaciones se encuentran abiertas hasta el 29 de mayo en www.fosis.gob.cl<\/li>\n<\/ul>\n<p style=\"text-align: justify;\">El programa Emprendamos Grupal es financiado por el Fondo de Solidaridad e Inversi\u00f3n Social, FOSIS, y su objetivo principal es entregar apoyo a organizaciones productivas, con el fin de que puedan potenciar sus actividades econ\u00f3micas, mejorar las condiciones de producci\u00f3n de sus negocios, fortalecer capacidades personales y de las organizaciones, lazos de asociatividad y acceso a redes para aumentar su generaci\u00f3n de ingresos.<\/p>\n<p style=\"text-align: justify;\">Esta instancia program\u00e1tica puede entregar hasta seis millones de pesos para financiar a agrupaciones productivas que presenten propuestas en \u00e1reas como comercializaci\u00f3n, producci\u00f3n, imagen corporativa, habilitaci\u00f3n de lugar de trabajo, formalizaci\u00f3n, desarrollo organizacional y otras.<\/p>\n<p style=\"text-align: justify;\">Fernanda Leiva, directora regional del FOSIS en Ays\u00e9n, convoc\u00f3 a las agrupaciones productivas para aprovechar esta oportunidad. \u00abInvitamos a organizaciones con fines productivos de las comunas de Coyhaique y Ays\u00e9n, para que se informen y presenten sus propuestas al programa Emprendamos Grupal, para fortalecer el desarrollo de sus agrupaciones a trav\u00e9s de financiamiento, capacitaci\u00f3n y asesor\u00eda. Las organizaciones interesadas podr\u00e1n descargar o solicitar los documentos necesarios para realizar sus postulaciones y subirlos o entregarlos presencialmente en oficinas del FOSIS hasta el d\u00eda jueves 29 de mayo. Quienes tengan inter\u00e9s en esta convocatoria pueden encontrar toda la informaci\u00f3n en un banner que est\u00e1 alojado en nuestro sitio web www.fosis.gob.cl\u00bb.<\/p>\n<p style=\"text-align: justify;\">Las organizaciones que postulen a este programa grupal, de la l\u00ednea de Autonom\u00eda Econ\u00f3mica del FOSIS, deben pertenecer a las comunas de Coyhaique o Ays\u00e9n, contar con personalidad jur\u00eddica y tener fines productivos, comerciales y\/o econ\u00f3micos, junto con estar compuesta por a lo menos ocho integrantes, entre algunos de los requerimientos se\u00f1alados en las bases. Las postulaciones estar\u00e1n abiertas hasta el jueves 29 de mayo.<\/p>\n<p style=\"text-align: justify;\">Las bases para postular pueden ser retiradas en la Direcci\u00f3n Regional del FOSIS, ubicada en calle Sim\u00f3n Bolivar 367 en Coyhaique o en la oficina provincial del FOSIS en la Delegaci\u00f3n Presidencial Provincial de Ays\u00e9n, ubicada en calle Esmeralda 810, Puerto Ays\u00e9n. Los documentos se encuentran disponibles en la p\u00e1gina web del FOSIS (<a href=\"http:\/\/www.fosis.gob.cl\">www.fosis.gob.cl<\/a>) o pueden ser solicitados al correo <a href=\"mailto:ofpartesaysen@fosis.gob.cl\">ofpartesaysen@fosis.gob.cl<\/a> o llamando al (67) 2262600.<\/p>\n<\/div><\/section><\/div><div  style='height:50px' class='hr hr-invisible   avia-builder-el-6  el_after_av_one_full  el_before_av_social_share '><span class='hr-inner ' ><span class='hr-inner-style'><\/span><\/span><\/div><\/p>\n<div  class='av-social-sharing-box  avia-builder-el-7  el_after_av_hr  el_before_av_hr  '><div class='av-share-box'><h5 class='av-share-link-description av-no-toc '>Compartir esta noticia<\/h5><ul class='av-share-box-list noLightbox'><li class='av-share-link av-social-link-facebook' ><a target=\"_blank\" aria-label=\"Compartir en Facebook\" href='https:\/\/www.facebook.com\/sharer.php?u=https:\/\/radiorevelacionfm.cl\/?p=53644&#038;t=FOSIS%20invita%20a%20organizaciones%20productivas%20de%20Coyhaique%20y%20Ays%C3%A9n%20a%20fortalecer%20sus%20capacidades%20con%20programa%20Emprendamos%20Grupal' aria-hidden='false' data-av_icon='\ue8f3' data-av_iconfont='entypo-fontello' title='' data-avia-related-tooltip='Compartir en Facebook' rel=\"noopener\"><span class='avia_hidden_link_text'>Compartir en Facebook<\/span><\/a><\/li><li class='av-share-link av-social-link-twitter' ><a target=\"_blank\" aria-label=\"Compartir en Twitter\" href='https:\/\/twitter.com\/share?text=FOSIS%20invita%20a%20organizaciones%20productivas%20de%20Coyhaique%20y%20Ays%C3%A9n%20a%20fortalecer%20sus%20capacidades%20con%20programa%20Emprendamos%20Grupal&#038;url=https:\/\/radiorevelacionfm.cl\/?p=53644' aria-hidden='false' data-av_icon='\ue8f1' data-av_iconfont='entypo-fontello' title='' data-avia-related-tooltip='Compartir en Twitter' rel=\"noopener\"><span class='avia_hidden_link_text'>Compartir en Twitter<\/span><\/a><\/li><li class='av-share-link av-social-link-whatsapp' ><a target=\"_blank\" aria-label=\"Compartir en Whatsapp\" href='https:\/\/api.whatsapp.com\/send?text=https:\/\/radiorevelacionfm.cl\/?p=53644' aria-hidden='false' data-av_icon='\uf232' data-av_iconfont='entypo-fontello' title='' data-avia-related-tooltip='Compartir en Whatsapp' rel=\"noopener\"><span class='avia_hidden_link_text'>Compartir en Whatsapp<\/span><\/a><\/li><li class='av-share-link av-social-link-linkedin' ><a target=\"_blank\" aria-label=\"Compartir en LinkedIn\" href='https:\/\/linkedin.com\/shareArticle?mini=true&#038;title=FOSIS%20invita%20a%20organizaciones%20productivas%20de%20Coyhaique%20y%20Ays%C3%A9n%20a%20fortalecer%20sus%20capacidades%20con%20programa%20Emprendamos%20Grupal&#038;url=https:\/\/radiorevelacionfm.cl\/?p=53644' aria-hidden='false' data-av_icon='\ue8fc' data-av_iconfont='entypo-fontello' title='' data-avia-related-tooltip='Compartir en LinkedIn' rel=\"noopener\"><span class='avia_hidden_link_text'>Compartir en LinkedIn<\/span><\/a><\/li><li class='av-share-link av-social-link-mail' ><a  aria-label=\"Compartir por correo\" href='mailto:?subject=FOSIS%20invita%20a%20organizaciones%20productivas%20de%20Coyhaique%20y%20Ays%C3%A9n%20a%20fortalecer%20sus%20capacidades%20con%20programa%20Emprendamos%20Grupal&#038;body=https:\/\/radiorevelacionfm.cl\/?p=53644' aria-hidden='false' data-av_icon='\ue805' data-av_iconfont='entypo-fontello' title='' data-avia-related-tooltip='Compartir por correo'><span class='avia_hidden_link_text'>Compartir por correo<\/span><\/a><\/li><\/ul><\/div><\/div>\n<div  style='height:50px' class='hr hr-invisible   avia-builder-el-8  el_after_av_social_share  el_before_av_comments_list '><span class='hr-inner ' ><span class='hr-inner-style'><\/span><\/span><\/div>\n<div  class='av-buildercomment  av-blog-meta-html-info-disabled av-blog-meta-tag-disabled  '><\/div>\n","protected":false},"excerpt":{"rendered":"","protected":false},"author":1,"featured_media":53645,"comment_status":"closed","ping_status":"closed","sticky":false,"template":"","format":"standard","meta":{"footnotes":""},"categories":[38],"tags":[],"class_list":["post-53644","post","type-post","status-publish","format-standard","has-post-thumbnail","hentry","category-regional"],"jetpack_featured_media_url":"https:\/\/radiorevelacionfm.cl\/wp-content\/uploads\/2025\/05\/EG1-1-1.jpeg","_links":{"self":[{"href":"https:\/\/radiorevelacionfm.cl\/index.php?rest_route=\/wp\/v2\/posts\/53644","targetHints":{"allow":["GET"]}}],"collection":[{"href":"https:\/\/radiorevelacionfm.cl\/index.php?rest_route=\/wp\/v2\/posts"}],"about":[{"href":"https:\/\/radiorevelacionfm.cl\/index.php?rest_route=\/wp\/v2\/types\/post"}],"author":[{"embeddable":true,"href":"https:\/\/radiorevelacionfm.cl\/index.php?rest_route=\/wp\/v2\/users\/1"}],"replies":[{"embeddable":true,"href":"https:\/\/radiorevelacionfm.cl\/index.php?rest_route=%2Fwp%2Fv2%2Fcomments&post=53644"}],"version-history":[{"count":2,"href":"https:\/\/radiorevelacionfm.cl\/index.php?rest_route=\/wp\/v2\/posts\/53644\/revisions"}],"predecessor-version":[{"id":53685,"href":"https:\/\/radiorevelacionfm.cl\/index.php?rest_route=\/wp\/v2\/posts\/53644\/revisions\/53685"}],"wp:featuredmedia":[{"embeddable":true,"href":"https:\/\/radiorevelacionfm.cl\/index.php?rest_route=\/wp\/v2\/media\/53645"}],"wp:attachment":[{"href":"https:\/\/radiorevelacionfm.cl\/index.php?rest_route=%2Fwp%2Fv2%2Fmedia&parent=53644"}],"wp:term":[{"taxonomy":"category","embeddable":true,"href":"https:\/\/radiorevelacionfm.cl\/index.php?rest_route=%2Fwp%2Fv2%2Fcategories&post=53644"},{"taxonomy":"post_tag","embeddable":true,"href":"https:\/\/radiorevelacionfm.cl\/index.php?rest_route=%2Fwp%2Fv2%2Ftags&post=53644"}],"curies":[{"name":"wp","href":"https:\/\/api.w.org\/{rel}","templated":true}]}}