{"id":5364,"date":"2021-06-17T11:10:11","date_gmt":"2021-06-17T14:10:11","guid":{"rendered":"https:\/\/radiorevelacionfm.cl\/?p=5364"},"modified":"2021-06-17T11:10:11","modified_gmt":"2021-06-17T14:10:11","slug":"fundacion-social-cchc-entrega-becas-a-hijos-de-trabajadores-de-empresas-socias-por-excelencia-academica","status":"publish","type":"post","link":"https:\/\/radiorevelacionfm.cl\/?p=5364","title":{"rendered":"Fundaci\u00f3n Social CChC entrega becas a hijos de trabajadores de empresas socias por excelencia acad\u00e9mica"},"content":{"rendered":"<div class=\"flex_column av_one_full  flex_column_div av-zero-column-padding first  avia-builder-el-0  el_before_av_one_full  avia-builder-el-first  \" style='border-radius:0px; '><div  class='avia-image-container  av-styling-    avia-builder-el-1  avia-builder-el-no-sibling  avia-align-center '  itemprop=\"image\" itemscope=\"itemscope\" itemtype=\"https:\/\/schema.org\/ImageObject\"  ><div class='avia-image-container-inner'><div class='avia-image-overlay-wrap'><img decoding=\"async\" class='wp-image-5365 avia-img-lazy-loading-not-5365 avia_image' src=\"https:\/\/radiorevelacionfm.cl\/wp-content\/uploads\/2021\/06\/Becas_CChC_3-1-1.jpg\" alt='' title='Becas_CChC_(3) (1) (1)' height=\"600\" width=\"906\"  itemprop=\"thumbnailUrl\" srcset=\"https:\/\/radiorevelacionfm.cl\/wp-content\/uploads\/2021\/06\/Becas_CChC_3-1-1.jpg 906w, https:\/\/radiorevelacionfm.cl\/wp-content\/uploads\/2021\/06\/Becas_CChC_3-1-1-300x199.jpg 300w, https:\/\/radiorevelacionfm.cl\/wp-content\/uploads\/2021\/06\/Becas_CChC_3-1-1-768x509.jpg 768w, https:\/\/radiorevelacionfm.cl\/wp-content\/uploads\/2021\/06\/Becas_CChC_3-1-1-705x467.jpg 705w, https:\/\/radiorevelacionfm.cl\/wp-content\/uploads\/2021\/06\/Becas_CChC_3-1-1-600x397.jpg 600w\" sizes=\"(max-width: 906px) 100vw, 906px\" \/><\/div><\/div><\/div><\/div><div class=\"flex_column av_one_full  flex_column_div av-zero-column-padding first  avia-builder-el-2  el_after_av_one_full  el_before_av_one_full  column-top-margin\" style='border-radius:0px; '><section class=\"av_textblock_section \"  itemscope=\"itemscope\" itemtype=\"https:\/\/schema.org\/BlogPosting\" itemprop=\"blogPost\" ><div class='avia_textblock  '   itemprop=\"text\" ><p style=\"text-align: center;\"><span style=\"font-size: 18pt;\"><strong>Fundaci\u00f3n Social CChC entrega becas a hijos de trabajadores de empresas socias por excelencia acad\u00e9mica <\/strong><\/span><\/p>\n<div id=\"gtx-trans\" style=\"position: absolute; left: -50px; top: 4.31534px;\">\n<div class=\"gtx-trans-icon\"><\/div>\n<\/div>\n<\/div><\/section><\/div><div class=\"flex_column av_one_full  flex_column_div av-zero-column-padding first  avia-builder-el-4  el_after_av_one_full  el_before_av_hr  column-top-margin\" style='border-radius:0px; '><section class=\"av_textblock_section \"  itemscope=\"itemscope\" itemtype=\"https:\/\/schema.org\/BlogPosting\" itemprop=\"blogPost\" ><div class='avia_textblock  '   itemprop=\"text\" ><p style=\"text-align: justify;\">Con el objetivo de incentivar la excelencia acad\u00e9mica en hijos de trabajadores de empresas socias de la C\u00e1mara Chilena de la Construcci\u00f3n (CChC) sede Coyhaique, la Fundaci\u00f3n Social CChC entreg\u00f3 cinco becas a alumnos de distintos establecimientos educacionales de la capital regional tras terminar sus estudios secundarios en el 2020 con un promedio general de notas igual o superior a 5,7.<\/p>\n<p style=\"text-align: justify;\">Esta beca, que se entrega por \u00fanica vez al a\u00f1o, consiste en la bonificaci\u00f3n de 3 UF destinadas a cada uno de los estudiantes luego de alcanzar un \u00f3ptimo rendimiento acad\u00e9mico al t\u00e9rmino del a\u00f1o escolar anteriormente mencionado.<\/p>\n<p style=\"text-align: justify;\">Al respecto, la presidenta del Comit\u00e9 del \u00c1rea Social de la CChC Coyhaique, Ildegard Kunz, valor\u00f3 el compromiso de la Fundaci\u00f3n Social de la C\u00e1mara Chilena de la Construcci\u00f3n por \u201csu labor de apoyo a los trabajadores y sus familias en distintas \u00e1reas. En esta oportunidad, estamos muy orgullosos de materializar incentivos en materia de educaci\u00f3n a trav\u00e9s de becas\u201d.<\/p>\n<p style=\"text-align: justify;\">\u201cSabemos que es un premio muy importante para los estudiantes e hijos de trabajadores de empresas socias, quienes realizan durante el a\u00f1o escolar, de principio a fin, un esfuerzo para obtener las mejores notas en las asignaturas que estudian de acuerdo a sus niveles\u201d, agreg\u00f3.<\/p>\n<p style=\"text-align: justify;\">Kunz, tambi\u00e9n tuvo palabras para referirse a los padres de los estudiantes que resultaron beneficiados por esta beca escolar. \u201cNo me queda m\u00e1s que felicitar a los cinco alumnos que ya recibieron esta beca e instarlos a seguir mostrando un alto nivel acad\u00e9mico en sus respectivos colegios. Adem\u00e1s, quiero felicitar a los padres quienes son una parte esencial en el proceso de aprendizaje de sus hijos\u201d, cerr\u00f3.<\/p>\n<p style=\"text-align: justify;\">Los estudiantes, en tanto, de 8\u00b0 a\u00f1o b\u00e1sico beneficiados con la beca escolar 2020 de la Fundaci\u00f3n Social CChC fueron Lisett Alvarado del Colegio Francisco Xavier Butina; Omar Vicencio del Colegio Pedro Quintana Mansilla; Barbara Jim\u00e9nez del Colegio Hern\u00e1n Merino Correa; Javier Gallegos del Liceo San Felipe Benicio; y Camilo Moraga del Liceo Rep\u00fablica Argentina.<\/p>\n<\/div><\/section><\/div><div  style='height:50px' class='hr hr-invisible   avia-builder-el-6  el_after_av_one_full  el_before_av_social_share '><span class='hr-inner ' ><span class='hr-inner-style'><\/span><\/span><\/div><\/p>\n<div  class='av-social-sharing-box  avia-builder-el-7  el_after_av_hr  el_before_av_hr  '><div class='av-share-box'><h5 class='av-share-link-description av-no-toc '>Compartir esta noticia<\/h5><ul class='av-share-box-list noLightbox'><li class='av-share-link av-social-link-facebook' ><a target=\"_blank\" aria-label=\"Compartir en Facebook\" href='https:\/\/www.facebook.com\/sharer.php?u=https:\/\/radiorevelacionfm.cl\/?p=5364&#038;t=Fundaci%C3%B3n%20Social%20CChC%20entrega%20becas%20a%20hijos%20de%20trabajadores%20de%20empresas%20socias%20por%20excelencia%20acad%C3%A9mica' aria-hidden='false' data-av_icon='\ue8f3' data-av_iconfont='entypo-fontello' title='' data-avia-related-tooltip='Compartir en Facebook' rel=\"noopener\"><span class='avia_hidden_link_text'>Compartir en Facebook<\/span><\/a><\/li><li class='av-share-link av-social-link-twitter' ><a target=\"_blank\" aria-label=\"Compartir en Twitter\" href='https:\/\/twitter.com\/share?text=Fundaci%C3%B3n%20Social%20CChC%20entrega%20becas%20a%20hijos%20de%20trabajadores%20de%20empresas%20socias%20por%20excelencia%20acad%C3%A9mica&#038;url=https:\/\/radiorevelacionfm.cl\/?p=5364' aria-hidden='false' data-av_icon='\ue8f1' data-av_iconfont='entypo-fontello' title='' data-avia-related-tooltip='Compartir en Twitter' rel=\"noopener\"><span class='avia_hidden_link_text'>Compartir en Twitter<\/span><\/a><\/li><li class='av-share-link av-social-link-whatsapp' ><a target=\"_blank\" aria-label=\"Compartir en Whatsapp\" href='https:\/\/api.whatsapp.com\/send?text=https:\/\/radiorevelacionfm.cl\/?p=5364' aria-hidden='false' data-av_icon='\uf232' data-av_iconfont='entypo-fontello' title='' data-avia-related-tooltip='Compartir en Whatsapp' rel=\"noopener\"><span class='avia_hidden_link_text'>Compartir en Whatsapp<\/span><\/a><\/li><li class='av-share-link av-social-link-linkedin' ><a target=\"_blank\" aria-label=\"Compartir en LinkedIn\" href='https:\/\/linkedin.com\/shareArticle?mini=true&#038;title=Fundaci%C3%B3n%20Social%20CChC%20entrega%20becas%20a%20hijos%20de%20trabajadores%20de%20empresas%20socias%20por%20excelencia%20acad%C3%A9mica&#038;url=https:\/\/radiorevelacionfm.cl\/?p=5364' aria-hidden='false' data-av_icon='\ue8fc' data-av_iconfont='entypo-fontello' title='' data-avia-related-tooltip='Compartir en LinkedIn' rel=\"noopener\"><span class='avia_hidden_link_text'>Compartir en LinkedIn<\/span><\/a><\/li><li class='av-share-link av-social-link-mail' ><a  aria-label=\"Compartir por correo\" href='mailto:?subject=Fundaci%C3%B3n%20Social%20CChC%20entrega%20becas%20a%20hijos%20de%20trabajadores%20de%20empresas%20socias%20por%20excelencia%20acad%C3%A9mica&#038;body=https:\/\/radiorevelacionfm.cl\/?p=5364' aria-hidden='false' data-av_icon='\ue805' data-av_iconfont='entypo-fontello' title='' data-avia-related-tooltip='Compartir por correo'><span class='avia_hidden_link_text'>Compartir por correo<\/span><\/a><\/li><\/ul><\/div><\/div>\n<div  style='height:50px' class='hr hr-invisible   avia-builder-el-8  el_after_av_social_share  el_before_av_comments_list '><span class='hr-inner ' ><span class='hr-inner-style'><\/span><\/span><\/div>\n<div  class='av-buildercomment  av-blog-meta-html-info-disabled av-blog-meta-tag-disabled  '><\/div>\n","protected":false},"excerpt":{"rendered":"","protected":false},"author":1,"featured_media":5365,"comment_status":"open","ping_status":"open","sticky":false,"template":"","format":"standard","meta":{"footnotes":""},"categories":[38],"tags":[],"class_list":["post-5364","post","type-post","status-publish","format-standard","has-post-thumbnail","hentry","category-regional"],"jetpack_featured_media_url":"https:\/\/radiorevelacionfm.cl\/wp-content\/uploads\/2021\/06\/Becas_CChC_3-1-1.jpg","_links":{"self":[{"href":"https:\/\/radiorevelacionfm.cl\/index.php?rest_route=\/wp\/v2\/posts\/5364","targetHints":{"allow":["GET"]}}],"collection":[{"href":"https:\/\/radiorevelacionfm.cl\/index.php?rest_route=\/wp\/v2\/posts"}],"about":[{"href":"https:\/\/radiorevelacionfm.cl\/index.php?rest_route=\/wp\/v2\/types\/post"}],"author":[{"embeddable":true,"href":"https:\/\/radiorevelacionfm.cl\/index.php?rest_route=\/wp\/v2\/users\/1"}],"replies":[{"embeddable":true,"href":"https:\/\/radiorevelacionfm.cl\/index.php?rest_route=%2Fwp%2Fv2%2Fcomments&post=5364"}],"version-history":[{"count":1,"href":"https:\/\/radiorevelacionfm.cl\/index.php?rest_route=\/wp\/v2\/posts\/5364\/revisions"}],"predecessor-version":[{"id":5366,"href":"https:\/\/radiorevelacionfm.cl\/index.php?rest_route=\/wp\/v2\/posts\/5364\/revisions\/5366"}],"wp:featuredmedia":[{"embeddable":true,"href":"https:\/\/radiorevelacionfm.cl\/index.php?rest_route=\/wp\/v2\/media\/5365"}],"wp:attachment":[{"href":"https:\/\/radiorevelacionfm.cl\/index.php?rest_route=%2Fwp%2Fv2%2Fmedia&parent=5364"}],"wp:term":[{"taxonomy":"category","embeddable":true,"href":"https:\/\/radiorevelacionfm.cl\/index.php?rest_route=%2Fwp%2Fv2%2Fcategories&post=5364"},{"taxonomy":"post_tag","embeddable":true,"href":"https:\/\/radiorevelacionfm.cl\/index.php?rest_route=%2Fwp%2Fv2%2Ftags&post=5364"}],"curies":[{"name":"wp","href":"https:\/\/api.w.org\/{rel}","templated":true}]}}