{"id":53636,"date":"2025-05-08T16:28:30","date_gmt":"2025-05-08T19:28:30","guid":{"rendered":"https:\/\/radiorevelacionfm.cl\/?p=53636"},"modified":"2025-05-08T16:28:30","modified_gmt":"2025-05-08T19:28:30","slug":"143-familias-del-sector-la-reserva-ya-cuentan-con-agua-potable-gracias-a-nuevo-sistema-apr-en-coyhaique","status":"publish","type":"post","link":"https:\/\/radiorevelacionfm.cl\/?p=53636","title":{"rendered":"143 familias del sector La Reserva ya cuentan con agua potable gracias a nuevo sistema APR en Coyhaique"},"content":{"rendered":"<div class=\"flex_column av_one_full  flex_column_div av-zero-column-padding first  avia-builder-el-0  el_before_av_one_full  avia-builder-el-first  \" style='border-radius:0px; '><div  class='avia-image-container  av-styling-    avia-builder-el-1  avia-builder-el-no-sibling  avia-align-center '  itemprop=\"image\" itemscope=\"itemscope\" itemtype=\"https:\/\/schema.org\/ImageObject\"  ><div class='avia-image-container-inner'><div class='avia-image-overlay-wrap'><img decoding=\"async\" class='wp-image-53637 avia-img-lazy-loading-not-53637 avia_image' src=\"https:\/\/radiorevelacionfm.cl\/wp-content\/uploads\/2025\/05\/inauguracion-ssr-la-reserva-4-1_optimized.jpg\" alt='' title='inauguraci\u00f3n-ssr-la-reserva-(4)-(1)_optimized' height=\"600\" width=\"1006\"  itemprop=\"thumbnailUrl\" srcset=\"https:\/\/radiorevelacionfm.cl\/wp-content\/uploads\/2025\/05\/inauguracion-ssr-la-reserva-4-1_optimized.jpg 1006w, https:\/\/radiorevelacionfm.cl\/wp-content\/uploads\/2025\/05\/inauguracion-ssr-la-reserva-4-1_optimized-300x179.jpg 300w, https:\/\/radiorevelacionfm.cl\/wp-content\/uploads\/2025\/05\/inauguracion-ssr-la-reserva-4-1_optimized-768x458.jpg 768w, https:\/\/radiorevelacionfm.cl\/wp-content\/uploads\/2025\/05\/inauguracion-ssr-la-reserva-4-1_optimized-705x420.jpg 705w, https:\/\/radiorevelacionfm.cl\/wp-content\/uploads\/2025\/05\/inauguracion-ssr-la-reserva-4-1_optimized-450x268.jpg 450w, https:\/\/radiorevelacionfm.cl\/wp-content\/uploads\/2025\/05\/inauguracion-ssr-la-reserva-4-1_optimized-600x358.jpg 600w\" sizes=\"(max-width: 1006px) 100vw, 1006px\" \/><\/div><\/div><\/div><\/div><div class=\"flex_column av_one_full  flex_column_div av-zero-column-padding first  avia-builder-el-2  el_after_av_one_full  el_before_av_one_full  column-top-margin\" style='border-radius:0px; '><section class=\"av_textblock_section \"  itemscope=\"itemscope\" itemtype=\"https:\/\/schema.org\/BlogPosting\" itemprop=\"blogPost\" ><div class='avia_textblock  '   itemprop=\"text\" ><p style=\"text-align: center;\"><strong><span style=\"font-size: 18pt;\">143 familias del sector La Reserva ya cuentan con agua potable gracias a nuevo sistema APR en Coyhaique<\/span><\/strong><\/p>\n<div id=\"gtx-trans\" style=\"position: absolute; left: -50px; top: 4.31534px;\">\n<div class=\"gtx-trans-icon\"><\/div>\n<\/div>\n<\/div><\/section><\/div><div class=\"flex_column av_one_full  flex_column_div av-zero-column-padding first  avia-builder-el-4  el_after_av_one_full  el_before_av_hr  column-top-margin\" style='border-radius:0px; '><section class=\"av_textblock_section \"  itemscope=\"itemscope\" itemtype=\"https:\/\/schema.org\/BlogPosting\" itemprop=\"blogPost\" ><div class='avia_textblock  '   itemprop=\"text\" ><p style=\"text-align: justify;\"><em>La obra, que signific\u00f3 una inversi\u00f3n superior a los $2.700 millones, mejora la calidad de vida y asegura el acceso a un recurso vital para las familias del sector.<\/em><\/p>\n<p style=\"text-align: justify;\">Con emoci\u00f3n y orgullo, vecinos y autoridades inauguraron el nuevo Sistema de Agua Potable Rural (APR) del sector La Reserva en Coyhaique, una obra que beneficia directamente a 143 familias y que forma parte del compromiso del Gobierno del Presidente Gabriel Boric por garantizar el acceso al agua potable en los sectores m\u00e1s apartados del pa\u00eds.<\/p>\n<p style=\"text-align: justify;\">El proyecto, ejecutado por la Direcci\u00f3n de Obras Hidr\u00e1ulicas del Ministerio de Obras P\u00fablicas (MOP), consider\u00f3 una inversi\u00f3n total de $2.727 millones e incluy\u00f3 obras de captaci\u00f3n, impulsi\u00f3n, tratamiento, regulaci\u00f3n y una red de distribuci\u00f3n de m\u00e1s de 16 kil\u00f3metros de tuber\u00edas.<\/p>\n<p style=\"text-align: justify;\">Benicio Ovando, vecino y dirigente del Comit\u00e9 SSR La Reserva, expres\u00f3 su satisfacci\u00f3n: \u201cYo por suerte ten\u00eda un vecino con vertiente, pero ahora abrir la llave y sacar agua para tomar un mate o un caf\u00e9, cuando uno quiera, es un adelanto s\u00faper bueno\u201d.<\/p>\n<p style=\"text-align: justify;\">En la ceremonia, la Seremi del MOP, Paloma Jara, destac\u00f3 que esta obra se enmarca en el compromiso presidencial de dotar de agua potable rural a todas las personas, incluso en los lugares m\u00e1s alejados. \u201cCon este comit\u00e9 completamos seis proyectos de APR durante este Gobierno, y ya estamos avanzando con nuevas obras en sectores como Los Palos\u201d, se\u00f1al\u00f3.<\/p>\n<p style=\"text-align: justify;\">Por su parte, Francisco Real, Director Regional de Obras Hidr\u00e1ulicas, enfatiz\u00f3 el impacto de la inversi\u00f3n: \u201cHoy alcanzamos los 48 sistemas de agua potable rural en la regi\u00f3n, beneficiando a unas 30 mil personas, lo que equivale a un cuarto de la poblaci\u00f3n regional. Esta obra en La Reserva mejora directamente la vida de 143 familias\u201d.<\/p>\n<p style=\"text-align: justify;\">La delegada presidencial regional (s), \u00darsula Mix, recalc\u00f3 que esta infraestructura \u201cgarantiza calidad y acceso al agua potable, mejorando significativamente la vida en este sector rural\u201d.<\/p>\n<p style=\"text-align: justify;\">Finalmente, Cristian Tilleria, presidente del Comit\u00e9 SSR La Reserva, manifest\u00f3 el sentir de los vecinos: \u201cEstamos tremendamente orgullosos de contar con este recurso vital, que nos permite vivir con dignidad y tranquilidad, sabiendo que tenemos agua de calidad para nuestros ni\u00f1os, adultos mayores y toda la comunidad\u201d.<\/p>\n<p style=\"text-align: justify;\">La obra fue ejecutada por la empresa Mario Jos\u00e9 Jaramillo Gallardo, con una duraci\u00f3n de 543 d\u00edas corridos, y ya cuenta con la recepci\u00f3n provisional por parte del MOP.<\/p>\n<\/div><\/section><\/div><div  style='height:50px' class='hr hr-invisible   avia-builder-el-6  el_after_av_one_full  el_before_av_social_share '><span class='hr-inner ' ><span class='hr-inner-style'><\/span><\/span><\/div><\/p>\n<div  class='av-social-sharing-box  avia-builder-el-7  el_after_av_hr  el_before_av_hr  '><div class='av-share-box'><h5 class='av-share-link-description av-no-toc '>Compartir esta noticia<\/h5><ul class='av-share-box-list noLightbox'><li class='av-share-link av-social-link-facebook' ><a target=\"_blank\" aria-label=\"Compartir en Facebook\" href='https:\/\/www.facebook.com\/sharer.php?u=https:\/\/radiorevelacionfm.cl\/?p=53636&#038;t=143%20familias%20del%20sector%20La%20Reserva%20ya%20cuentan%20con%20agua%20potable%20gracias%20a%20nuevo%20sistema%20APR%20en%20Coyhaique' aria-hidden='false' data-av_icon='\ue8f3' data-av_iconfont='entypo-fontello' title='' data-avia-related-tooltip='Compartir en Facebook' rel=\"noopener\"><span class='avia_hidden_link_text'>Compartir en Facebook<\/span><\/a><\/li><li class='av-share-link av-social-link-twitter' ><a target=\"_blank\" aria-label=\"Compartir en Twitter\" href='https:\/\/twitter.com\/share?text=143%20familias%20del%20sector%20La%20Reserva%20ya%20cuentan%20con%20agua%20potable%20gracias%20a%20nuevo%20sistema%20APR%20en%20Coyhaique&#038;url=https:\/\/radiorevelacionfm.cl\/?p=53636' aria-hidden='false' data-av_icon='\ue8f1' data-av_iconfont='entypo-fontello' title='' data-avia-related-tooltip='Compartir en Twitter' rel=\"noopener\"><span class='avia_hidden_link_text'>Compartir en Twitter<\/span><\/a><\/li><li class='av-share-link av-social-link-whatsapp' ><a target=\"_blank\" aria-label=\"Compartir en Whatsapp\" href='https:\/\/api.whatsapp.com\/send?text=https:\/\/radiorevelacionfm.cl\/?p=53636' aria-hidden='false' data-av_icon='\uf232' data-av_iconfont='entypo-fontello' title='' data-avia-related-tooltip='Compartir en Whatsapp' rel=\"noopener\"><span class='avia_hidden_link_text'>Compartir en Whatsapp<\/span><\/a><\/li><li class='av-share-link av-social-link-linkedin' ><a target=\"_blank\" aria-label=\"Compartir en LinkedIn\" href='https:\/\/linkedin.com\/shareArticle?mini=true&#038;title=143%20familias%20del%20sector%20La%20Reserva%20ya%20cuentan%20con%20agua%20potable%20gracias%20a%20nuevo%20sistema%20APR%20en%20Coyhaique&#038;url=https:\/\/radiorevelacionfm.cl\/?p=53636' aria-hidden='false' data-av_icon='\ue8fc' data-av_iconfont='entypo-fontello' title='' data-avia-related-tooltip='Compartir en LinkedIn' rel=\"noopener\"><span class='avia_hidden_link_text'>Compartir en LinkedIn<\/span><\/a><\/li><li class='av-share-link av-social-link-mail' ><a  aria-label=\"Compartir por correo\" href='mailto:?subject=143%20familias%20del%20sector%20La%20Reserva%20ya%20cuentan%20con%20agua%20potable%20gracias%20a%20nuevo%20sistema%20APR%20en%20Coyhaique&#038;body=https:\/\/radiorevelacionfm.cl\/?p=53636' aria-hidden='false' data-av_icon='\ue805' data-av_iconfont='entypo-fontello' title='' data-avia-related-tooltip='Compartir por correo'><span class='avia_hidden_link_text'>Compartir por correo<\/span><\/a><\/li><\/ul><\/div><\/div>\n<div  style='height:50px' class='hr hr-invisible   avia-builder-el-8  el_after_av_social_share  el_before_av_comments_list '><span class='hr-inner ' ><span class='hr-inner-style'><\/span><\/span><\/div>\n<div  class='av-buildercomment  av-blog-meta-html-info-disabled av-blog-meta-tag-disabled  '><\/div>\n","protected":false},"excerpt":{"rendered":"","protected":false},"author":1,"featured_media":53637,"comment_status":"closed","ping_status":"closed","sticky":false,"template":"","format":"standard","meta":{"footnotes":""},"categories":[38],"tags":[],"class_list":["post-53636","post","type-post","status-publish","format-standard","has-post-thumbnail","hentry","category-regional"],"jetpack_featured_media_url":"https:\/\/radiorevelacionfm.cl\/wp-content\/uploads\/2025\/05\/inauguracion-ssr-la-reserva-4-1_optimized.jpg","_links":{"self":[{"href":"https:\/\/radiorevelacionfm.cl\/index.php?rest_route=\/wp\/v2\/posts\/53636","targetHints":{"allow":["GET"]}}],"collection":[{"href":"https:\/\/radiorevelacionfm.cl\/index.php?rest_route=\/wp\/v2\/posts"}],"about":[{"href":"https:\/\/radiorevelacionfm.cl\/index.php?rest_route=\/wp\/v2\/types\/post"}],"author":[{"embeddable":true,"href":"https:\/\/radiorevelacionfm.cl\/index.php?rest_route=\/wp\/v2\/users\/1"}],"replies":[{"embeddable":true,"href":"https:\/\/radiorevelacionfm.cl\/index.php?rest_route=%2Fwp%2Fv2%2Fcomments&post=53636"}],"version-history":[{"count":2,"href":"https:\/\/radiorevelacionfm.cl\/index.php?rest_route=\/wp\/v2\/posts\/53636\/revisions"}],"predecessor-version":[{"id":53639,"href":"https:\/\/radiorevelacionfm.cl\/index.php?rest_route=\/wp\/v2\/posts\/53636\/revisions\/53639"}],"wp:featuredmedia":[{"embeddable":true,"href":"https:\/\/radiorevelacionfm.cl\/index.php?rest_route=\/wp\/v2\/media\/53637"}],"wp:attachment":[{"href":"https:\/\/radiorevelacionfm.cl\/index.php?rest_route=%2Fwp%2Fv2%2Fmedia&parent=53636"}],"wp:term":[{"taxonomy":"category","embeddable":true,"href":"https:\/\/radiorevelacionfm.cl\/index.php?rest_route=%2Fwp%2Fv2%2Fcategories&post=53636"},{"taxonomy":"post_tag","embeddable":true,"href":"https:\/\/radiorevelacionfm.cl\/index.php?rest_route=%2Fwp%2Fv2%2Ftags&post=53636"}],"curies":[{"name":"wp","href":"https:\/\/api.w.org\/{rel}","templated":true}]}}