{"id":53633,"date":"2025-05-08T17:31:25","date_gmt":"2025-05-08T20:31:25","guid":{"rendered":"https:\/\/radiorevelacionfm.cl\/?p=53633"},"modified":"2025-05-08T17:31:25","modified_gmt":"2025-05-08T20:31:25","slug":"inacap-coyhaique-dio-inicio-al-consejo-productivo-regional-2025-con-actores-clave-del-ecosistema-territorial","status":"publish","type":"post","link":"https:\/\/radiorevelacionfm.cl\/?p=53633","title":{"rendered":"Inacap Coyhaique dio inicio al Consejo Productivo Regional 2025 con actores clave del ecosistema territorial"},"content":{"rendered":"<div class=\"flex_column av_one_full  flex_column_div av-zero-column-padding first  avia-builder-el-0  el_before_av_one_full  avia-builder-el-first  \" style='border-radius:0px; '><div  class='avia-image-container  av-styling-    avia-builder-el-1  avia-builder-el-no-sibling  avia-align-center '  itemprop=\"image\" itemscope=\"itemscope\" itemtype=\"https:\/\/schema.org\/ImageObject\"  ><div class='avia-image-container-inner'><div class='avia-image-overlay-wrap'><img decoding=\"async\" class='wp-image-53634 avia-img-lazy-loading-not-53634 avia_image' src=\"https:\/\/radiorevelacionfm.cl\/wp-content\/uploads\/2025\/05\/vinculacion-1_optimized.jpg\" alt='' title='vinculacion-(1)_optimized' height=\"600\" width=\"800\"  itemprop=\"thumbnailUrl\" srcset=\"https:\/\/radiorevelacionfm.cl\/wp-content\/uploads\/2025\/05\/vinculacion-1_optimized.jpg 800w, https:\/\/radiorevelacionfm.cl\/wp-content\/uploads\/2025\/05\/vinculacion-1_optimized-300x225.jpg 300w, https:\/\/radiorevelacionfm.cl\/wp-content\/uploads\/2025\/05\/vinculacion-1_optimized-768x576.jpg 768w, https:\/\/radiorevelacionfm.cl\/wp-content\/uploads\/2025\/05\/vinculacion-1_optimized-705x529.jpg 705w, https:\/\/radiorevelacionfm.cl\/wp-content\/uploads\/2025\/05\/vinculacion-1_optimized-450x338.jpg 450w, https:\/\/radiorevelacionfm.cl\/wp-content\/uploads\/2025\/05\/vinculacion-1_optimized-600x450.jpg 600w\" sizes=\"(max-width: 800px) 100vw, 800px\" \/><\/div><\/div><\/div><\/div><div class=\"flex_column av_one_full  flex_column_div av-zero-column-padding first  avia-builder-el-2  el_after_av_one_full  el_before_av_one_full  column-top-margin\" style='border-radius:0px; '><section class=\"av_textblock_section \"  itemscope=\"itemscope\" itemtype=\"https:\/\/schema.org\/BlogPosting\" itemprop=\"blogPost\" ><div class='avia_textblock  '   itemprop=\"text\" ><p style=\"text-align: center;\"><strong><span style=\"font-size: 18pt;\">Inacap Coyhaique dio inicio al Consejo Productivo Regional 2025 con actores clave del ecosistema territorial<\/span><\/strong><\/p>\n<div id=\"gtx-trans\" style=\"position: absolute; left: -50px; top: 4.31534px;\">\n<div class=\"gtx-trans-icon\"><\/div>\n<\/div>\n<\/div><\/section><\/div><div class=\"flex_column av_one_full  flex_column_div av-zero-column-padding first  avia-builder-el-4  el_after_av_one_full  el_before_av_hr  column-top-margin\" style='border-radius:0px; '><section class=\"av_textblock_section \"  itemscope=\"itemscope\" itemtype=\"https:\/\/schema.org\/BlogPosting\" itemprop=\"blogPost\" ><div class='avia_textblock  '   itemprop=\"text\" ><p style=\"text-align: justify;\">En dependencias de INACAP Sede Coyhaique se realiz\u00f3 la primera sesi\u00f3n del <strong>Consejo Productivo Regional 2025<\/strong>, instancia que reuni\u00f3 a representantes del mundo productivo, acad\u00e9mico y p\u00fablico, con el prop\u00f3sito de avanzar hacia una Formaci\u00f3n T\u00e9cnico Profesional (TP) m\u00e1s pertinente y alineada con los desaf\u00edos estrat\u00e9gicos del territorio.<\/p>\n<p style=\"text-align: justify;\">El objetivo principal de esta iniciativa es <strong>articular el ecosistema territorial<\/strong>, promoviendo una colaboraci\u00f3n activa entre los distintos sectores para fortalecer la empleabilidad, el emprendimiento, la productividad y la sostenibilidad de la Regi\u00f3n de Ays\u00e9n.<\/p>\n<p style=\"text-align: justify;\">Durante el encuentro se gener\u00f3 un valioso espacio de di\u00e1logo en torno a las necesidades formativas de las empresas y los desaf\u00edos emergentes del desarrollo regional. Esta conversaci\u00f3n permitir\u00e1 dise\u00f1ar estrategias que conecten de manera efectiva los planes de formaci\u00f3n con las competencias requeridas por el mercado laboral local.<\/p>\n<p style=\"text-align: justify;\">El Vicerrector de INACAP Sede Coyhaique, <strong>Patrice Van de Maele<\/strong>, destac\u00f3 la relevancia del Consejo: \u201cEste espacio de articulaci\u00f3n con el mundo productivo nos permite responder de forma m\u00e1s efectiva a las necesidades del territorio. Como instituci\u00f3n, estamos comprometidos con una formaci\u00f3n de calidad, que contribuya directamente al desarrollo de nuestros estudiantes y al crecimiento sustentable de la regi\u00f3n\u201d.<\/p>\n<p style=\"text-align: justify;\">Por su parte, <strong>Rodrigo Canales<\/strong>, Gerente General del Supermercado Hiperpatag\u00f3nico, valor\u00f3 la convocatoria y el enfoque de colaboraci\u00f3n: \u201cComo empresa regional, creemos fundamental participar en estas instancias. El di\u00e1logo con instituciones como INACAP permite alinear expectativas y formar profesionales con competencias reales y necesarias para el entorno productivo local\u201d.<\/p>\n<p style=\"text-align: justify;\">En este primer encuentro se defini\u00f3 la presidencia del consejo del 2025 , la cual ser\u00e1 guiada por Yenny Fern\u00e1ndez,\u00a0 que representa la C\u00e1mara Chilena de la Construcci\u00f3n.<\/p>\n<p style=\"text-align: justify;\">Con esta primera sesi\u00f3n, INACAP Sede Coyhaique reafirma su compromiso con el desarrollo integral de la Regi\u00f3n de Ays\u00e9n, iniciando un trabajo colaborativo que se extender\u00e1 a lo largo del a\u00f1o. La meta es clara: <strong>construir una formaci\u00f3n pertinente y con sentido, que conecte a los estudiantes con las oportunidades reales del territorio<\/strong>.<\/p>\n<p style=\"text-align: justify;\">As\u00ed, damos inicio a los desaf\u00edos de este a\u00f1o con la colaboraci\u00f3n activa de los actores clave de la regi\u00f3n, en beneficio de nuestros estudiantes y de nuestra querida regi\u00f3n de Ays\u00e9n.<\/p>\n<\/div><\/section><\/div><div  style='height:50px' class='hr hr-invisible   avia-builder-el-6  el_after_av_one_full  el_before_av_social_share '><span class='hr-inner ' ><span class='hr-inner-style'><\/span><\/span><\/div><\/p>\n<div  class='av-social-sharing-box  avia-builder-el-7  el_after_av_hr  el_before_av_hr  '><div class='av-share-box'><h5 class='av-share-link-description av-no-toc '>Compartir esta noticia<\/h5><ul class='av-share-box-list noLightbox'><li class='av-share-link av-social-link-facebook' ><a target=\"_blank\" aria-label=\"Compartir en Facebook\" href='https:\/\/www.facebook.com\/sharer.php?u=https:\/\/radiorevelacionfm.cl\/?p=53633&#038;t=Inacap%20Coyhaique%20dio%20inicio%20al%20Consejo%20Productivo%20Regional%202025%20con%20actores%20clave%20del%20ecosistema%20territorial' aria-hidden='false' data-av_icon='\ue8f3' data-av_iconfont='entypo-fontello' title='' data-avia-related-tooltip='Compartir en Facebook' rel=\"noopener\"><span class='avia_hidden_link_text'>Compartir en Facebook<\/span><\/a><\/li><li class='av-share-link av-social-link-twitter' ><a target=\"_blank\" aria-label=\"Compartir en Twitter\" href='https:\/\/twitter.com\/share?text=Inacap%20Coyhaique%20dio%20inicio%20al%20Consejo%20Productivo%20Regional%202025%20con%20actores%20clave%20del%20ecosistema%20territorial&#038;url=https:\/\/radiorevelacionfm.cl\/?p=53633' aria-hidden='false' data-av_icon='\ue8f1' data-av_iconfont='entypo-fontello' title='' data-avia-related-tooltip='Compartir en Twitter' rel=\"noopener\"><span class='avia_hidden_link_text'>Compartir en Twitter<\/span><\/a><\/li><li class='av-share-link av-social-link-whatsapp' ><a target=\"_blank\" aria-label=\"Compartir en Whatsapp\" href='https:\/\/api.whatsapp.com\/send?text=https:\/\/radiorevelacionfm.cl\/?p=53633' aria-hidden='false' data-av_icon='\uf232' data-av_iconfont='entypo-fontello' title='' data-avia-related-tooltip='Compartir en Whatsapp' rel=\"noopener\"><span class='avia_hidden_link_text'>Compartir en Whatsapp<\/span><\/a><\/li><li class='av-share-link av-social-link-linkedin' ><a target=\"_blank\" aria-label=\"Compartir en LinkedIn\" href='https:\/\/linkedin.com\/shareArticle?mini=true&#038;title=Inacap%20Coyhaique%20dio%20inicio%20al%20Consejo%20Productivo%20Regional%202025%20con%20actores%20clave%20del%20ecosistema%20territorial&#038;url=https:\/\/radiorevelacionfm.cl\/?p=53633' aria-hidden='false' data-av_icon='\ue8fc' data-av_iconfont='entypo-fontello' title='' data-avia-related-tooltip='Compartir en LinkedIn' rel=\"noopener\"><span class='avia_hidden_link_text'>Compartir en LinkedIn<\/span><\/a><\/li><li class='av-share-link av-social-link-mail' ><a  aria-label=\"Compartir por correo\" href='mailto:?subject=Inacap%20Coyhaique%20dio%20inicio%20al%20Consejo%20Productivo%20Regional%202025%20con%20actores%20clave%20del%20ecosistema%20territorial&#038;body=https:\/\/radiorevelacionfm.cl\/?p=53633' aria-hidden='false' data-av_icon='\ue805' data-av_iconfont='entypo-fontello' title='' data-avia-related-tooltip='Compartir por correo'><span class='avia_hidden_link_text'>Compartir por correo<\/span><\/a><\/li><\/ul><\/div><\/div>\n<div  style='height:50px' class='hr hr-invisible   avia-builder-el-8  el_after_av_social_share  el_before_av_comments_list '><span class='hr-inner ' ><span class='hr-inner-style'><\/span><\/span><\/div>\n<div  class='av-buildercomment  av-blog-meta-html-info-disabled av-blog-meta-tag-disabled  '><\/div>\n","protected":false},"excerpt":{"rendered":"","protected":false},"author":1,"featured_media":53634,"comment_status":"closed","ping_status":"closed","sticky":false,"template":"","format":"standard","meta":{"footnotes":""},"categories":[38],"tags":[],"class_list":["post-53633","post","type-post","status-publish","format-standard","has-post-thumbnail","hentry","category-regional"],"jetpack_featured_media_url":"https:\/\/radiorevelacionfm.cl\/wp-content\/uploads\/2025\/05\/vinculacion-1_optimized.jpg","_links":{"self":[{"href":"https:\/\/radiorevelacionfm.cl\/index.php?rest_route=\/wp\/v2\/posts\/53633","targetHints":{"allow":["GET"]}}],"collection":[{"href":"https:\/\/radiorevelacionfm.cl\/index.php?rest_route=\/wp\/v2\/posts"}],"about":[{"href":"https:\/\/radiorevelacionfm.cl\/index.php?rest_route=\/wp\/v2\/types\/post"}],"author":[{"embeddable":true,"href":"https:\/\/radiorevelacionfm.cl\/index.php?rest_route=\/wp\/v2\/users\/1"}],"replies":[{"embeddable":true,"href":"https:\/\/radiorevelacionfm.cl\/index.php?rest_route=%2Fwp%2Fv2%2Fcomments&post=53633"}],"version-history":[{"count":2,"href":"https:\/\/radiorevelacionfm.cl\/index.php?rest_route=\/wp\/v2\/posts\/53633\/revisions"}],"predecessor-version":[{"id":53655,"href":"https:\/\/radiorevelacionfm.cl\/index.php?rest_route=\/wp\/v2\/posts\/53633\/revisions\/53655"}],"wp:featuredmedia":[{"embeddable":true,"href":"https:\/\/radiorevelacionfm.cl\/index.php?rest_route=\/wp\/v2\/media\/53634"}],"wp:attachment":[{"href":"https:\/\/radiorevelacionfm.cl\/index.php?rest_route=%2Fwp%2Fv2%2Fmedia&parent=53633"}],"wp:term":[{"taxonomy":"category","embeddable":true,"href":"https:\/\/radiorevelacionfm.cl\/index.php?rest_route=%2Fwp%2Fv2%2Fcategories&post=53633"},{"taxonomy":"post_tag","embeddable":true,"href":"https:\/\/radiorevelacionfm.cl\/index.php?rest_route=%2Fwp%2Fv2%2Ftags&post=53633"}],"curies":[{"name":"wp","href":"https:\/\/api.w.org\/{rel}","templated":true}]}}