{"id":53628,"date":"2025-05-08T14:57:25","date_gmt":"2025-05-08T17:57:25","guid":{"rendered":"https:\/\/radiorevelacionfm.cl\/?p=53628"},"modified":"2025-05-08T14:57:25","modified_gmt":"2025-05-08T17:57:25","slug":"agrupacion-mujeres-campesinas-de-puerto-cisnes-reciben-terreno-y-apoyo-para-fortalecer-su-organizacion","status":"publish","type":"post","link":"https:\/\/radiorevelacionfm.cl\/?p=53628","title":{"rendered":"Agrupaci\u00f3n Mujeres Campesinas de Puerto Cisnes reciben terreno y apoyo para fortalecer su organizaci\u00f3n"},"content":{"rendered":"<div class=\"flex_column av_one_full  flex_column_div av-zero-column-padding first  avia-builder-el-0  el_before_av_one_full  avia-builder-el-first  \" style='border-radius:0px; '><div  class='avia-image-container  av-styling-    avia-builder-el-1  avia-builder-el-no-sibling  avia-align-center '  itemprop=\"image\" itemscope=\"itemscope\" itemtype=\"https:\/\/schema.org\/ImageObject\"  ><div class='avia-image-container-inner'><div class='avia-image-overlay-wrap'><img decoding=\"async\" class='wp-image-53630 avia-img-lazy-loading-not-53630 avia_image' src=\"https:\/\/radiorevelacionfm.cl\/wp-content\/uploads\/2025\/05\/foto-2-1-1_optimized.jpeg\" alt='' title='foto-2-1-(1)_optimized' height=\"600\" width=\"800\"  itemprop=\"thumbnailUrl\" srcset=\"https:\/\/radiorevelacionfm.cl\/wp-content\/uploads\/2025\/05\/foto-2-1-1_optimized.jpeg 800w, https:\/\/radiorevelacionfm.cl\/wp-content\/uploads\/2025\/05\/foto-2-1-1_optimized-300x225.jpeg 300w, https:\/\/radiorevelacionfm.cl\/wp-content\/uploads\/2025\/05\/foto-2-1-1_optimized-768x576.jpeg 768w, https:\/\/radiorevelacionfm.cl\/wp-content\/uploads\/2025\/05\/foto-2-1-1_optimized-705x529.jpeg 705w, https:\/\/radiorevelacionfm.cl\/wp-content\/uploads\/2025\/05\/foto-2-1-1_optimized-450x338.jpeg 450w, https:\/\/radiorevelacionfm.cl\/wp-content\/uploads\/2025\/05\/foto-2-1-1_optimized-600x450.jpeg 600w\" sizes=\"(max-width: 800px) 100vw, 800px\" \/><\/div><\/div><\/div><\/div><div class=\"flex_column av_one_full  flex_column_div av-zero-column-padding first  avia-builder-el-2  el_after_av_one_full  el_before_av_one_full  column-top-margin\" style='border-radius:0px; '><section class=\"av_textblock_section \"  itemscope=\"itemscope\" itemtype=\"https:\/\/schema.org\/BlogPosting\" itemprop=\"blogPost\" ><div class='avia_textblock  '   itemprop=\"text\" ><p style=\"text-align: center;\"><strong><span style=\"font-size: 18pt;\">Agrupaci\u00f3n Mujeres Campesinas de Puerto Cisnes reciben terreno y apoyo para fortalecer su organizaci\u00f3n<\/span><\/strong><\/p>\n<div id=\"gtx-trans\" style=\"position: absolute; left: -50px; top: 4.31534px;\">\n<div class=\"gtx-trans-icon\"><\/div>\n<\/div>\n<\/div><\/section><\/div><div class=\"flex_column av_one_full  flex_column_div av-zero-column-padding first  avia-builder-el-4  el_after_av_one_full  el_before_av_hr  column-top-margin\" style='border-radius:0px; '><section class=\"av_textblock_section \"  itemscope=\"itemscope\" itemtype=\"https:\/\/schema.org\/BlogPosting\" itemprop=\"blogPost\" ><div class='avia_textblock  '   itemprop=\"text\" ><p style=\"text-align: justify;\">El mi\u00e9rcoles 16 de abril pasado, seremi de Agricultura y directora de INDAP, acompa\u00f1ados de seremi de la Mujer y Equidad de G\u00e9nero, materializaron la firma del comodato de terreno con la Agrupaci\u00f3n Flor del Litoral.<\/p>\n<p style=\"text-align: justify;\">Con un mensaje claro de compromiso con las mujeres rurales y el fortalecimiento de sus organizaciones, el Gobierno del Presidente Gabriel Boric dio un nuevo paso en Puerto Cisnes con la entrega del incentivo PROGYSO y la firma de un comodato de terreno entre INDAP Ays\u00e9n y la organizaci\u00f3n Mujeres Campesinas Flor del Litoral. La actividad tuvo lugar en la Biblioteca Municipal Genaro Godoy Arriaza, contando con la presencia de autoridades regionales, representantes municipales y vecinas del territorio.<\/p>\n<p style=\"text-align: justify;\">El hito fue encabezado por el seremi de Agricultura, Eugenio Ruiz Espinoza, la directora regional de INDAP Ays\u00e9n, Y\u00e9ssica Lagos C\u00e1rdenas, y la seremi de la Mujer y Equidad de G\u00e9nero, Isidora Gacitua Goles, quienes, junto a la presidenta de la organizaci\u00f3n beneficiaria, Elsa Ancamil, destacaron la importancia de este tipo de iniciativas para promover la autonom\u00eda econ\u00f3mica y el liderazgo de las mujeres rurales. El encuentro permiti\u00f3 visibilizar el trabajo organizativo de las campesinas del litoral y reforzar el mandato presidencial de apoyar, con acciones concretas, a quienes sostienen la vida en el campo.<\/p>\n<p style=\"text-align: justify;\">\u201cEn el a\u00f1o 2024 conversamos con la organizaci\u00f3n de mujeres campesinas Flor del Litoral y hoy cumplimos con dar el primer paso para materializar la entrega de un terreno en comodato, de la propiedad de INDAP, que les permitir\u00e1 potenciar la comercializaci\u00f3n de sus emprendimientos silvoagropecuarios. Son 165m2 de un terreno ubicado en la manzana 17 de Puerto Cisnes, que felizmente impulsar\u00e1 la autonom\u00eda econ\u00f3mica de las mujeres de esta organizaci\u00f3n\u201d, indic\u00f3 el seremi de Agricultura Eugenio Ruiz Espinoza.<\/p>\n<p style=\"text-align: justify;\">\u201cEstamos dando un paso concreto en la autonom\u00eda de las mujeres rurales de nuestra regi\u00f3n. Este comodato significa la posibilidad real de contar con un lugar digno, propio y visible para mostrar el trabajo, los oficios y la identidad del mundo campesino. Desde INDAP seguiremos fortaleciendo la asociatividad y generando espacios que dignifiquen el trabajo de nuestras campesinas\u201d, expres\u00f3 la directora regional Yessica Lagos C\u00e1rdenas.<\/p>\n<p style=\"text-align: justify;\">El terreno entregado, ubicado en la manzana 17 de Puerto Cisnes, podr\u00e1 ser utilizado exclusivamente para fines de comercializaci\u00f3n de productos campesinos. Su contrato tendr\u00e1 una vigencia de cinco a\u00f1os, renovable autom\u00e1ticamente cada dos a\u00f1os, siempre que se cumplan las condiciones de uso, infraestructura y mantenimiento establecidas.<\/p>\n<p style=\"text-align: justify;\">Adem\u00e1s, en la oportunidad se hizo entrega del incentivo PROGYSO que permitir\u00e1 a la organizaci\u00f3n fortalecer sus capacidades de gesti\u00f3n, liderazgo y articulaci\u00f3n territorial. El Programa de Gesti\u00f3n y Soporte Organizacional (PROGYSO) es una herramienta de INDAP destinada al fortalecimiento interno de organizaciones campesinas, a trav\u00e9s de incentivos econ\u00f3micos que financian actividades de gesti\u00f3n, formaci\u00f3n, soporte administrativo, y articulaci\u00f3n territorial. Con acciones como esta, el Gobierno del Presidente Gabriel Boric, a trav\u00e9s de INDAP, visibiliza y dignifica al mundo rural, apostando por la justicia territorial, la descentralizaci\u00f3n y el reconocimiento del trabajo de las mujeres campesinas como motor del desarrollo local.<\/p>\n<p style=\"text-align: justify;\"><strong>\u00a0<\/strong><\/p>\n<\/div><\/section><\/div><div  style='height:50px' class='hr hr-invisible   avia-builder-el-6  el_after_av_one_full  el_before_av_social_share '><span class='hr-inner ' ><span class='hr-inner-style'><\/span><\/span><\/div><\/p>\n<div  class='av-social-sharing-box  avia-builder-el-7  el_after_av_hr  el_before_av_hr  '><div class='av-share-box'><h5 class='av-share-link-description av-no-toc '>Compartir esta noticia<\/h5><ul class='av-share-box-list noLightbox'><li class='av-share-link av-social-link-facebook' ><a target=\"_blank\" aria-label=\"Compartir en Facebook\" href='https:\/\/www.facebook.com\/sharer.php?u=https:\/\/radiorevelacionfm.cl\/?p=53628&#038;t=Agrupaci%C3%B3n%20Mujeres%20Campesinas%20de%20Puerto%20Cisnes%20reciben%20terreno%20y%20apoyo%20para%20fortalecer%20su%20organizaci%C3%B3n' aria-hidden='false' data-av_icon='\ue8f3' data-av_iconfont='entypo-fontello' title='' data-avia-related-tooltip='Compartir en Facebook' rel=\"noopener\"><span class='avia_hidden_link_text'>Compartir en Facebook<\/span><\/a><\/li><li class='av-share-link av-social-link-twitter' ><a target=\"_blank\" aria-label=\"Compartir en Twitter\" href='https:\/\/twitter.com\/share?text=Agrupaci%C3%B3n%20Mujeres%20Campesinas%20de%20Puerto%20Cisnes%20reciben%20terreno%20y%20apoyo%20para%20fortalecer%20su%20organizaci%C3%B3n&#038;url=https:\/\/radiorevelacionfm.cl\/?p=53628' aria-hidden='false' data-av_icon='\ue8f1' data-av_iconfont='entypo-fontello' title='' data-avia-related-tooltip='Compartir en Twitter' rel=\"noopener\"><span class='avia_hidden_link_text'>Compartir en Twitter<\/span><\/a><\/li><li class='av-share-link av-social-link-whatsapp' ><a target=\"_blank\" aria-label=\"Compartir en Whatsapp\" href='https:\/\/api.whatsapp.com\/send?text=https:\/\/radiorevelacionfm.cl\/?p=53628' aria-hidden='false' data-av_icon='\uf232' data-av_iconfont='entypo-fontello' title='' data-avia-related-tooltip='Compartir en Whatsapp' rel=\"noopener\"><span class='avia_hidden_link_text'>Compartir en Whatsapp<\/span><\/a><\/li><li class='av-share-link av-social-link-linkedin' ><a target=\"_blank\" aria-label=\"Compartir en LinkedIn\" href='https:\/\/linkedin.com\/shareArticle?mini=true&#038;title=Agrupaci%C3%B3n%20Mujeres%20Campesinas%20de%20Puerto%20Cisnes%20reciben%20terreno%20y%20apoyo%20para%20fortalecer%20su%20organizaci%C3%B3n&#038;url=https:\/\/radiorevelacionfm.cl\/?p=53628' aria-hidden='false' data-av_icon='\ue8fc' data-av_iconfont='entypo-fontello' title='' data-avia-related-tooltip='Compartir en LinkedIn' rel=\"noopener\"><span class='avia_hidden_link_text'>Compartir en LinkedIn<\/span><\/a><\/li><li class='av-share-link av-social-link-mail' ><a  aria-label=\"Compartir por correo\" href='mailto:?subject=Agrupaci%C3%B3n%20Mujeres%20Campesinas%20de%20Puerto%20Cisnes%20reciben%20terreno%20y%20apoyo%20para%20fortalecer%20su%20organizaci%C3%B3n&#038;body=https:\/\/radiorevelacionfm.cl\/?p=53628' aria-hidden='false' data-av_icon='\ue805' data-av_iconfont='entypo-fontello' title='' data-avia-related-tooltip='Compartir por correo'><span class='avia_hidden_link_text'>Compartir por correo<\/span><\/a><\/li><\/ul><\/div><\/div>\n<div  style='height:50px' class='hr hr-invisible   avia-builder-el-8  el_after_av_social_share  el_before_av_comments_list '><span class='hr-inner ' ><span class='hr-inner-style'><\/span><\/span><\/div>\n<div  class='av-buildercomment  av-blog-meta-html-info-disabled av-blog-meta-tag-disabled  '><\/div>\n","protected":false},"excerpt":{"rendered":"","protected":false},"author":1,"featured_media":53630,"comment_status":"closed","ping_status":"closed","sticky":false,"template":"","format":"standard","meta":{"footnotes":""},"categories":[38],"tags":[],"class_list":["post-53628","post","type-post","status-publish","format-standard","has-post-thumbnail","hentry","category-regional"],"jetpack_featured_media_url":"https:\/\/radiorevelacionfm.cl\/wp-content\/uploads\/2025\/05\/foto-2-1-1_optimized.jpeg","_links":{"self":[{"href":"https:\/\/radiorevelacionfm.cl\/index.php?rest_route=\/wp\/v2\/posts\/53628","targetHints":{"allow":["GET"]}}],"collection":[{"href":"https:\/\/radiorevelacionfm.cl\/index.php?rest_route=\/wp\/v2\/posts"}],"about":[{"href":"https:\/\/radiorevelacionfm.cl\/index.php?rest_route=\/wp\/v2\/types\/post"}],"author":[{"embeddable":true,"href":"https:\/\/radiorevelacionfm.cl\/index.php?rest_route=\/wp\/v2\/users\/1"}],"replies":[{"embeddable":true,"href":"https:\/\/radiorevelacionfm.cl\/index.php?rest_route=%2Fwp%2Fv2%2Fcomments&post=53628"}],"version-history":[{"count":2,"href":"https:\/\/radiorevelacionfm.cl\/index.php?rest_route=\/wp\/v2\/posts\/53628\/revisions"}],"predecessor-version":[{"id":53632,"href":"https:\/\/radiorevelacionfm.cl\/index.php?rest_route=\/wp\/v2\/posts\/53628\/revisions\/53632"}],"wp:featuredmedia":[{"embeddable":true,"href":"https:\/\/radiorevelacionfm.cl\/index.php?rest_route=\/wp\/v2\/media\/53630"}],"wp:attachment":[{"href":"https:\/\/radiorevelacionfm.cl\/index.php?rest_route=%2Fwp%2Fv2%2Fmedia&parent=53628"}],"wp:term":[{"taxonomy":"category","embeddable":true,"href":"https:\/\/radiorevelacionfm.cl\/index.php?rest_route=%2Fwp%2Fv2%2Fcategories&post=53628"},{"taxonomy":"post_tag","embeddable":true,"href":"https:\/\/radiorevelacionfm.cl\/index.php?rest_route=%2Fwp%2Fv2%2Ftags&post=53628"}],"curies":[{"name":"wp","href":"https:\/\/api.w.org\/{rel}","templated":true}]}}