{"id":53624,"date":"2025-05-08T12:26:44","date_gmt":"2025-05-08T15:26:44","guid":{"rendered":"https:\/\/radiorevelacionfm.cl\/?p=53624"},"modified":"2025-05-08T12:26:44","modified_gmt":"2025-05-08T15:26:44","slug":"en-coyhaique-realizan-coordinacion-interinstitucional-para-mujeres-migrantes","status":"publish","type":"post","link":"https:\/\/radiorevelacionfm.cl\/?p=53624","title":{"rendered":"En Coyhaique realizan coordinaci\u00f3n interinstitucional para mujeres migrantes"},"content":{"rendered":"<div class=\"flex_column av_one_full  flex_column_div av-zero-column-padding first  avia-builder-el-0  el_before_av_one_full  avia-builder-el-first  \" style='border-radius:0px; '><div  class='avia-image-container  av-styling-    avia-builder-el-1  avia-builder-el-no-sibling  avia-align-center '  itemprop=\"image\" itemscope=\"itemscope\" itemtype=\"https:\/\/schema.org\/ImageObject\"  ><div class='avia-image-container-inner'><div class='avia-image-overlay-wrap'><img decoding=\"async\" class='wp-image-53625 avia-img-lazy-loading-not-53625 avia_image' src=\"https:\/\/radiorevelacionfm.cl\/wp-content\/uploads\/2025\/05\/img_2384-1_optimized-1.jpg\" alt='' title='img_2384-(1)_optimized (1)' height=\"600\" width=\"1067\"  itemprop=\"thumbnailUrl\" srcset=\"https:\/\/radiorevelacionfm.cl\/wp-content\/uploads\/2025\/05\/img_2384-1_optimized-1.jpg 1067w, https:\/\/radiorevelacionfm.cl\/wp-content\/uploads\/2025\/05\/img_2384-1_optimized-1-300x169.jpg 300w, https:\/\/radiorevelacionfm.cl\/wp-content\/uploads\/2025\/05\/img_2384-1_optimized-1-1030x579.jpg 1030w, https:\/\/radiorevelacionfm.cl\/wp-content\/uploads\/2025\/05\/img_2384-1_optimized-1-768x432.jpg 768w, https:\/\/radiorevelacionfm.cl\/wp-content\/uploads\/2025\/05\/img_2384-1_optimized-1-705x396.jpg 705w, https:\/\/radiorevelacionfm.cl\/wp-content\/uploads\/2025\/05\/img_2384-1_optimized-1-450x253.jpg 450w, https:\/\/radiorevelacionfm.cl\/wp-content\/uploads\/2025\/05\/img_2384-1_optimized-1-600x337.jpg 600w\" sizes=\"(max-width: 1067px) 100vw, 1067px\" \/><\/div><\/div><\/div><\/div><div class=\"flex_column av_one_full  flex_column_div av-zero-column-padding first  avia-builder-el-2  el_after_av_one_full  el_before_av_one_full  column-top-margin\" style='border-radius:0px; '><section class=\"av_textblock_section \"  itemscope=\"itemscope\" itemtype=\"https:\/\/schema.org\/BlogPosting\" itemprop=\"blogPost\" ><div class='avia_textblock  '   itemprop=\"text\" ><p style=\"text-align: center;\"><strong><span style=\"font-size: 18pt;\">En Coyhaique realizan coordinaci\u00f3n interinstitucional para mujeres migrantes<\/span><\/strong><\/p>\n<div id=\"gtx-trans\" style=\"position: absolute; left: -50px; top: 4.31534px;\">\n<div class=\"gtx-trans-icon\"><\/div>\n<\/div>\n<\/div><\/section><\/div><div class=\"flex_column av_one_full  flex_column_div av-zero-column-padding first  avia-builder-el-4  el_after_av_one_full  el_before_av_hr  column-top-margin\" style='border-radius:0px; '><section class=\"av_textblock_section \"  itemscope=\"itemscope\" itemtype=\"https:\/\/schema.org\/BlogPosting\" itemprop=\"blogPost\" ><div class='avia_textblock  '   itemprop=\"text\" ><p style=\"text-align: justify;\">Una intensa jornada de trabajo se desarroll\u00f3 la ma\u00f1ana de este 7 de mayo entre el Servicio Nacional de la Mujer y la Equidad de G\u00e9nero, el Servicio Nacional de Migraciones y la Polic\u00eda de Investigaciones de Chile, iniciativa que tuvo como finalidad la articulaci\u00f3n interinstitucional para abordar diferentes casos y dudas de mujeres migrantes que recurren a este servicio p\u00fablico.<\/p>\n<p style=\"text-align: justify;\">En la oportunidad el Servicio Nacional de Migraciones y la Polic\u00eda de Investigaciones de Chile, a trav\u00e9s del Departamento de Migraciones y Polic\u00eda Internacional Coyhaique, abordaron los alcances de la Ley N\u00b021.325 sobre Migraci\u00f3n y Extranjer\u00eda y el trabajo de cada instituci\u00f3n en la materia, dando a conocer en detalle cada uno de los aspectos de la gesti\u00f3n migratoria y sensibilizaci\u00f3n de la migraci\u00f3n desde el punto de vista de la interculturalidad, las categor\u00edas migratorias, tr\u00e1mites, control migratorio y fiscalizaciones, entre otros.<\/p>\n<p style=\"text-align: justify;\">En ese sentido, las profesionales del SERNAMEG pudieron resolver diversas dudas que se originan en la atenci\u00f3n de p\u00fablico orientada a mujeres migrantes que recurren a este servicio de manera permanente con la finalidad de manejar informaci\u00f3n b\u00e1sica para la orientaci\u00f3n de las usuarias.<\/p>\n<p style=\"text-align: justify;\">La actividad cont\u00f3 con la participaci\u00f3n de m\u00e1s de 30 personas, entre quienes estuvieron de manera presencial y las profesionales de los programas del SERNAMEG conectadas v\u00eda remota desde distintas localidades de la Regi\u00f3n de Ays\u00e9n.<\/p>\n<p style=\"text-align: justify;\">Sobre esta coordinaci\u00f3n, la directora regional del Sernameg, Patricia Baeza Cabezas, se\u00f1al\u00f3 que \u201cpara nuestro servicio es tremendamente relevante la coordinaci\u00f3n y articulaci\u00f3n intersectorial que se ha podido llevar a cabo con el Servicio Nacional de Migraciones, y tambi\u00e9n con la PDI, ya que permite promover los derechos y oportunidades de las mujeres migrantes. En ese mismo sentido, nos permiti\u00f3 generar espacios de trabajo con nuestros equipos territoriales que se encuentran en los distintos programas que implementa nuestro servicio y, por lo tanto, la entrega de informaci\u00f3n, competencias y herramientas t\u00e9cnicas nos permiten brindar una mejor calidad en t\u00e9rminos de atenci\u00f3n y de derivaci\u00f3n a este grupo de la poblaci\u00f3n\u201d.<\/p>\n<p style=\"text-align: justify;\">Por su parte, la directora regional del Sermig, Maritza Fern\u00e1ndez Briones, indic\u00f3 que \u201cdentro del objetivo de nuestra \u00e1rea de formaci\u00f3n integral es contribuir a la inclusi\u00f3n y no discriminaci\u00f3n de la poblaci\u00f3n migrante, esto por medio de mejorar el acceso a las prestaciones, mediante la formaci\u00f3n t\u00e9cnica de los funcionarios del sector p\u00fablico en materias migratorias y afines, lo que deber\u00eda incidir positivamente en la atenci\u00f3n e inclusi\u00f3n de la poblaci\u00f3n migrante. Con estas actividades, realzamos la tem\u00e1tica migratoria en la regi\u00f3n, principalmente, dando a conocer en qu\u00e9 consiste nuestra Ley de Migraci\u00f3n\u201d.<\/p>\n<p style=\"text-align: justify;\">Finalmente, el jefe del Departamento de Migraciones de la PDI, subprefecto Ren\u00e9 Retamal Quintanilla, precis\u00f3 que, durante la exposici\u00f3n del Departamento de Migraciones, \u201cse trataron temas, referentes al control migratorio, la fiscalizaci\u00f3n de extranjeros en la regi\u00f3n y c\u00f3mo opera el trabajo del \u00e1rea. Adem\u00e1s, con dicho encuentro se busc\u00f3 estrechar los lazos de colaboraci\u00f3n y coordinaci\u00f3n entre los diferentes estamentos con la finalidad de mantener una migraci\u00f3n ordenada y regulada en la Regi\u00f3n de Ays\u00e9n\u201d.<\/p>\n<\/div><\/section><\/div><div  style='height:50px' class='hr hr-invisible   avia-builder-el-6  el_after_av_one_full  el_before_av_social_share '><span class='hr-inner ' ><span class='hr-inner-style'><\/span><\/span><\/div><\/p>\n<div  class='av-social-sharing-box  avia-builder-el-7  el_after_av_hr  el_before_av_hr  '><div class='av-share-box'><h5 class='av-share-link-description av-no-toc '>Compartir esta noticia<\/h5><ul class='av-share-box-list noLightbox'><li class='av-share-link av-social-link-facebook' ><a target=\"_blank\" aria-label=\"Compartir en Facebook\" href='https:\/\/www.facebook.com\/sharer.php?u=https:\/\/radiorevelacionfm.cl\/?p=53624&#038;t=En%20Coyhaique%20realizan%20coordinaci%C3%B3n%20interinstitucional%20para%20mujeres%20migrantes' aria-hidden='false' data-av_icon='\ue8f3' data-av_iconfont='entypo-fontello' title='' data-avia-related-tooltip='Compartir en Facebook' rel=\"noopener\"><span class='avia_hidden_link_text'>Compartir en Facebook<\/span><\/a><\/li><li class='av-share-link av-social-link-twitter' ><a target=\"_blank\" aria-label=\"Compartir en Twitter\" href='https:\/\/twitter.com\/share?text=En%20Coyhaique%20realizan%20coordinaci%C3%B3n%20interinstitucional%20para%20mujeres%20migrantes&#038;url=https:\/\/radiorevelacionfm.cl\/?p=53624' aria-hidden='false' data-av_icon='\ue8f1' data-av_iconfont='entypo-fontello' title='' data-avia-related-tooltip='Compartir en Twitter' rel=\"noopener\"><span class='avia_hidden_link_text'>Compartir en Twitter<\/span><\/a><\/li><li class='av-share-link av-social-link-whatsapp' ><a target=\"_blank\" aria-label=\"Compartir en Whatsapp\" href='https:\/\/api.whatsapp.com\/send?text=https:\/\/radiorevelacionfm.cl\/?p=53624' aria-hidden='false' data-av_icon='\uf232' data-av_iconfont='entypo-fontello' title='' data-avia-related-tooltip='Compartir en Whatsapp' rel=\"noopener\"><span class='avia_hidden_link_text'>Compartir en Whatsapp<\/span><\/a><\/li><li class='av-share-link av-social-link-linkedin' ><a target=\"_blank\" aria-label=\"Compartir en LinkedIn\" href='https:\/\/linkedin.com\/shareArticle?mini=true&#038;title=En%20Coyhaique%20realizan%20coordinaci%C3%B3n%20interinstitucional%20para%20mujeres%20migrantes&#038;url=https:\/\/radiorevelacionfm.cl\/?p=53624' aria-hidden='false' data-av_icon='\ue8fc' data-av_iconfont='entypo-fontello' title='' data-avia-related-tooltip='Compartir en LinkedIn' rel=\"noopener\"><span class='avia_hidden_link_text'>Compartir en LinkedIn<\/span><\/a><\/li><li class='av-share-link av-social-link-mail' ><a  aria-label=\"Compartir por correo\" href='mailto:?subject=En%20Coyhaique%20realizan%20coordinaci%C3%B3n%20interinstitucional%20para%20mujeres%20migrantes&#038;body=https:\/\/radiorevelacionfm.cl\/?p=53624' aria-hidden='false' data-av_icon='\ue805' data-av_iconfont='entypo-fontello' title='' data-avia-related-tooltip='Compartir por correo'><span class='avia_hidden_link_text'>Compartir por correo<\/span><\/a><\/li><\/ul><\/div><\/div>\n<div  style='height:50px' class='hr hr-invisible   avia-builder-el-8  el_after_av_social_share  el_before_av_comments_list '><span class='hr-inner ' ><span class='hr-inner-style'><\/span><\/span><\/div>\n<div  class='av-buildercomment  av-blog-meta-html-info-disabled av-blog-meta-tag-disabled  '><\/div>\n","protected":false},"excerpt":{"rendered":"","protected":false},"author":1,"featured_media":53625,"comment_status":"closed","ping_status":"closed","sticky":false,"template":"","format":"standard","meta":{"footnotes":""},"categories":[36],"tags":[],"class_list":["post-53624","post","type-post","status-publish","format-standard","has-post-thumbnail","hentry","category-policial"],"jetpack_featured_media_url":"https:\/\/radiorevelacionfm.cl\/wp-content\/uploads\/2025\/05\/img_2384-1_optimized-1.jpg","_links":{"self":[{"href":"https:\/\/radiorevelacionfm.cl\/index.php?rest_route=\/wp\/v2\/posts\/53624","targetHints":{"allow":["GET"]}}],"collection":[{"href":"https:\/\/radiorevelacionfm.cl\/index.php?rest_route=\/wp\/v2\/posts"}],"about":[{"href":"https:\/\/radiorevelacionfm.cl\/index.php?rest_route=\/wp\/v2\/types\/post"}],"author":[{"embeddable":true,"href":"https:\/\/radiorevelacionfm.cl\/index.php?rest_route=\/wp\/v2\/users\/1"}],"replies":[{"embeddable":true,"href":"https:\/\/radiorevelacionfm.cl\/index.php?rest_route=%2Fwp%2Fv2%2Fcomments&post=53624"}],"version-history":[{"count":2,"href":"https:\/\/radiorevelacionfm.cl\/index.php?rest_route=\/wp\/v2\/posts\/53624\/revisions"}],"predecessor-version":[{"id":53627,"href":"https:\/\/radiorevelacionfm.cl\/index.php?rest_route=\/wp\/v2\/posts\/53624\/revisions\/53627"}],"wp:featuredmedia":[{"embeddable":true,"href":"https:\/\/radiorevelacionfm.cl\/index.php?rest_route=\/wp\/v2\/media\/53625"}],"wp:attachment":[{"href":"https:\/\/radiorevelacionfm.cl\/index.php?rest_route=%2Fwp%2Fv2%2Fmedia&parent=53624"}],"wp:term":[{"taxonomy":"category","embeddable":true,"href":"https:\/\/radiorevelacionfm.cl\/index.php?rest_route=%2Fwp%2Fv2%2Fcategories&post=53624"},{"taxonomy":"post_tag","embeddable":true,"href":"https:\/\/radiorevelacionfm.cl\/index.php?rest_route=%2Fwp%2Fv2%2Ftags&post=53624"}],"curies":[{"name":"wp","href":"https:\/\/api.w.org\/{rel}","templated":true}]}}