{"id":53602,"date":"2025-05-08T11:32:58","date_gmt":"2025-05-08T14:32:58","guid":{"rendered":"https:\/\/radiorevelacionfm.cl\/?p=53602"},"modified":"2025-05-08T11:32:58","modified_gmt":"2025-05-08T14:32:58","slug":"autoridades-se-reunen-para-dar-a-conocer-el-plan-de-invierno","status":"publish","type":"post","link":"https:\/\/radiorevelacionfm.cl\/?p=53602","title":{"rendered":"Autoridades se re\u00fanen para dar a conocer el Plan de Invierno"},"content":{"rendered":"<div class=\"flex_column av_one_full  flex_column_div av-zero-column-padding first  avia-builder-el-0  el_before_av_one_full  avia-builder-el-first  \" style='border-radius:0px; '><div  class='avia-image-container  av-styling-    avia-builder-el-1  avia-builder-el-no-sibling  avia-align-center '  itemprop=\"image\" itemscope=\"itemscope\" itemtype=\"https:\/\/schema.org\/ImageObject\"  ><div class='avia-image-container-inner'><div class='avia-image-overlay-wrap'><img decoding=\"async\" class='wp-image-53603 avia-img-lazy-loading-not-53603 avia_image' src=\"https:\/\/radiorevelacionfm.cl\/wp-content\/uploads\/2025\/05\/foto-comunicado-plan-de-invierno-1_optimized-1.jpeg\" alt='' title='foto-comunicado-plan-de-invierno-(1)_optimized (1)' height=\"600\" width=\"1067\"  itemprop=\"thumbnailUrl\" srcset=\"https:\/\/radiorevelacionfm.cl\/wp-content\/uploads\/2025\/05\/foto-comunicado-plan-de-invierno-1_optimized-1.jpeg 1067w, https:\/\/radiorevelacionfm.cl\/wp-content\/uploads\/2025\/05\/foto-comunicado-plan-de-invierno-1_optimized-1-300x169.jpeg 300w, https:\/\/radiorevelacionfm.cl\/wp-content\/uploads\/2025\/05\/foto-comunicado-plan-de-invierno-1_optimized-1-1030x579.jpeg 1030w, https:\/\/radiorevelacionfm.cl\/wp-content\/uploads\/2025\/05\/foto-comunicado-plan-de-invierno-1_optimized-1-768x432.jpeg 768w, https:\/\/radiorevelacionfm.cl\/wp-content\/uploads\/2025\/05\/foto-comunicado-plan-de-invierno-1_optimized-1-705x396.jpeg 705w, https:\/\/radiorevelacionfm.cl\/wp-content\/uploads\/2025\/05\/foto-comunicado-plan-de-invierno-1_optimized-1-450x253.jpeg 450w, https:\/\/radiorevelacionfm.cl\/wp-content\/uploads\/2025\/05\/foto-comunicado-plan-de-invierno-1_optimized-1-600x337.jpeg 600w\" sizes=\"(max-width: 1067px) 100vw, 1067px\" \/><\/div><\/div><\/div><\/div><div class=\"flex_column av_one_full  flex_column_div av-zero-column-padding first  avia-builder-el-2  el_after_av_one_full  el_before_av_one_full  column-top-margin\" style='border-radius:0px; '><section class=\"av_textblock_section \"  itemscope=\"itemscope\" itemtype=\"https:\/\/schema.org\/BlogPosting\" itemprop=\"blogPost\" ><div class='avia_textblock  '   itemprop=\"text\" ><p style=\"text-align: center;\"><span style=\"font-size: 18pt;\"><strong>Autoridades se re\u00fanen para dar a conocer el Plan de Invierno<\/strong><\/span><\/p>\n<div id=\"gtx-trans\" style=\"position: absolute; left: -50px; top: 4.31534px;\">\n<div class=\"gtx-trans-icon\"><\/div>\n<\/div>\n<\/div><\/section><\/div><div class=\"flex_column av_one_full  flex_column_div av-zero-column-padding first  avia-builder-el-4  el_after_av_one_full  el_before_av_hr  column-top-margin\" style='border-radius:0px; '><section class=\"av_textblock_section \"  itemscope=\"itemscope\" itemtype=\"https:\/\/schema.org\/BlogPosting\" itemprop=\"blogPost\" ><div class='avia_textblock  '   itemprop=\"text\" ><p style=\"text-align: justify;\">El Gobierno del Presidente Gabriel Boric Font est\u00e1 trabajando en medidas y acciones que nos permitan enfrentar mejor preparados el invierno. Es por eso que sesi\u00f3n el Comit\u00e9 de Gesti\u00f3n del Riesgo de Desastres (COGRID) en fase de mitigaci\u00f3n y preparaci\u00f3n, donde se revisaron los 205 puntos cr\u00edticos de la regi\u00f3n, identificados en el plan de Invierno 2025 de Senapred, cuyo objetivo es reducir el riesgo frente a los eventos de origen meteorol\u00f3gicos que ocurren durante la temporada invernal.<\/p>\n<p style=\"text-align: justify;\">Durante el COGRID el Delegado Presidencial Regional, Jorge D\u00edaz Guzm\u00e1n, se\u00f1al\u00f3 que \u201cRegionalmente, todos los servicios vinculados a establecer acciones que precisamente se anticipan a los frentes de mal tiempo que vamos a tener, est\u00e1n trabajando precisamente en sus protocolos para ver todas las acciones que mitigan los frentes de frentes de mal tiempo. Por otra parte, vamos a sostener reuniones con todas las empresas de servicios que afectan a los vecinos como el servicio de electricidad, de agua potable y telecomunicaciones, para lo cual tambi\u00e9n vamos a tener reuniones de coordinaci\u00f3n que permitan conocer cu\u00e1les son los planes de emergencia que cada uno de esos servicios tiene, para anticiparnos a esos efectos del invierno propios de esta parte de la patagonia\u201d.<\/p>\n<p style=\"text-align: justify;\">Esto fue reforzado por el Director Regional de Senapred,\u00a0 Alejandro Solar, \u201cVamos a mantener informada permanentemente a la comunidad de la regi\u00f3n de cualquier tipo de situaci\u00f3n que se nos vaya a presentar. Por lo mismo, al igual que en situaciones anteriores, llamamos a mantenerse informado a trav\u00e9s de los canales oficiales, ya sea Cenapred o de las autoridades regionales, para poder subsanar cualquier tipo de situaci\u00f3n que se nos presente este invierno\u201d.<\/p>\n<p style=\"text-align: justify;\">Adem\u00e1s mencionar que el d\u00eda 2 de mayo se inici\u00f3 el pago del Bono Invierno que beneficia a personas desde los 65 a\u00f1os de edad, entregando recursos adicionales que permiten enfrentar de mejor manera los gastos en los que se incurre en invierno. El monto es de 81 mil 257 pesos y beneficiar\u00e1 a m\u00e1s de 10 mil 400 personas en la Regi\u00f3n de Ays\u00e9n.<\/p>\n<p style=\"text-align: justify;\">El Estado refuerza en invierno el apoyo para personas en situaci\u00f3n de calle, con el Plan Protege Calle en Ays\u00e9n. Este incluye albergues en Coyhaique y Ays\u00e9n, rutas de atenci\u00f3n social y m\u00e9dica y centros temporales. Si ves a alguien en la calle, llama al 800 104 777, opci\u00f3n 0, para activar ayuda en la regi\u00f3n.<\/p>\n<p style=\"text-align: justify;\">Como otra medida del Plan de Invierno, se adelant\u00f3 la campa\u00f1a de vacunaci\u00f3n contra Influenza y COVID-19 para proteger a los grupos de riesgo. En el Hospital Regional de Coyhaique, las consultas por enfermedades respiratorias aumentaron un 27,2%, y en mayores de 65 a\u00f1os, un 46,8% en la \u00faltima semana de abril.<\/p>\n<p style=\"text-align: justify;\">\u201cA la fecha, cerca del 50% de la poblaci\u00f3n objetivo se ha vacunado. Aqu\u00ed, hacemos un llamado al autocuidado. Es importante que la poblaci\u00f3n de riesgo, los que tienen enfermedades de base, personas mayores, mujeres embarazadas y ni\u00f1os reci\u00e9n nacidos se acerquen a los espacios de vacunaci\u00f3n. Porque es tarea de todos cuidarnos para este invierno\u201d, enfatiz\u00f3 la Seremi de Gobierno \u00darsula Mix.<\/p>\n<\/div><\/section><\/div><div  style='height:50px' class='hr hr-invisible   avia-builder-el-6  el_after_av_one_full  el_before_av_social_share '><span class='hr-inner ' ><span class='hr-inner-style'><\/span><\/span><\/div><\/p>\n<div  class='av-social-sharing-box  avia-builder-el-7  el_after_av_hr  el_before_av_hr  '><div class='av-share-box'><h5 class='av-share-link-description av-no-toc '>Compartir esta noticia<\/h5><ul class='av-share-box-list noLightbox'><li class='av-share-link av-social-link-facebook' ><a target=\"_blank\" aria-label=\"Compartir en Facebook\" href='https:\/\/www.facebook.com\/sharer.php?u=https:\/\/radiorevelacionfm.cl\/?p=53602&#038;t=Autoridades%20se%20re%C3%BAnen%20para%20dar%20a%20conocer%20el%20Plan%20de%20Invierno' aria-hidden='false' data-av_icon='\ue8f3' data-av_iconfont='entypo-fontello' title='' data-avia-related-tooltip='Compartir en Facebook' rel=\"noopener\"><span class='avia_hidden_link_text'>Compartir en Facebook<\/span><\/a><\/li><li class='av-share-link av-social-link-twitter' ><a target=\"_blank\" aria-label=\"Compartir en Twitter\" href='https:\/\/twitter.com\/share?text=Autoridades%20se%20re%C3%BAnen%20para%20dar%20a%20conocer%20el%20Plan%20de%20Invierno&#038;url=https:\/\/radiorevelacionfm.cl\/?p=53602' aria-hidden='false' data-av_icon='\ue8f1' data-av_iconfont='entypo-fontello' title='' data-avia-related-tooltip='Compartir en Twitter' rel=\"noopener\"><span class='avia_hidden_link_text'>Compartir en Twitter<\/span><\/a><\/li><li class='av-share-link av-social-link-whatsapp' ><a target=\"_blank\" aria-label=\"Compartir en Whatsapp\" href='https:\/\/api.whatsapp.com\/send?text=https:\/\/radiorevelacionfm.cl\/?p=53602' aria-hidden='false' data-av_icon='\uf232' data-av_iconfont='entypo-fontello' title='' data-avia-related-tooltip='Compartir en Whatsapp' rel=\"noopener\"><span class='avia_hidden_link_text'>Compartir en Whatsapp<\/span><\/a><\/li><li class='av-share-link av-social-link-linkedin' ><a target=\"_blank\" aria-label=\"Compartir en LinkedIn\" href='https:\/\/linkedin.com\/shareArticle?mini=true&#038;title=Autoridades%20se%20re%C3%BAnen%20para%20dar%20a%20conocer%20el%20Plan%20de%20Invierno&#038;url=https:\/\/radiorevelacionfm.cl\/?p=53602' aria-hidden='false' data-av_icon='\ue8fc' data-av_iconfont='entypo-fontello' title='' data-avia-related-tooltip='Compartir en LinkedIn' rel=\"noopener\"><span class='avia_hidden_link_text'>Compartir en LinkedIn<\/span><\/a><\/li><li class='av-share-link av-social-link-mail' ><a  aria-label=\"Compartir por correo\" href='mailto:?subject=Autoridades%20se%20re%C3%BAnen%20para%20dar%20a%20conocer%20el%20Plan%20de%20Invierno&#038;body=https:\/\/radiorevelacionfm.cl\/?p=53602' aria-hidden='false' data-av_icon='\ue805' data-av_iconfont='entypo-fontello' title='' data-avia-related-tooltip='Compartir por correo'><span class='avia_hidden_link_text'>Compartir por correo<\/span><\/a><\/li><\/ul><\/div><\/div>\n<div  style='height:50px' class='hr hr-invisible   avia-builder-el-8  el_after_av_social_share  el_before_av_comments_list '><span class='hr-inner ' ><span class='hr-inner-style'><\/span><\/span><\/div>\n<div  class='av-buildercomment  av-blog-meta-html-info-disabled av-blog-meta-tag-disabled  '><\/div>\n","protected":false},"excerpt":{"rendered":"","protected":false},"author":1,"featured_media":53603,"comment_status":"closed","ping_status":"closed","sticky":false,"template":"","format":"standard","meta":{"footnotes":""},"categories":[38],"tags":[],"class_list":["post-53602","post","type-post","status-publish","format-standard","has-post-thumbnail","hentry","category-regional"],"jetpack_featured_media_url":"https:\/\/radiorevelacionfm.cl\/wp-content\/uploads\/2025\/05\/foto-comunicado-plan-de-invierno-1_optimized-1.jpeg","_links":{"self":[{"href":"https:\/\/radiorevelacionfm.cl\/index.php?rest_route=\/wp\/v2\/posts\/53602","targetHints":{"allow":["GET"]}}],"collection":[{"href":"https:\/\/radiorevelacionfm.cl\/index.php?rest_route=\/wp\/v2\/posts"}],"about":[{"href":"https:\/\/radiorevelacionfm.cl\/index.php?rest_route=\/wp\/v2\/types\/post"}],"author":[{"embeddable":true,"href":"https:\/\/radiorevelacionfm.cl\/index.php?rest_route=\/wp\/v2\/users\/1"}],"replies":[{"embeddable":true,"href":"https:\/\/radiorevelacionfm.cl\/index.php?rest_route=%2Fwp%2Fv2%2Fcomments&post=53602"}],"version-history":[{"count":2,"href":"https:\/\/radiorevelacionfm.cl\/index.php?rest_route=\/wp\/v2\/posts\/53602\/revisions"}],"predecessor-version":[{"id":53619,"href":"https:\/\/radiorevelacionfm.cl\/index.php?rest_route=\/wp\/v2\/posts\/53602\/revisions\/53619"}],"wp:featuredmedia":[{"embeddable":true,"href":"https:\/\/radiorevelacionfm.cl\/index.php?rest_route=\/wp\/v2\/media\/53603"}],"wp:attachment":[{"href":"https:\/\/radiorevelacionfm.cl\/index.php?rest_route=%2Fwp%2Fv2%2Fmedia&parent=53602"}],"wp:term":[{"taxonomy":"category","embeddable":true,"href":"https:\/\/radiorevelacionfm.cl\/index.php?rest_route=%2Fwp%2Fv2%2Fcategories&post=53602"},{"taxonomy":"post_tag","embeddable":true,"href":"https:\/\/radiorevelacionfm.cl\/index.php?rest_route=%2Fwp%2Fv2%2Ftags&post=53602"}],"curies":[{"name":"wp","href":"https:\/\/api.w.org\/{rel}","templated":true}]}}