{"id":53599,"date":"2025-05-08T10:18:45","date_gmt":"2025-05-08T13:18:45","guid":{"rendered":"https:\/\/radiorevelacionfm.cl\/?p=53599"},"modified":"2025-05-08T10:18:45","modified_gmt":"2025-05-08T13:18:45","slug":"neurocirujanos-del-hospital-regional-coyhaique-organizan-las-xxxviii-jornadas-de-invierno-de-neurocirugia","status":"publish","type":"post","link":"https:\/\/radiorevelacionfm.cl\/?p=53599","title":{"rendered":"Neurocirujanos del Hospital Regional Coyhaique organizan las XXXVIII Jornadas de Invierno de Neurocirug\u00eda"},"content":{"rendered":"<div class=\"flex_column av_one_full  flex_column_div av-zero-column-padding first  avia-builder-el-0  el_before_av_one_full  avia-builder-el-first  \" style='border-radius:0px; '><div  class='avia-image-container  av-styling-    avia-builder-el-1  avia-builder-el-no-sibling  avia-align-center '  itemprop=\"image\" itemscope=\"itemscope\" itemtype=\"https:\/\/schema.org\/ImageObject\"  ><div class='avia-image-container-inner'><div class='avia-image-overlay-wrap'><img decoding=\"async\" class='wp-image-53600 avia-img-lazy-loading-not-53600 avia_image' src=\"https:\/\/radiorevelacionfm.cl\/wp-content\/uploads\/2025\/05\/image-09_optimized.05.12-1-1.jpeg\" alt='' title='image-09_optimized.05.12-(1) (1)' height=\"600\" width=\"1066\"  itemprop=\"thumbnailUrl\" srcset=\"https:\/\/radiorevelacionfm.cl\/wp-content\/uploads\/2025\/05\/image-09_optimized.05.12-1-1.jpeg 1066w, https:\/\/radiorevelacionfm.cl\/wp-content\/uploads\/2025\/05\/image-09_optimized.05.12-1-1-300x169.jpeg 300w, https:\/\/radiorevelacionfm.cl\/wp-content\/uploads\/2025\/05\/image-09_optimized.05.12-1-1-1030x580.jpeg 1030w, https:\/\/radiorevelacionfm.cl\/wp-content\/uploads\/2025\/05\/image-09_optimized.05.12-1-1-768x432.jpeg 768w, https:\/\/radiorevelacionfm.cl\/wp-content\/uploads\/2025\/05\/image-09_optimized.05.12-1-1-705x397.jpeg 705w, https:\/\/radiorevelacionfm.cl\/wp-content\/uploads\/2025\/05\/image-09_optimized.05.12-1-1-450x253.jpeg 450w, https:\/\/radiorevelacionfm.cl\/wp-content\/uploads\/2025\/05\/image-09_optimized.05.12-1-1-600x338.jpeg 600w\" sizes=\"(max-width: 1066px) 100vw, 1066px\" \/><\/div><\/div><\/div><\/div><div class=\"flex_column av_one_full  flex_column_div av-zero-column-padding first  avia-builder-el-2  el_after_av_one_full  el_before_av_one_full  column-top-margin\" style='border-radius:0px; '><section class=\"av_textblock_section \"  itemscope=\"itemscope\" itemtype=\"https:\/\/schema.org\/BlogPosting\" itemprop=\"blogPost\" ><div class='avia_textblock  '   itemprop=\"text\" ><p style=\"text-align: center;\"><strong><span style=\"font-size: 18pt;\">Neurocirujanos del Hospital Regional Coyhaique organizan las XXXVIII Jornadas de Invierno de Neurocirug\u00eda<\/span><\/strong><\/p>\n<div id=\"gtx-trans\" style=\"position: absolute; left: -50px; top: 4.31534px;\">\n<div class=\"gtx-trans-icon\"><\/div>\n<\/div>\n<\/div><\/section><\/div><div class=\"flex_column av_one_full  flex_column_div av-zero-column-padding first  avia-builder-el-4  el_after_av_one_full  el_before_av_hr  column-top-margin\" style='border-radius:0px; '><section class=\"av_textblock_section \"  itemscope=\"itemscope\" itemtype=\"https:\/\/schema.org\/BlogPosting\" itemprop=\"blogPost\" ><div class='avia_textblock  '   itemprop=\"text\" ><p style=\"text-align: justify;\"><em>La actividad, realizada en conjunto con la Sociedad Chilena de Neurocirug\u00eda, reuni\u00f3 durante 3 d\u00edas a m\u00e1s de 80 especialistas en Coyhaique, descentralizando los procesos de formaci\u00f3n y capacitaci\u00f3n de profesionales de la medicina y enfermer\u00eda.<\/em><\/p>\n<p style=\"text-align: justify;\">Durante tres d\u00edas, m\u00e1s de 80 neurocirujanos de distintos puntos del pa\u00eds se reunieron en Coyhaique para ser parte de las XXXVIII Jornadas de Invierno, organizada por la Sociedad de Neurocirug\u00eda, en conjunto con el Servicio de Neurocirug\u00eda del HRC.<\/p>\n<p style=\"text-align: justify;\">Paralelamente, tambi\u00e9n se realiz\u00f3 la Jornada de Enfermer\u00eda Neuroquir\u00fargica, donde profesionales dedicadas al trabajo e investigaci\u00f3n de la especialidad se reunieron para compartir experiencias y nuevas t\u00e9cnicas en relaci\u00f3n al manejo y cuidado de sus pacientes.<\/p>\n<p style=\"text-align: justify;\">\u201cComo equipo local quisimos organizar las jornadas de invierno que se hacen todos los a\u00f1os, nunca se hab\u00edan hecho en la regi\u00f3n y es un evento importante, primero por la parte docente, ya que podemos ampliar los conocimientos y compartir experiencias\u201d, destac\u00f3 la Dra. Nicole Loyola, neurocirujana del HRC y miembro del equipo organizador de estas jornadas.<\/p>\n<p style=\"text-align: justify;\">La neurocirujana hizo hincapi\u00e9 en la importancia de estas actividades no s\u00f3lo para los profesionales del \u00e1rea, sino para toda la comunidad, puesto que contar con profesionales altamente capacitados y con una formaci\u00f3n continua, se traduce en un mejor servicio para todas y todos los usuarios del HRC, \u00fanico hospital de alta complejidad de la regi\u00f3n de Ays\u00e9n, y que actualmente cuenta con un staff de cinco especialistas en neurocirug\u00eda, lo que ha permitido aumentar la resolutividad en esta \u00e1rea.<\/p>\n<p style=\"text-align: justify;\">\u201cPretendemos seguir avanzando en nuevas prestaciones, mejorar lo que ya tenemos y apuntar a que cada vez podamos resolver todo sin necesidad de trasladar pacientes. Es importante que la comunidad conozca estos eventos, que sepan que su hospital, en su regi\u00f3n, es capaz de resolver. Trabajamos d\u00eda a d\u00eda para prestar una mejor atenci\u00f3n, y parte de eso tambi\u00e9n es formarse, compartir experiencias con nuestros colegas y brindar un mejor servicio a nuestra comunidad\u201d, sostuvo la especialista.<\/p>\n<p style=\"text-align: justify;\">Por su parte, Jacquelinne Lacrampette, presidenta de la Sociedad Chilena de Neurocirug\u00eda, sociedad cient\u00edfica con cerca de 70 a\u00f1os de trayectoria, destac\u00f3 que justamente con el fin de descentralizar sus acciones, este a\u00f1o adelantaron las jornadas de invierno, para asegurar la convocatoria en la regi\u00f3n de Ays\u00e9n y evitar contingencias clim\u00e1ticas.<\/p>\n<p style=\"text-align: justify;\">\u201cPara nosotros es muy importante poder sacar todas estas actividades cient\u00edficas fuera de Santiago, y hace a\u00f1os estamos empe\u00f1ados en llevar las jornadas de invierno a regiones. Nuestro objetivo siempre ha sido llevar la neurocirug\u00eda a los lugares donde se le necesita, y tratar de evitar al m\u00e1ximo el traslado de los pacientes \u2013sobre todo aquellos que est\u00e1n en estado cr\u00edtico- hacia otros centros hospitalarios, ya que son circunstancias que hacen generalmente que el paciente empeore\u201d, destac\u00f3 la presidenta de la Sociedad Chilena de Neurocirug\u00eda.<\/p>\n<p style=\"text-align: justify;\"><strong>JORNADAS DE ENFERMER\u00cdA<\/strong><\/p>\n<p style=\"text-align: justify;\">Adem\u00e1s del estamento m\u00e9dico, paralelamente se realizaron las \u201cJornadas de Enfermer\u00eda Neuroquir\u00fargica\u201d, espacio donde profesionales del Hospital Regional Coyhaique expusieron sobre diversos casos abordados en la regi\u00f3n.<\/p>\n<p style=\"text-align: justify;\">\u201cPara el equipo de Enfermer\u00eda esta actividad presenta un gran desaf\u00edo, donde hemos podido participar y mostrar nuestra experiencia en todo el proceso quir\u00fargico que tienen estos pacientes. Participaron las distintas unidades que intervienen en el cuidado y la gesti\u00f3n para que esta especialidad se desarrolle en nuestro hospital\u201d, destac\u00f3 la Subdirectora de Gesti\u00f3n del Cuidado del Hospital Regional Coyhaique, Pamela Bahamondez.<\/p>\n<p style=\"text-align: justify;\">La jefa de Enfermer\u00eda del HRC destac\u00f3 que la retroalimentaci\u00f3n y el trabajo con otros centros de referencia del pa\u00eds es clave para estar en l\u00ednea frente a los est\u00e1ndares actuales y nuevas t\u00e9cnicas neuroquir\u00fargicas, por lo que la participaci\u00f3n del Cap\u00edtulo de Enfermeras de la Sociedad de Neurocirug\u00eda de Chile les permiti\u00f3 no solo aprender m\u00e1s sobre esta especialidad, sino tambi\u00e9n \u201cgenerar nuevos lazos, para que en un futuro pr\u00f3ximo podamos enviar profesionales de nuestra regi\u00f3n a capacitarse, todo en beneficio del desarrollo de la neurocirug\u00eda en Ays\u00e9n\u201d.<\/p>\n<p style=\"text-align: justify;\">Esta visi\u00f3n es compartida por Marisol Miranda, coordinadora del Cap\u00edtulo de Enfermeras de la Sociedad de Neurocirug\u00eda. \u201cQueremos hacer nexos con las enfermeras que tienen relaci\u00f3n con el paciente neuroquir\u00fargico. Es un amplio tema, ya que siempre hay algo nuevo que aprender. Adem\u00e1s, con nuestro profesionalismo, creamos nuevas formas de gesti\u00f3n del cuidado, y eso tenemos que compartirlo con el resto del pa\u00eds\u201d.<\/p>\n<\/div><\/section><\/div><div  style='height:50px' class='hr hr-invisible   avia-builder-el-6  el_after_av_one_full  el_before_av_social_share '><span class='hr-inner ' ><span class='hr-inner-style'><\/span><\/span><\/div><\/p>\n<div  class='av-social-sharing-box  avia-builder-el-7  el_after_av_hr  el_before_av_hr  '><div class='av-share-box'><h5 class='av-share-link-description av-no-toc '>Compartir esta noticia<\/h5><ul class='av-share-box-list noLightbox'><li class='av-share-link av-social-link-facebook' ><a target=\"_blank\" aria-label=\"Compartir en Facebook\" href='https:\/\/www.facebook.com\/sharer.php?u=https:\/\/radiorevelacionfm.cl\/?p=53599&#038;t=Neurocirujanos%20del%20Hospital%20Regional%20Coyhaique%20organizan%20las%20XXXVIII%20Jornadas%20de%20Invierno%20de%20Neurocirug%C3%ADa' aria-hidden='false' data-av_icon='\ue8f3' data-av_iconfont='entypo-fontello' title='' data-avia-related-tooltip='Compartir en Facebook' rel=\"noopener\"><span class='avia_hidden_link_text'>Compartir en Facebook<\/span><\/a><\/li><li class='av-share-link av-social-link-twitter' ><a target=\"_blank\" aria-label=\"Compartir en Twitter\" href='https:\/\/twitter.com\/share?text=Neurocirujanos%20del%20Hospital%20Regional%20Coyhaique%20organizan%20las%20XXXVIII%20Jornadas%20de%20Invierno%20de%20Neurocirug%C3%ADa&#038;url=https:\/\/radiorevelacionfm.cl\/?p=53599' aria-hidden='false' data-av_icon='\ue8f1' data-av_iconfont='entypo-fontello' title='' data-avia-related-tooltip='Compartir en Twitter' rel=\"noopener\"><span class='avia_hidden_link_text'>Compartir en Twitter<\/span><\/a><\/li><li class='av-share-link av-social-link-whatsapp' ><a target=\"_blank\" aria-label=\"Compartir en Whatsapp\" href='https:\/\/api.whatsapp.com\/send?text=https:\/\/radiorevelacionfm.cl\/?p=53599' aria-hidden='false' data-av_icon='\uf232' data-av_iconfont='entypo-fontello' title='' data-avia-related-tooltip='Compartir en Whatsapp' rel=\"noopener\"><span class='avia_hidden_link_text'>Compartir en Whatsapp<\/span><\/a><\/li><li class='av-share-link av-social-link-linkedin' ><a target=\"_blank\" aria-label=\"Compartir en LinkedIn\" href='https:\/\/linkedin.com\/shareArticle?mini=true&#038;title=Neurocirujanos%20del%20Hospital%20Regional%20Coyhaique%20organizan%20las%20XXXVIII%20Jornadas%20de%20Invierno%20de%20Neurocirug%C3%ADa&#038;url=https:\/\/radiorevelacionfm.cl\/?p=53599' aria-hidden='false' data-av_icon='\ue8fc' data-av_iconfont='entypo-fontello' title='' data-avia-related-tooltip='Compartir en LinkedIn' rel=\"noopener\"><span class='avia_hidden_link_text'>Compartir en LinkedIn<\/span><\/a><\/li><li class='av-share-link av-social-link-mail' ><a  aria-label=\"Compartir por correo\" href='mailto:?subject=Neurocirujanos%20del%20Hospital%20Regional%20Coyhaique%20organizan%20las%20XXXVIII%20Jornadas%20de%20Invierno%20de%20Neurocirug%C3%ADa&#038;body=https:\/\/radiorevelacionfm.cl\/?p=53599' aria-hidden='false' data-av_icon='\ue805' data-av_iconfont='entypo-fontello' title='' data-avia-related-tooltip='Compartir por correo'><span class='avia_hidden_link_text'>Compartir por correo<\/span><\/a><\/li><\/ul><\/div><\/div>\n<div  style='height:50px' class='hr hr-invisible   avia-builder-el-8  el_after_av_social_share  el_before_av_comments_list '><span class='hr-inner ' ><span class='hr-inner-style'><\/span><\/span><\/div>\n<div  class='av-buildercomment  av-blog-meta-html-info-disabled av-blog-meta-tag-disabled  '><\/div>\n","protected":false},"excerpt":{"rendered":"","protected":false},"author":1,"featured_media":53600,"comment_status":"closed","ping_status":"closed","sticky":false,"template":"","format":"standard","meta":{"footnotes":""},"categories":[46],"tags":[],"class_list":["post-53599","post","type-post","status-publish","format-standard","has-post-thumbnail","hentry","category-salud"],"jetpack_featured_media_url":"https:\/\/radiorevelacionfm.cl\/wp-content\/uploads\/2025\/05\/image-09_optimized.05.12-1-1.jpeg","_links":{"self":[{"href":"https:\/\/radiorevelacionfm.cl\/index.php?rest_route=\/wp\/v2\/posts\/53599","targetHints":{"allow":["GET"]}}],"collection":[{"href":"https:\/\/radiorevelacionfm.cl\/index.php?rest_route=\/wp\/v2\/posts"}],"about":[{"href":"https:\/\/radiorevelacionfm.cl\/index.php?rest_route=\/wp\/v2\/types\/post"}],"author":[{"embeddable":true,"href":"https:\/\/radiorevelacionfm.cl\/index.php?rest_route=\/wp\/v2\/users\/1"}],"replies":[{"embeddable":true,"href":"https:\/\/radiorevelacionfm.cl\/index.php?rest_route=%2Fwp%2Fv2%2Fcomments&post=53599"}],"version-history":[{"count":2,"href":"https:\/\/radiorevelacionfm.cl\/index.php?rest_route=\/wp\/v2\/posts\/53599\/revisions"}],"predecessor-version":[{"id":53617,"href":"https:\/\/radiorevelacionfm.cl\/index.php?rest_route=\/wp\/v2\/posts\/53599\/revisions\/53617"}],"wp:featuredmedia":[{"embeddable":true,"href":"https:\/\/radiorevelacionfm.cl\/index.php?rest_route=\/wp\/v2\/media\/53600"}],"wp:attachment":[{"href":"https:\/\/radiorevelacionfm.cl\/index.php?rest_route=%2Fwp%2Fv2%2Fmedia&parent=53599"}],"wp:term":[{"taxonomy":"category","embeddable":true,"href":"https:\/\/radiorevelacionfm.cl\/index.php?rest_route=%2Fwp%2Fv2%2Fcategories&post=53599"},{"taxonomy":"post_tag","embeddable":true,"href":"https:\/\/radiorevelacionfm.cl\/index.php?rest_route=%2Fwp%2Fv2%2Ftags&post=53599"}],"curies":[{"name":"wp","href":"https:\/\/api.w.org\/{rel}","templated":true}]}}