{"id":53595,"date":"2025-05-07T16:16:52","date_gmt":"2025-05-07T19:16:52","guid":{"rendered":"https:\/\/radiorevelacionfm.cl\/?p=53595"},"modified":"2025-05-07T16:16:52","modified_gmt":"2025-05-07T19:16:52","slug":"proyecto-impulsa-invernaderos-para-fortalecer-el-cultivo-de-hortalizas-en-aysen","status":"publish","type":"post","link":"https:\/\/radiorevelacionfm.cl\/?p=53595","title":{"rendered":"Proyecto impulsa invernaderos para fortalecer el cultivo de hortalizas en Ays\u00e9n"},"content":{"rendered":"<div class=\"flex_column av_one_full  flex_column_div av-zero-column-padding first  avia-builder-el-0  el_before_av_one_full  avia-builder-el-first  \" style='border-radius:0px; '><div  class='avia-image-container  av-styling-    avia-builder-el-1  avia-builder-el-no-sibling  avia-align-center '  itemprop=\"image\" itemscope=\"itemscope\" itemtype=\"https:\/\/schema.org\/ImageObject\"  ><div class='avia-image-container-inner'><div class='avia-image-overlay-wrap'><img decoding=\"async\" class='wp-image-53596 avia-img-lazy-loading-not-53596 avia_image' src=\"https:\/\/radiorevelacionfm.cl\/wp-content\/uploads\/2025\/05\/1z9a1538-copia-1_optimized-1_optimized-1.jpg\" alt='' title='1z9a1538-copia-(1)_optimized-(1)_optimized (1)' height=\"600\" width=\"938\"  itemprop=\"thumbnailUrl\" srcset=\"https:\/\/radiorevelacionfm.cl\/wp-content\/uploads\/2025\/05\/1z9a1538-copia-1_optimized-1_optimized-1.jpg 938w, https:\/\/radiorevelacionfm.cl\/wp-content\/uploads\/2025\/05\/1z9a1538-copia-1_optimized-1_optimized-1-300x192.jpg 300w, https:\/\/radiorevelacionfm.cl\/wp-content\/uploads\/2025\/05\/1z9a1538-copia-1_optimized-1_optimized-1-768x491.jpg 768w, https:\/\/radiorevelacionfm.cl\/wp-content\/uploads\/2025\/05\/1z9a1538-copia-1_optimized-1_optimized-1-705x451.jpg 705w, https:\/\/radiorevelacionfm.cl\/wp-content\/uploads\/2025\/05\/1z9a1538-copia-1_optimized-1_optimized-1-450x288.jpg 450w, https:\/\/radiorevelacionfm.cl\/wp-content\/uploads\/2025\/05\/1z9a1538-copia-1_optimized-1_optimized-1-600x384.jpg 600w\" sizes=\"(max-width: 938px) 100vw, 938px\" \/><\/div><\/div><\/div><\/div><div class=\"flex_column av_one_full  flex_column_div av-zero-column-padding first  avia-builder-el-2  el_after_av_one_full  el_before_av_one_full  column-top-margin\" style='border-radius:0px; '><section class=\"av_textblock_section \"  itemscope=\"itemscope\" itemtype=\"https:\/\/schema.org\/BlogPosting\" itemprop=\"blogPost\" ><div class='avia_textblock  '   itemprop=\"text\" ><p style=\"text-align: center;\"><strong><span style=\"font-size: 18pt;\">Proyecto impulsa invernaderos para fortalecer el cultivo de hortalizas en Ays\u00e9n<\/span><\/strong><\/p>\n<div id=\"gtx-trans\" style=\"position: absolute; left: -50px; top: 4.31534px;\">\n<div class=\"gtx-trans-icon\"><\/div>\n<\/div>\n<\/div><\/section><\/div><div class=\"flex_column av_one_full  flex_column_div av-zero-column-padding first  avia-builder-el-4  el_after_av_one_full  el_before_av_hr  column-top-margin\" style='border-radius:0px; '><section class=\"av_textblock_section \"  itemscope=\"itemscope\" itemtype=\"https:\/\/schema.org\/BlogPosting\" itemprop=\"blogPost\" ><div class='avia_textblock  '   itemprop=\"text\" ><div>\n<p class=\"v1MsoNormal\" style=\"text-align: justify;\">En el marco del\u00a0 proyecto apoyado por la Fundaci\u00f3n para la Innovaci\u00f3n Agraria (FIA), se realiz\u00f3 un d\u00eda de campo en el predio de INIA Tamel Aike, donde se present\u00f3 un nuevo tipo de invernadero especialmente dise\u00f1ado para las condiciones agroclim\u00e1ticas de la Regi\u00f3n de Ays\u00e9n. Esta iniciativa busca fortalecer la soberan\u00eda alimentaria regional, impulsando la producci\u00f3n local de hortalizas durante todo el a\u00f1o.<\/p>\n<p class=\"v1MsoNormal\" style=\"text-align: justify;\">El proyecto, titulado\u00a0<i>\u00abAumento de la superficie de uso para el rubro hortalizas por medio del desarrollo de infraestructura modular adaptada a distintas zonas agroclim\u00e1ticas de la Regi\u00f3n de Ays\u00e9n del General Carlos Ib\u00e1\u00f1ez del Campo\u00bb<\/i>, fue ejecutado por el Centro de Investigaci\u00f3n en Ecosistemas de la Patagonia (CIEP) en conjunto con INIA Tamel Aike, y financiado por Fundaci\u00f3n para la Innovaci\u00f3n Agraria FIA.<\/p>\n<p class=\"v1MsoNormal\" style=\"text-align: justify;\">Actualmente, cerca del 80% de las frutas y hortalizas que se consumen en la regi\u00f3n provienen de otras zonas del pa\u00eds, lo que evidencia una fuerte dependencia externa. En este contexto, el Seremi de Agricultura, Eugenio Ruiz, destac\u00f3 la relevancia de esta innovaci\u00f3n. \u00abSe trata de una investigaci\u00f3n muy relevante, que permite avanzar en la producci\u00f3n de hortalizas bajo invernadero durante todo el a\u00f1o\u00bb, se\u00f1al\u00f3.<\/p>\n<p class=\"v1MsoNormal\" style=\"text-align: justify;\">Por su parte, la directora de INIA Tamel Aike, Camila Reyes, destac\u00f3 el valor de la colaboraci\u00f3n con CIEP, la cual hizo posible el desarrollo del invernadero piloto. \u00abEn esta alianza estrat\u00e9gica, INIA ha contribuido con la propuesta del paquete tecnol\u00f3gico al interior del invernadero, incluyendo recomendaciones sobre ventilaci\u00f3n, temperatura, pr\u00e1cticas de manejo sustentables y el uso eficiente de insumos, promoviendo una agricultura m\u00e1s amigable con el medioambiente\u00bb, se\u00f1al\u00f3.<\/p>\n<p class=\"v1MsoNormal\" style=\"text-align: justify;\">La propuesta contempl\u00f3 tres modelos de invernaderos, adaptados a distintas zonas agroecol\u00f3gicas de la regi\u00f3n: zona h\u00fameda (Puerto Ays\u00e9n), zona intermedia (Coyhaique) y zona de microclima (Puerto Ib\u00e1\u00f1ez). Con dise\u00f1os que fueron validados mediante pruebas de carga y ensayos con prototipos.<\/p>\n<p class=\"v1MsoNormal\" style=\"text-align: justify;\">\u00abLos planos estar\u00e1n disponibles para quienes deseen replicarlos, promoviendo as\u00ed el acceso a nuevas tecnolog\u00edas productivas\u00bb, explic\u00f3 Pablo Mata, investigador del CIEP y coordinador del proyecto.<\/p>\n<p class=\"v1MsoNormal\" style=\"text-align: justify;\">Sandra Gatica \u00a0productora hort\u00edcola de Coyhaique valor\u00f3 este proyecto que avanza en torno a superar la estacionalidad y ampliar el calendario productivo. \u00abEstamos viendo una gran oportunidad de producir durante el invierno o, al menos, extender el ciclo vegetativo y obtener primores. Es fundamental para nuestro rubro. Agradezco que se considere nuevamente a los productores hort\u00edcolas\u00bb, afirm\u00f3.<\/p>\n<p class=\"v1MsoNormal\" style=\"text-align: justify;\">Desde la agencia FIA, la \u00a0iniciativa representa un avance concreto en el desarrollo agr\u00edcola regional. \u00abPromover la innovaci\u00f3n en los territorios es fundamental. Este tipo de tecnolog\u00eda permite mejorar la producci\u00f3n en ambientes controlados y hacer m\u00e1s eficiente la inversi\u00f3n de nuestros productores y productoras\u00bb, se\u00f1al\u00f3 Deysi Rubilar, representante de la entidad en la Regi\u00f3n de Ays\u00e9n.<\/p>\n<p class=\"v1MsoNormal\" style=\"text-align: justify;\">Seg\u00fan el Catastro Frut\u00edcola de ODEPA 2024, la Regi\u00f3n de Ays\u00e9n cuenta con solo 249 hect\u00e1reas frut\u00edcolas, lo que equivale al 0,1% del total nacional. Si bien no existen cifras actualizadas sobre la superficie hort\u00edcola, el Censo Agropecuario de 2021 reportaba apenas 111 hect\u00e1reas destinadas a la producci\u00f3n de hortalizas posicionando a la regi\u00f3n como la segunda con menor superficie cultivada, s\u00f3lo por delante de Magallanes.<\/p>\n<p class=\"v1MsoNormal\" style=\"text-align: justify;\">Ante este escenario, el desaf\u00edo es lograr que estas soluciones tecnol\u00f3gicas lleguen efectivamente a los agricultores locales, a trav\u00e9s de procesos de transferencia tecnol\u00f3gica, acceso a planos constructivos y apoyo en su implementaci\u00f3n. El objetivo final: producir m\u00e1s, con mayor eficiencia y m\u00e1s cerca del consumidor.<\/p>\n<\/div>\n<div style=\"text-align: justify;\"><\/div>\n<\/div><\/section><\/div><div  style='height:50px' class='hr hr-invisible   avia-builder-el-6  el_after_av_one_full  el_before_av_social_share '><span class='hr-inner ' ><span class='hr-inner-style'><\/span><\/span><\/div><\/p>\n<div  class='av-social-sharing-box  avia-builder-el-7  el_after_av_hr  el_before_av_hr  '><div class='av-share-box'><h5 class='av-share-link-description av-no-toc '>Compartir esta noticia<\/h5><ul class='av-share-box-list noLightbox'><li class='av-share-link av-social-link-facebook' ><a target=\"_blank\" aria-label=\"Compartir en Facebook\" href='https:\/\/www.facebook.com\/sharer.php?u=https:\/\/radiorevelacionfm.cl\/?p=53595&#038;t=Proyecto%20impulsa%20invernaderos%20para%20fortalecer%20el%20cultivo%20de%20hortalizas%20en%20Ays%C3%A9n' aria-hidden='false' data-av_icon='\ue8f3' data-av_iconfont='entypo-fontello' title='' data-avia-related-tooltip='Compartir en Facebook' rel=\"noopener\"><span class='avia_hidden_link_text'>Compartir en Facebook<\/span><\/a><\/li><li class='av-share-link av-social-link-twitter' ><a target=\"_blank\" aria-label=\"Compartir en Twitter\" href='https:\/\/twitter.com\/share?text=Proyecto%20impulsa%20invernaderos%20para%20fortalecer%20el%20cultivo%20de%20hortalizas%20en%20Ays%C3%A9n&#038;url=https:\/\/radiorevelacionfm.cl\/?p=53595' aria-hidden='false' data-av_icon='\ue8f1' data-av_iconfont='entypo-fontello' title='' data-avia-related-tooltip='Compartir en Twitter' rel=\"noopener\"><span class='avia_hidden_link_text'>Compartir en Twitter<\/span><\/a><\/li><li class='av-share-link av-social-link-whatsapp' ><a target=\"_blank\" aria-label=\"Compartir en Whatsapp\" href='https:\/\/api.whatsapp.com\/send?text=https:\/\/radiorevelacionfm.cl\/?p=53595' aria-hidden='false' data-av_icon='\uf232' data-av_iconfont='entypo-fontello' title='' data-avia-related-tooltip='Compartir en Whatsapp' rel=\"noopener\"><span class='avia_hidden_link_text'>Compartir en Whatsapp<\/span><\/a><\/li><li class='av-share-link av-social-link-linkedin' ><a target=\"_blank\" aria-label=\"Compartir en LinkedIn\" href='https:\/\/linkedin.com\/shareArticle?mini=true&#038;title=Proyecto%20impulsa%20invernaderos%20para%20fortalecer%20el%20cultivo%20de%20hortalizas%20en%20Ays%C3%A9n&#038;url=https:\/\/radiorevelacionfm.cl\/?p=53595' aria-hidden='false' data-av_icon='\ue8fc' data-av_iconfont='entypo-fontello' title='' data-avia-related-tooltip='Compartir en LinkedIn' rel=\"noopener\"><span class='avia_hidden_link_text'>Compartir en LinkedIn<\/span><\/a><\/li><li class='av-share-link av-social-link-mail' ><a  aria-label=\"Compartir por correo\" href='mailto:?subject=Proyecto%20impulsa%20invernaderos%20para%20fortalecer%20el%20cultivo%20de%20hortalizas%20en%20Ays%C3%A9n&#038;body=https:\/\/radiorevelacionfm.cl\/?p=53595' aria-hidden='false' data-av_icon='\ue805' data-av_iconfont='entypo-fontello' title='' data-avia-related-tooltip='Compartir por correo'><span class='avia_hidden_link_text'>Compartir por correo<\/span><\/a><\/li><\/ul><\/div><\/div>\n<div  style='height:50px' class='hr hr-invisible   avia-builder-el-8  el_after_av_social_share  el_before_av_comments_list '><span class='hr-inner ' ><span class='hr-inner-style'><\/span><\/span><\/div>\n<div  class='av-buildercomment  av-blog-meta-html-info-disabled av-blog-meta-tag-disabled  '><\/div>\n","protected":false},"excerpt":{"rendered":"","protected":false},"author":1,"featured_media":53596,"comment_status":"closed","ping_status":"closed","sticky":false,"template":"","format":"standard","meta":{"footnotes":""},"categories":[38],"tags":[],"class_list":["post-53595","post","type-post","status-publish","format-standard","has-post-thumbnail","hentry","category-regional"],"jetpack_featured_media_url":"https:\/\/radiorevelacionfm.cl\/wp-content\/uploads\/2025\/05\/1z9a1538-copia-1_optimized-1_optimized-1.jpg","_links":{"self":[{"href":"https:\/\/radiorevelacionfm.cl\/index.php?rest_route=\/wp\/v2\/posts\/53595","targetHints":{"allow":["GET"]}}],"collection":[{"href":"https:\/\/radiorevelacionfm.cl\/index.php?rest_route=\/wp\/v2\/posts"}],"about":[{"href":"https:\/\/radiorevelacionfm.cl\/index.php?rest_route=\/wp\/v2\/types\/post"}],"author":[{"embeddable":true,"href":"https:\/\/radiorevelacionfm.cl\/index.php?rest_route=\/wp\/v2\/users\/1"}],"replies":[{"embeddable":true,"href":"https:\/\/radiorevelacionfm.cl\/index.php?rest_route=%2Fwp%2Fv2%2Fcomments&post=53595"}],"version-history":[{"count":2,"href":"https:\/\/radiorevelacionfm.cl\/index.php?rest_route=\/wp\/v2\/posts\/53595\/revisions"}],"predecessor-version":[{"id":53598,"href":"https:\/\/radiorevelacionfm.cl\/index.php?rest_route=\/wp\/v2\/posts\/53595\/revisions\/53598"}],"wp:featuredmedia":[{"embeddable":true,"href":"https:\/\/radiorevelacionfm.cl\/index.php?rest_route=\/wp\/v2\/media\/53596"}],"wp:attachment":[{"href":"https:\/\/radiorevelacionfm.cl\/index.php?rest_route=%2Fwp%2Fv2%2Fmedia&parent=53595"}],"wp:term":[{"taxonomy":"category","embeddable":true,"href":"https:\/\/radiorevelacionfm.cl\/index.php?rest_route=%2Fwp%2Fv2%2Fcategories&post=53595"},{"taxonomy":"post_tag","embeddable":true,"href":"https:\/\/radiorevelacionfm.cl\/index.php?rest_route=%2Fwp%2Fv2%2Ftags&post=53595"}],"curies":[{"name":"wp","href":"https:\/\/api.w.org\/{rel}","templated":true}]}}