{"id":53592,"date":"2025-05-07T17:24:31","date_gmt":"2025-05-07T20:24:31","guid":{"rendered":"https:\/\/radiorevelacionfm.cl\/?p=53592"},"modified":"2025-05-07T17:24:31","modified_gmt":"2025-05-07T20:24:31","slug":"en-los-proximos-dias-comenzara-la-auditoria-al-gobierno-regional-por-su-ejecucion-2024","status":"publish","type":"post","link":"https:\/\/radiorevelacionfm.cl\/?p=53592","title":{"rendered":"En los pr\u00f3ximos d\u00edas comenzar\u00e1 la auditor\u00eda al Gobierno Regional por su ejecuci\u00f3n 2024"},"content":{"rendered":"<div class=\"flex_column av_one_full  flex_column_div av-zero-column-padding first  avia-builder-el-0  el_before_av_one_full  avia-builder-el-first  \" style='border-radius:0px; '><div  class='avia-image-container  av-styling-    avia-builder-el-1  avia-builder-el-no-sibling  avia-align-center '  itemprop=\"image\" itemscope=\"itemscope\" itemtype=\"https:\/\/schema.org\/ImageObject\"  ><div class='avia-image-container-inner'><div class='avia-image-overlay-wrap'><img decoding=\"async\" class='wp-image-9083 avia-img-lazy-loading-not-9083 avia_image' src=\"https:\/\/radiorevelacionfm.cl\/wp-content\/uploads\/2021\/09\/gobierno-regional-1_optimized.jpg\" alt='' title='gobierno-regional-(1)_optimized' height=\"600\" width=\"1066\"  itemprop=\"thumbnailUrl\" srcset=\"https:\/\/radiorevelacionfm.cl\/wp-content\/uploads\/2021\/09\/gobierno-regional-1_optimized.jpg 1066w, https:\/\/radiorevelacionfm.cl\/wp-content\/uploads\/2021\/09\/gobierno-regional-1_optimized-300x169.jpg 300w, https:\/\/radiorevelacionfm.cl\/wp-content\/uploads\/2021\/09\/gobierno-regional-1_optimized-1030x580.jpg 1030w, https:\/\/radiorevelacionfm.cl\/wp-content\/uploads\/2021\/09\/gobierno-regional-1_optimized-768x432.jpg 768w, https:\/\/radiorevelacionfm.cl\/wp-content\/uploads\/2021\/09\/gobierno-regional-1_optimized-705x397.jpg 705w, https:\/\/radiorevelacionfm.cl\/wp-content\/uploads\/2021\/09\/gobierno-regional-1_optimized-600x338.jpg 600w\" sizes=\"(max-width: 1066px) 100vw, 1066px\" \/><\/div><\/div><\/div><\/div><div class=\"flex_column av_one_full  flex_column_div av-zero-column-padding first  avia-builder-el-2  el_after_av_one_full  el_before_av_one_full  column-top-margin\" style='border-radius:0px; '><section class=\"av_textblock_section \"  itemscope=\"itemscope\" itemtype=\"https:\/\/schema.org\/BlogPosting\" itemprop=\"blogPost\" ><div class='avia_textblock  '   itemprop=\"text\" ><p style=\"text-align: center;\"><span style=\"font-size: 18pt;\"><b>En los pr\u00f3ximos d\u00edas comenzar\u00e1 la auditor\u00eda al Gobierno Regional por su ejecuci\u00f3n 2024<\/b><\/span><\/p>\n<div id=\"gtx-trans\" style=\"position: absolute; left: -50px; top: 4.31534px;\">\n<div class=\"gtx-trans-icon\"><\/div>\n<\/div>\n<\/div><\/section><\/div><\/p>\n<div class=\"flex_column av_one_full  flex_column_div av-zero-column-padding first  avia-builder-el-4  el_after_av_one_full  el_before_av_hr  column-top-margin\" style='border-radius:0px; '><section class=\"av_textblock_section \"  itemscope=\"itemscope\" itemtype=\"https:\/\/schema.org\/BlogPosting\" itemprop=\"blogPost\" ><div class='avia_textblock  '   itemprop=\"text\" ><p class=\"v1gmail-MsoListParagraph\" style=\"text-align: justify;\">La consejera regional Andrea Ponce afirm\u00f3 que la licitaci\u00f3n se adjudicar\u00e1 en los pr\u00f3ximos d\u00edas y tendr\u00e1 una ejecuci\u00f3n de 90 d\u00edas.<\/p>\n<p class=\"v1MsoNormal\" style=\"text-align: justify;\">En los pr\u00f3ximos d\u00edas se adjudicar\u00e1 la auditor\u00eda a la ejecuci\u00f3n e inversi\u00f3n del Gobierno Regional, desarrolladas entre el 1 de enero y el 31 de diciembre del a\u00f1o 2024, as\u00ed lo manifest\u00f3 la consejera regional por la Provincia de Coyhaique, Andrea Ponce Olivares, el cual era uno de sus compromisos de campa\u00f1a.<\/p>\n<p class=\"v1MsoNormal\" style=\"text-align: justify;\">Andrea Ponce afirm\u00f3,\u00a0\u00abLes cuento que en las pr\u00f3ximas semanas se adjudicar\u00e1 la auditor\u00eda que permitir\u00e1 revisar la ejecuci\u00f3n presupuestaria a todas las iniciativas de inversi\u00f3n regional 2024, excluyendo la del 8%. En mi campa\u00f1a como consejera regional promet\u00ed que solicitar\u00eda una auditor\u00eda a la gesti\u00f3n del Gobierno Regional anterior, no obstante, en la administraci\u00f3n del Gobernador Regional Omar Mu\u00f1oz, esto fue aprobado en el Consejo Regional. Por lo tanto, tengo un nuevo compromiso, y es mantener informada a toda la comunidad de los avances de esta auditor\u00eda al a\u00f1o 2024 del Gobierno Regional\u00bb.<\/p>\n<p class=\"v1MsoNormal\" style=\"text-align: justify;\">Tal como mencion\u00f3 Ponce, la auditor\u00eda se solicit\u00f3 bajo la administraci\u00f3n de Omar Mu\u00f1oz, acuerdo N\u00b06820 de fecha 20 de diciembre de 2024 del Consejo Regional de Ays\u00e9n, que aprob\u00f3 por unanimidad \u00abComplementar el acuerdo N\u00b06781\/2024, fijando el alcance u objetivo de la auditor\u00eda externa en el siguiente tenor: Evaluar la ejecuci\u00f3n presupuestaria de todas las iniciativas del programa Inversi\u00f3n Regional, Regi\u00f3n de Ays\u00e9n del General Carlos Ib\u00e1\u00f1ez del Campo, Subt\u00edtulo 24, Transferencias Corrientes (sin considerar el 8% vinculaci\u00f3n con la comunidad), Subt\u00edtulo 29 Adquisici\u00f3n de Activos no Financieros, Subt\u00edtulo 33 Transferencias de Capital y las iniciativas evaluadas seg\u00fan circular 33 del Ministerio de Hacienda, correspondiente al per\u00edodo 1 de enero al 31 de diciembre de 2024, considerando los t\u00e9rminos, requisitos y condiciones definidas en los requerimientos t\u00e9cnicos\u00bb.<\/p>\n<p class=\"v1MsoNormal\" style=\"text-align: justify;\">Sobre los temas que abordar\u00e1 la auditor\u00eda, Ponce detall\u00f3,\u00a0\u00ab\u00bfQu\u00e9 va a tener el informe de la auditor\u00eda a la ejecuci\u00f3n presupuestaria del a\u00f1o 2024? se identificar\u00e1 las desviaciones presupuestarias, tambi\u00e9n las sub ejecuciones o sobre asignaciones; revisar la documentaci\u00f3n y trazabilidad de los gastos, para comprobar que los gastos cuenten con el respaldo necesario y la documentaci\u00f3n, y que sean consistentes, es decir, que los gastos hayan sido bien invertidos y que esas inversiones se ajusten a las leyes vigentes, entre otros\u00bb.<\/p>\n<p class=\"v1MsoNormal\" style=\"text-align: justify;\">Finalmente, la consejera Ponce afirm\u00f3,\u00a0\u00abEl plazo para desarrollar la auditor\u00eda son 90 d\u00edas desde que ya est\u00e9 vigente el contrato. Les estar\u00e9 contando los avances y sobre todo el resultado de tan importante informaci\u00f3n\u00bb.<\/p>\n<p class=\"v1MsoNormal\" style=\"text-align: justify;\">Entre otros temas, la auditor\u00eda formular\u00e1 recomendaciones para la mejora de la gesti\u00f3n presupuestaria, proporcionando sugerencias y medidas correctivas para optimizar la planificaci\u00f3n, ejecuci\u00f3n y control de los recursos del Programa Inversi\u00f3n Regional en futuras ejecuciones presupuestarias.<\/p>\n<\/div><\/section><\/div>\n<div  style='height:50px' class='hr hr-invisible   avia-builder-el-6  el_after_av_one_full  el_before_av_social_share '><span class='hr-inner ' ><span class='hr-inner-style'><\/span><\/span><\/div>\n<div  class='av-social-sharing-box  avia-builder-el-7  el_after_av_hr  el_before_av_hr  '><div class='av-share-box'><h5 class='av-share-link-description av-no-toc '>Compartir esta noticia<\/h5><ul class='av-share-box-list noLightbox'><li class='av-share-link av-social-link-facebook' ><a target=\"_blank\" aria-label=\"Compartir en Facebook\" href='https:\/\/www.facebook.com\/sharer.php?u=https:\/\/radiorevelacionfm.cl\/?p=53592&#038;t=En%20los%20pr%C3%B3ximos%20d%C3%ADas%20comenzar%C3%A1%20la%20auditor%C3%ADa%20al%20Gobierno%20Regional%20por%20su%20ejecuci%C3%B3n%202024' aria-hidden='false' data-av_icon='\ue8f3' data-av_iconfont='entypo-fontello' title='' data-avia-related-tooltip='Compartir en Facebook' rel=\"noopener\"><span class='avia_hidden_link_text'>Compartir en Facebook<\/span><\/a><\/li><li class='av-share-link av-social-link-twitter' ><a target=\"_blank\" aria-label=\"Compartir en Twitter\" href='https:\/\/twitter.com\/share?text=En%20los%20pr%C3%B3ximos%20d%C3%ADas%20comenzar%C3%A1%20la%20auditor%C3%ADa%20al%20Gobierno%20Regional%20por%20su%20ejecuci%C3%B3n%202024&#038;url=https:\/\/radiorevelacionfm.cl\/?p=53592' aria-hidden='false' data-av_icon='\ue8f1' data-av_iconfont='entypo-fontello' title='' data-avia-related-tooltip='Compartir en Twitter' rel=\"noopener\"><span class='avia_hidden_link_text'>Compartir en Twitter<\/span><\/a><\/li><li class='av-share-link av-social-link-whatsapp' ><a target=\"_blank\" aria-label=\"Compartir en Whatsapp\" href='https:\/\/api.whatsapp.com\/send?text=https:\/\/radiorevelacionfm.cl\/?p=53592' aria-hidden='false' data-av_icon='\uf232' data-av_iconfont='entypo-fontello' title='' data-avia-related-tooltip='Compartir en Whatsapp' rel=\"noopener\"><span class='avia_hidden_link_text'>Compartir en Whatsapp<\/span><\/a><\/li><li class='av-share-link av-social-link-linkedin' ><a target=\"_blank\" aria-label=\"Compartir en LinkedIn\" href='https:\/\/linkedin.com\/shareArticle?mini=true&#038;title=En%20los%20pr%C3%B3ximos%20d%C3%ADas%20comenzar%C3%A1%20la%20auditor%C3%ADa%20al%20Gobierno%20Regional%20por%20su%20ejecuci%C3%B3n%202024&#038;url=https:\/\/radiorevelacionfm.cl\/?p=53592' aria-hidden='false' data-av_icon='\ue8fc' data-av_iconfont='entypo-fontello' title='' data-avia-related-tooltip='Compartir en LinkedIn' rel=\"noopener\"><span class='avia_hidden_link_text'>Compartir en LinkedIn<\/span><\/a><\/li><li class='av-share-link av-social-link-mail' ><a  aria-label=\"Compartir por correo\" href='mailto:?subject=En%20los%20pr%C3%B3ximos%20d%C3%ADas%20comenzar%C3%A1%20la%20auditor%C3%ADa%20al%20Gobierno%20Regional%20por%20su%20ejecuci%C3%B3n%202024&#038;body=https:\/\/radiorevelacionfm.cl\/?p=53592' aria-hidden='false' data-av_icon='\ue805' data-av_iconfont='entypo-fontello' title='' data-avia-related-tooltip='Compartir por correo'><span class='avia_hidden_link_text'>Compartir por correo<\/span><\/a><\/li><\/ul><\/div><\/div>\n<div  style='height:50px' class='hr hr-invisible   avia-builder-el-8  el_after_av_social_share  el_before_av_comments_list '><span class='hr-inner ' ><span class='hr-inner-style'><\/span><\/span><\/div>\n<div  class='av-buildercomment  av-blog-meta-html-info-disabled av-blog-meta-tag-disabled  '><\/div>\n","protected":false},"excerpt":{"rendered":"","protected":false},"author":1,"featured_media":9083,"comment_status":"closed","ping_status":"closed","sticky":false,"template":"","format":"standard","meta":{"footnotes":""},"categories":[38],"tags":[],"class_list":["post-53592","post","type-post","status-publish","format-standard","has-post-thumbnail","hentry","category-regional"],"jetpack_featured_media_url":"https:\/\/radiorevelacionfm.cl\/wp-content\/uploads\/2021\/09\/gobierno-regional-1_optimized.jpg","_links":{"self":[{"href":"https:\/\/radiorevelacionfm.cl\/index.php?rest_route=\/wp\/v2\/posts\/53592","targetHints":{"allow":["GET"]}}],"collection":[{"href":"https:\/\/radiorevelacionfm.cl\/index.php?rest_route=\/wp\/v2\/posts"}],"about":[{"href":"https:\/\/radiorevelacionfm.cl\/index.php?rest_route=\/wp\/v2\/types\/post"}],"author":[{"embeddable":true,"href":"https:\/\/radiorevelacionfm.cl\/index.php?rest_route=\/wp\/v2\/users\/1"}],"replies":[{"embeddable":true,"href":"https:\/\/radiorevelacionfm.cl\/index.php?rest_route=%2Fwp%2Fv2%2Fcomments&post=53592"}],"version-history":[{"count":3,"href":"https:\/\/radiorevelacionfm.cl\/index.php?rest_route=\/wp\/v2\/posts\/53592\/revisions"}],"predecessor-version":[{"id":53606,"href":"https:\/\/radiorevelacionfm.cl\/index.php?rest_route=\/wp\/v2\/posts\/53592\/revisions\/53606"}],"wp:featuredmedia":[{"embeddable":true,"href":"https:\/\/radiorevelacionfm.cl\/index.php?rest_route=\/wp\/v2\/media\/9083"}],"wp:attachment":[{"href":"https:\/\/radiorevelacionfm.cl\/index.php?rest_route=%2Fwp%2Fv2%2Fmedia&parent=53592"}],"wp:term":[{"taxonomy":"category","embeddable":true,"href":"https:\/\/radiorevelacionfm.cl\/index.php?rest_route=%2Fwp%2Fv2%2Fcategories&post=53592"},{"taxonomy":"post_tag","embeddable":true,"href":"https:\/\/radiorevelacionfm.cl\/index.php?rest_route=%2Fwp%2Fv2%2Ftags&post=53592"}],"curies":[{"name":"wp","href":"https:\/\/api.w.org\/{rel}","templated":true}]}}