{"id":53589,"date":"2025-05-07T18:04:18","date_gmt":"2025-05-07T21:04:18","guid":{"rendered":"https:\/\/radiorevelacionfm.cl\/?p=53589"},"modified":"2025-05-07T18:04:18","modified_gmt":"2025-05-07T21:04:18","slug":"ex-seremis-de-energia-respaldan-proyecto-de-modernizacion-de-la-ley-de-sistemas-medianos-para-aysen","status":"publish","type":"post","link":"https:\/\/radiorevelacionfm.cl\/?p=53589","title":{"rendered":"Ex seremis de Energ\u00eda respaldan proyecto de modernizaci\u00f3n de la ley de Sistemas Medianos para Ays\u00e9n"},"content":{"rendered":"<div class=\"flex_column av_one_full  flex_column_div av-zero-column-padding first  avia-builder-el-0  el_before_av_one_full  avia-builder-el-first  \" style='border-radius:0px; '><div  class='avia-image-container  av-styling-    avia-builder-el-1  avia-builder-el-no-sibling  avia-align-center '  itemprop=\"image\" itemscope=\"itemscope\" itemtype=\"https:\/\/schema.org\/ImageObject\"  ><div class='avia-image-container-inner'><div class='avia-image-overlay-wrap'><img decoding=\"async\" class='wp-image-53590 avia-img-lazy-loading-not-53590 avia_image' src=\"https:\/\/radiorevelacionfm.cl\/wp-content\/uploads\/2025\/05\/foto-1-79-1_optimized.jpeg\" alt='' title='foto-1-(79)-(1)_optimized' height=\"600\" width=\"800\"  itemprop=\"thumbnailUrl\" srcset=\"https:\/\/radiorevelacionfm.cl\/wp-content\/uploads\/2025\/05\/foto-1-79-1_optimized.jpeg 800w, https:\/\/radiorevelacionfm.cl\/wp-content\/uploads\/2025\/05\/foto-1-79-1_optimized-300x225.jpeg 300w, https:\/\/radiorevelacionfm.cl\/wp-content\/uploads\/2025\/05\/foto-1-79-1_optimized-768x576.jpeg 768w, https:\/\/radiorevelacionfm.cl\/wp-content\/uploads\/2025\/05\/foto-1-79-1_optimized-705x529.jpeg 705w, https:\/\/radiorevelacionfm.cl\/wp-content\/uploads\/2025\/05\/foto-1-79-1_optimized-450x338.jpeg 450w, https:\/\/radiorevelacionfm.cl\/wp-content\/uploads\/2025\/05\/foto-1-79-1_optimized-600x450.jpeg 600w\" sizes=\"(max-width: 800px) 100vw, 800px\" \/><\/div><\/div><\/div><\/div><div class=\"flex_column av_one_full  flex_column_div av-zero-column-padding first  avia-builder-el-2  el_after_av_one_full  el_before_av_one_full  column-top-margin\" style='border-radius:0px; '><section class=\"av_textblock_section \"  itemscope=\"itemscope\" itemtype=\"https:\/\/schema.org\/BlogPosting\" itemprop=\"blogPost\" ><div class='avia_textblock  '   itemprop=\"text\" ><p style=\"text-align: center;\"><span style=\"font-size: 18pt;\"><strong>Ex seremis de Energ\u00eda respaldan proyecto de modernizaci\u00f3n de la ley de Sistemas Medianos para Ays\u00e9n<\/strong><\/span><\/p>\n<div id=\"gtx-trans\" style=\"position: absolute; left: -50px; top: 4.31534px;\">\n<div class=\"gtx-trans-icon\"><\/div>\n<\/div>\n<\/div><\/section><\/div><div class=\"flex_column av_one_full  flex_column_div av-zero-column-padding first  avia-builder-el-4  el_after_av_one_full  el_before_av_hr  column-top-margin\" style='border-radius:0px; '><section class=\"av_textblock_section \"  itemscope=\"itemscope\" itemtype=\"https:\/\/schema.org\/BlogPosting\" itemprop=\"blogPost\" ><div class='avia_textblock  '   itemprop=\"text\" ><p style=\"text-align: justify;\">En un hist\u00f3rico encuentro, las autoridades regionales que han liderado la institucionalidad energ\u00e9tica en Ays\u00e9n desde la creaci\u00f3n de la Seremi de Energ\u00eda el a\u00f1o 2010, se reunieron para reflexionar y respaldar conjuntamente la importancia que tiene para la regi\u00f3n el Proyecto de Ley de Sistemas Medianos (SSMM).<\/p>\n<p style=\"text-align: justify;\">Al respecto el Seremi Tom\u00e1s Laibe destac\u00f3 que \u201cla idea es poder relevar la importancia del proyecto de Ley de Sistemas Medianos, dada la experiencia que ellos y ellas han tenido tambi\u00e9n en los desaf\u00edos del sistema energ\u00e9tico regional. En los problemas que tenemos en t\u00e9rminos en el \u00a0alto costo de la tarifa, la planificaci\u00f3n energ\u00e9tica, la poca participaci\u00f3n que a veces vemos de la ciudadan\u00eda y la matriz energ\u00e9tica. Varios de estos elementos est\u00e1n siendo recogidos por una propuesta que ha hecho el Gobierno el a\u00f1o pasado y que est\u00e1 siendo tramitada y que se va a retomar en la Comisi\u00f3n de Miner\u00eda y Energ\u00eda\u201d.<\/p>\n<p style=\"text-align: justify;\">Por su parte Carlos D\u00edaz, Seremi entre 2022 y 2024, destac\u00f3 que el proyecto nace en Ays\u00e9n como una propuesta regional y propone la inclusi\u00f3n de la regi\u00f3n en el Precio Nudo Promedio (PNP) \u201cAys\u00e9n qued\u00f3 fuera el 2005 de eso (del PNP) y llevamos ya 20 a\u00f1os fuera de ese beneficio donde se hace un promedio de los costos de generaci\u00f3n de todas las regiones y todas distribuidoras y \u00a0lo que queremos es estar dentro de ese promedio, porque se nos ha encarecido much\u00edsimo la componente de generaci\u00f3n de nuestra cuenta, en las casas, en las empresas, etc. Y ya ahora llegamos a tener la tarifa m\u00e1s alta de Chile, y por supuesto como ayseninos a todos los ex seremis no nos gusta eso y por eso estamos apoyando esta modificaci\u00f3n\u201d.<\/p>\n<p style=\"text-align: justify;\">Desde su experiencia, Juan Luis Amen\u00e1bar recalc\u00f3 que \u201cestuve para el gobierno del Presidente Pi\u00f1era dos, del 2018 al 2022, per\u00edodo en el cual no se ustedes recuerdan, se aprob\u00f3 la Pol\u00edtica Energ\u00e9tica Regional por una unanimidad en el Consejo Regional, y eso nos permiti\u00f3 ah\u00ed ya se empez\u00f3 a hablar de las energ\u00edas renovables, de que la regi\u00f3n tiene que ser un ejemplo para autogenerar. Nosotros como regi\u00f3n estamos muy por arriba en las tarifas y eso hace que no tengamos atractivo para la inversi\u00f3n y eso se hace muy relevante\u201d.<\/p>\n<p style=\"text-align: justify;\">Por su parte, Juan Antonio Bijit, seremi entre 2014 y 2018, enfatiz\u00f3 que la reforma facilita nuevas inversiones, se\u00f1alando que \u201ceste Proyecto de Ley es muy importante y por eso estamos aqu\u00ed, creemos que es necesario apoyarlo porque permitir\u00eda un beneficio para la regi\u00f3n. Probablemente, no est\u00e1n todos los aspectos que nos gustar\u00eda que estuviesen, por ejemplo, un tema que vamos a tener que ver a futuro que es como puede el Estado de alguna manera avalar una proyecci\u00f3n de demanda a los ocho a\u00f1os que est\u00e1 considerado dentro de este proyecto, y que esa demanda proyectada pueda ser trabajada tanto a nivel del Gobierno Regional, del Estado y de la comunidad\u201d.<\/p>\n<p style=\"text-align: justify;\">M\u00f3nica Sald\u00edas, primera Seremi de Energ\u00eda de Ays\u00e9n (2010-2014), recalc\u00f3 que \u201cestoy muy contenta de que nos hayan invitado el Seremi a todos nosotros, ya que este es un tema muy transversal para todos los que somos habitantes de la regi\u00f3n de Ays\u00e9n. Impulsar lo que significa esta Ley de los Sistemas Medianos, ya va a venir a incentivar lo que es la incorporaci\u00f3n de las energ\u00edas renovables a nuestra matriz energ\u00e9tica, que desde hace mucho tiempo nosotros estamos esperando que esta sea cada vez m\u00e1s sustentable y m\u00e1s limpia. Ese es el camino y espero que as\u00ed lo apoyen en el Congreso\u201d.<\/p>\n<p style=\"text-align: justify;\">El proyecto, ingresado al Congreso el 30 de enero de 2024, tiene entre sus ejes la inclusi\u00f3n de los Sistemas Medianos en el Precio de Nudo Promedio (PNP), la extensi\u00f3n de los per\u00edodos tarifarios para incentivar la inversi\u00f3n en energ\u00eda y mejorar la planificaci\u00f3n energ\u00e9tica, para un sistema energ\u00e9tico m\u00e1s justo y participativo. Este mi\u00e9rcoles 7 de mayo retom\u00f3 su tramitaci\u00f3n en la Comisi\u00f3n de Miner\u00eda y Energ\u00eda de la C\u00e1mara de Diputados y se espera que se vote en particular en las pr\u00f3ximas semanas.<\/p>\n<\/div><\/section><\/div><div  style='height:50px' class='hr hr-invisible   avia-builder-el-6  el_after_av_one_full  el_before_av_social_share '><span class='hr-inner ' ><span class='hr-inner-style'><\/span><\/span><\/div><\/p>\n<div  class='av-social-sharing-box  avia-builder-el-7  el_after_av_hr  el_before_av_hr  '><div class='av-share-box'><h5 class='av-share-link-description av-no-toc '>Compartir esta noticia<\/h5><ul class='av-share-box-list noLightbox'><li class='av-share-link av-social-link-facebook' ><a target=\"_blank\" aria-label=\"Compartir en Facebook\" href='https:\/\/www.facebook.com\/sharer.php?u=https:\/\/radiorevelacionfm.cl\/?p=53589&#038;t=Ex%20seremis%20de%20Energ%C3%ADa%20respaldan%20proyecto%20de%20modernizaci%C3%B3n%20de%20la%20ley%20de%20Sistemas%20Medianos%20para%20Ays%C3%A9n' aria-hidden='false' data-av_icon='\ue8f3' data-av_iconfont='entypo-fontello' title='' data-avia-related-tooltip='Compartir en Facebook' rel=\"noopener\"><span class='avia_hidden_link_text'>Compartir en Facebook<\/span><\/a><\/li><li class='av-share-link av-social-link-twitter' ><a target=\"_blank\" aria-label=\"Compartir en Twitter\" href='https:\/\/twitter.com\/share?text=Ex%20seremis%20de%20Energ%C3%ADa%20respaldan%20proyecto%20de%20modernizaci%C3%B3n%20de%20la%20ley%20de%20Sistemas%20Medianos%20para%20Ays%C3%A9n&#038;url=https:\/\/radiorevelacionfm.cl\/?p=53589' aria-hidden='false' data-av_icon='\ue8f1' data-av_iconfont='entypo-fontello' title='' data-avia-related-tooltip='Compartir en Twitter' rel=\"noopener\"><span class='avia_hidden_link_text'>Compartir en Twitter<\/span><\/a><\/li><li class='av-share-link av-social-link-whatsapp' ><a target=\"_blank\" aria-label=\"Compartir en Whatsapp\" href='https:\/\/api.whatsapp.com\/send?text=https:\/\/radiorevelacionfm.cl\/?p=53589' aria-hidden='false' data-av_icon='\uf232' data-av_iconfont='entypo-fontello' title='' data-avia-related-tooltip='Compartir en Whatsapp' rel=\"noopener\"><span class='avia_hidden_link_text'>Compartir en Whatsapp<\/span><\/a><\/li><li class='av-share-link av-social-link-linkedin' ><a target=\"_blank\" aria-label=\"Compartir en LinkedIn\" href='https:\/\/linkedin.com\/shareArticle?mini=true&#038;title=Ex%20seremis%20de%20Energ%C3%ADa%20respaldan%20proyecto%20de%20modernizaci%C3%B3n%20de%20la%20ley%20de%20Sistemas%20Medianos%20para%20Ays%C3%A9n&#038;url=https:\/\/radiorevelacionfm.cl\/?p=53589' aria-hidden='false' data-av_icon='\ue8fc' data-av_iconfont='entypo-fontello' title='' data-avia-related-tooltip='Compartir en LinkedIn' rel=\"noopener\"><span class='avia_hidden_link_text'>Compartir en LinkedIn<\/span><\/a><\/li><li class='av-share-link av-social-link-mail' ><a  aria-label=\"Compartir por correo\" href='mailto:?subject=Ex%20seremis%20de%20Energ%C3%ADa%20respaldan%20proyecto%20de%20modernizaci%C3%B3n%20de%20la%20ley%20de%20Sistemas%20Medianos%20para%20Ays%C3%A9n&#038;body=https:\/\/radiorevelacionfm.cl\/?p=53589' aria-hidden='false' data-av_icon='\ue805' data-av_iconfont='entypo-fontello' title='' data-avia-related-tooltip='Compartir por correo'><span class='avia_hidden_link_text'>Compartir por correo<\/span><\/a><\/li><\/ul><\/div><\/div>\n<div  style='height:50px' class='hr hr-invisible   avia-builder-el-8  el_after_av_social_share  el_before_av_comments_list '><span class='hr-inner ' ><span class='hr-inner-style'><\/span><\/span><\/div>\n<div  class='av-buildercomment  av-blog-meta-html-info-disabled av-blog-meta-tag-disabled  '><\/div>\n","protected":false},"excerpt":{"rendered":"","protected":false},"author":1,"featured_media":53590,"comment_status":"closed","ping_status":"closed","sticky":false,"template":"","format":"standard","meta":{"footnotes":""},"categories":[38],"tags":[],"class_list":["post-53589","post","type-post","status-publish","format-standard","has-post-thumbnail","hentry","category-regional"],"jetpack_featured_media_url":"https:\/\/radiorevelacionfm.cl\/wp-content\/uploads\/2025\/05\/foto-1-79-1_optimized.jpeg","_links":{"self":[{"href":"https:\/\/radiorevelacionfm.cl\/index.php?rest_route=\/wp\/v2\/posts\/53589","targetHints":{"allow":["GET"]}}],"collection":[{"href":"https:\/\/radiorevelacionfm.cl\/index.php?rest_route=\/wp\/v2\/posts"}],"about":[{"href":"https:\/\/radiorevelacionfm.cl\/index.php?rest_route=\/wp\/v2\/types\/post"}],"author":[{"embeddable":true,"href":"https:\/\/radiorevelacionfm.cl\/index.php?rest_route=\/wp\/v2\/users\/1"}],"replies":[{"embeddable":true,"href":"https:\/\/radiorevelacionfm.cl\/index.php?rest_route=%2Fwp%2Fv2%2Fcomments&post=53589"}],"version-history":[{"count":2,"href":"https:\/\/radiorevelacionfm.cl\/index.php?rest_route=\/wp\/v2\/posts\/53589\/revisions"}],"predecessor-version":[{"id":53608,"href":"https:\/\/radiorevelacionfm.cl\/index.php?rest_route=\/wp\/v2\/posts\/53589\/revisions\/53608"}],"wp:featuredmedia":[{"embeddable":true,"href":"https:\/\/radiorevelacionfm.cl\/index.php?rest_route=\/wp\/v2\/media\/53590"}],"wp:attachment":[{"href":"https:\/\/radiorevelacionfm.cl\/index.php?rest_route=%2Fwp%2Fv2%2Fmedia&parent=53589"}],"wp:term":[{"taxonomy":"category","embeddable":true,"href":"https:\/\/radiorevelacionfm.cl\/index.php?rest_route=%2Fwp%2Fv2%2Fcategories&post=53589"},{"taxonomy":"post_tag","embeddable":true,"href":"https:\/\/radiorevelacionfm.cl\/index.php?rest_route=%2Fwp%2Fv2%2Ftags&post=53589"}],"curies":[{"name":"wp","href":"https:\/\/api.w.org\/{rel}","templated":true}]}}