{"id":53586,"date":"2025-05-08T10:34:12","date_gmt":"2025-05-08T13:34:12","guid":{"rendered":"https:\/\/radiorevelacionfm.cl\/?p=53586"},"modified":"2025-05-08T10:34:12","modified_gmt":"2025-05-08T13:34:12","slug":"constituyen-mesa-de-mujeres-privadas-de-libertad-embarazadas-y-o-con-hijos-lactantes-en-puerto-aysen","status":"publish","type":"post","link":"https:\/\/radiorevelacionfm.cl\/?p=53586","title":{"rendered":"Constituyen mesa de mujeres privadas de libertad embarazadas y\/o con hijos lactantes en Puerto Ays\u00e9n"},"content":{"rendered":"<div class=\"flex_column av_one_full  flex_column_div av-zero-column-padding first  avia-builder-el-0  el_before_av_one_full  avia-builder-el-first  \" style='border-radius:0px; '><div  class='avia-image-container  av-styling-    avia-builder-el-1  avia-builder-el-no-sibling  avia-align-center '  itemprop=\"image\" itemscope=\"itemscope\" itemtype=\"https:\/\/schema.org\/ImageObject\"  ><div class='avia-image-container-inner'><div class='avia-image-overlay-wrap'><img decoding=\"async\" class='wp-image-53587 avia-img-lazy-loading-not-53587 avia_image' src=\"https:\/\/radiorevelacionfm.cl\/wp-content\/uploads\/2025\/05\/mesa-2-1_optimized.jpg\" alt='' title='mesa-2-(1)_optimized' height=\"600\" width=\"800\"  itemprop=\"thumbnailUrl\" srcset=\"https:\/\/radiorevelacionfm.cl\/wp-content\/uploads\/2025\/05\/mesa-2-1_optimized.jpg 800w, https:\/\/radiorevelacionfm.cl\/wp-content\/uploads\/2025\/05\/mesa-2-1_optimized-300x225.jpg 300w, https:\/\/radiorevelacionfm.cl\/wp-content\/uploads\/2025\/05\/mesa-2-1_optimized-768x576.jpg 768w, https:\/\/radiorevelacionfm.cl\/wp-content\/uploads\/2025\/05\/mesa-2-1_optimized-705x529.jpg 705w, https:\/\/radiorevelacionfm.cl\/wp-content\/uploads\/2025\/05\/mesa-2-1_optimized-450x338.jpg 450w, https:\/\/radiorevelacionfm.cl\/wp-content\/uploads\/2025\/05\/mesa-2-1_optimized-600x450.jpg 600w\" sizes=\"(max-width: 800px) 100vw, 800px\" \/><\/div><\/div><\/div><\/div><div class=\"flex_column av_one_full  flex_column_div av-zero-column-padding first  avia-builder-el-2  el_after_av_one_full  el_before_av_one_full  column-top-margin\" style='border-radius:0px; '><section class=\"av_textblock_section \"  itemscope=\"itemscope\" itemtype=\"https:\/\/schema.org\/BlogPosting\" itemprop=\"blogPost\" ><div class='avia_textblock  '   itemprop=\"text\" ><p style=\"text-align: center;\"><strong><span style=\"font-size: 18pt;\">Constituyen mesa de mujeres privadas de libertad embarazadas y\/o con hijos lactantes en Puerto Ays\u00e9n <\/span><\/strong><\/p>\n<div id=\"gtx-trans\" style=\"position: absolute; left: -50px; top: 4.31534px;\">\n<div class=\"gtx-trans-icon\"><\/div>\n<\/div>\n<\/div><\/section><\/div><div class=\"flex_column av_one_full  flex_column_div av-zero-column-padding first  avia-builder-el-4  el_after_av_one_full  el_before_av_hr  column-top-margin\" style='border-radius:0px; '><section class=\"av_textblock_section \"  itemscope=\"itemscope\" itemtype=\"https:\/\/schema.org\/BlogPosting\" itemprop=\"blogPost\" ><div class='avia_textblock  '   itemprop=\"text\" ><p style=\"text-align: justify;\"><em>El objetivo es desarrollar un trabajo colaborativo con distintos servicios p\u00fablicos para mejorar las condiciones de las mujeres que se encuentran en la secci\u00f3n femenina del Centro de Detenci\u00f3n Preventiva de Puerto Ays\u00e9n.<\/em><\/p>\n<p style=\"text-align: justify;\">Continuando con el trabajo que se desarrolla en Coyhaique, recientemente sesion\u00f3 en la comuna de Ays\u00e9n la Mesa de mujeres privadas de libertad embarazadas y\/o con hijos lactantes liderada por el Seremi de Justicia y Derechos Humanos Samuel Navarro Castro, instancia que tiene como objetivo coordinar acciones con distintos servicios p\u00fablicos enfocadas en mejorar las condiciones de las internas que se encuentran en la secci\u00f3n femenina del Centro de Detenci\u00f3n Preventiva de Puerto Ays\u00e9n.<\/p>\n<p style=\"text-align: justify;\">Respecto a este primer encuentro, el seremi de Justicia y Derechos Humanos Samuel Navarro Castro se\u00f1al\u00f3 que \u201cfue una reuni\u00f3n muy positiva y participativa con una importante concurrencia de actores locales, tanto del hospital de Puerto Ays\u00e9n, como del CESFAM y representantes de la Municipalidad de Ays\u00e9n, en este sentido y a prop\u00f3sito que a partir de este a\u00f1o contamos con una secci\u00f3n femenina en el Centro de Detenci\u00f3n Preventiva de Puerto Ays\u00e9n es que resulta interesante y responsable avanzar en colocar los temas relativos a la salud de las mujeres embarazadas y\/o con hijos lactantes en la comuna de Ays\u00e9n que se encuentran privadas de libertad, pero atendida la disposici\u00f3n y disponibilidad tambi\u00e9n extender todo lo que son las materias de salud a las dem\u00e1s personas que se encuentra recluidas en ese centro penitenciario\u201d.<\/p>\n<p style=\"text-align: justify;\">Por su parte, el Jefe T\u00e9cnico Regional de Gendarmer\u00eda de Chile, Pablo Vargas Torres se\u00f1al\u00f3 \u201cdimos un paso importante con la creaci\u00f3n de la mesa de mujeres privadas de libertad en la comuna de Ays\u00e9n a prop\u00f3sito de la apertura de una nueva secci\u00f3n femenina en el CDP de Puerto Ays\u00e9n, todo este trabajo liderado por nuestro seremi de Justicia Samuel Navarro al cual le agradecemos la posibilidad de tener esta mesa de trabajo y de poder articular con distintos servicios de la red p\u00fablica especialmente del \u00e1rea de salud, Cosam, Cesfam, Hospital de Puerto Ays\u00e9n y tambi\u00e9n con colaboraci\u00f3n del municipio de Ays\u00e9n que nos abre las puertas para poder complementar estas prestaciones en t\u00e9rminos de mejorar las condiciones de habitabilidad , el otorgamiento de prestaciones y todo lo que tiene que ver con reinserci\u00f3n social, por tanto nosotros como Gendarmer\u00eda agradecemos esta primera constituci\u00f3n de la mesa, se ve bastante nutrido con hartos actores p\u00fablicos que sin lugar a dudas van a ser un aporte significativo a todo el trabajo que se pretende hacer en el Centro de Detenci\u00f3n Preventiva de Puerto Ays\u00e9n con estas mujeres en b\u00fasqueda de mejorar sus condiciones y todo ello hacia una justicia mas humana y con perspectiva de g\u00e9nero\u201d.<\/p>\n<p style=\"text-align: justify;\">Finalmente, respecto a los acuerdos alcanzados y al trabajo que se espera concretar, la autoridad regional indic\u00f3 que, reafirmando lo que hemos venido trabajando como gobierno durante este periodo \u201chubo importantes acuerdos y compromisos por parte de los participantes desde esta mesa, vamos a hacer el seguimiento y el cumplimiento de estos acuerdos para garantizar que las prestaciones de salud, los controles preventivos, todo lo que tenga que ver con la situaci\u00f3n de las personas privadas de libertad al interior de este centro penitenciario se efect\u00faen oportunamente y en las mejores condiciones avanzar como lo hemos estado haciendo en el caso de Coyhaique, para la que la unidad de enfermer\u00eda cuente con todas las condiciones para llevar a efecto las prestaciones de salud, que la poblaci\u00f3n penitenciaria tenga sus controles y sus prestaciones al d\u00eda y otras materias que ya tienen que ver con otros aspectos en cuanto a charlas y capacitaciones o talleres que puedan ser prove\u00eddos por esta u otra instancia, nos parece importante fortalecer estas redes, estos contactos sobre todo a nivel local en el caso de Puerto Ays\u00e9n, para poder seguir cumpliendo el objetivo de otorgar las prestaciones en distintos \u00e1mbitos a las personas privadas de libertad, para poder cumplir con la exigencia de tener este control penitenciario y tambi\u00e9n avanzar en todo lo que tiene que ver con la reinserci\u00f3n una vez que cumplan sus condenas\u201d.<\/p>\n<\/div><\/section><\/div><div  style='height:50px' class='hr hr-invisible   avia-builder-el-6  el_after_av_one_full  el_before_av_social_share '><span class='hr-inner ' ><span class='hr-inner-style'><\/span><\/span><\/div><\/p>\n<div  class='av-social-sharing-box  avia-builder-el-7  el_after_av_hr  el_before_av_hr  '><div class='av-share-box'><h5 class='av-share-link-description av-no-toc '>Compartir esta noticia<\/h5><ul class='av-share-box-list noLightbox'><li class='av-share-link av-social-link-facebook' ><a target=\"_blank\" aria-label=\"Compartir en Facebook\" href='https:\/\/www.facebook.com\/sharer.php?u=https:\/\/radiorevelacionfm.cl\/?p=53586&#038;t=Constituyen%20mesa%20de%20mujeres%20privadas%20de%20libertad%20embarazadas%20y%2Fo%20con%20hijos%20lactantes%20en%20Puerto%20Ays%C3%A9n' aria-hidden='false' data-av_icon='\ue8f3' data-av_iconfont='entypo-fontello' title='' data-avia-related-tooltip='Compartir en Facebook' rel=\"noopener\"><span class='avia_hidden_link_text'>Compartir en Facebook<\/span><\/a><\/li><li class='av-share-link av-social-link-twitter' ><a target=\"_blank\" aria-label=\"Compartir en Twitter\" href='https:\/\/twitter.com\/share?text=Constituyen%20mesa%20de%20mujeres%20privadas%20de%20libertad%20embarazadas%20y%2Fo%20con%20hijos%20lactantes%20en%20Puerto%20Ays%C3%A9n&#038;url=https:\/\/radiorevelacionfm.cl\/?p=53586' aria-hidden='false' data-av_icon='\ue8f1' data-av_iconfont='entypo-fontello' title='' data-avia-related-tooltip='Compartir en Twitter' rel=\"noopener\"><span class='avia_hidden_link_text'>Compartir en Twitter<\/span><\/a><\/li><li class='av-share-link av-social-link-whatsapp' ><a target=\"_blank\" aria-label=\"Compartir en Whatsapp\" href='https:\/\/api.whatsapp.com\/send?text=https:\/\/radiorevelacionfm.cl\/?p=53586' aria-hidden='false' data-av_icon='\uf232' data-av_iconfont='entypo-fontello' title='' data-avia-related-tooltip='Compartir en Whatsapp' rel=\"noopener\"><span class='avia_hidden_link_text'>Compartir en Whatsapp<\/span><\/a><\/li><li class='av-share-link av-social-link-linkedin' ><a target=\"_blank\" aria-label=\"Compartir en LinkedIn\" href='https:\/\/linkedin.com\/shareArticle?mini=true&#038;title=Constituyen%20mesa%20de%20mujeres%20privadas%20de%20libertad%20embarazadas%20y%2Fo%20con%20hijos%20lactantes%20en%20Puerto%20Ays%C3%A9n&#038;url=https:\/\/radiorevelacionfm.cl\/?p=53586' aria-hidden='false' data-av_icon='\ue8fc' data-av_iconfont='entypo-fontello' title='' data-avia-related-tooltip='Compartir en LinkedIn' rel=\"noopener\"><span class='avia_hidden_link_text'>Compartir en LinkedIn<\/span><\/a><\/li><li class='av-share-link av-social-link-mail' ><a  aria-label=\"Compartir por correo\" href='mailto:?subject=Constituyen%20mesa%20de%20mujeres%20privadas%20de%20libertad%20embarazadas%20y%2Fo%20con%20hijos%20lactantes%20en%20Puerto%20Ays%C3%A9n&#038;body=https:\/\/radiorevelacionfm.cl\/?p=53586' aria-hidden='false' data-av_icon='\ue805' data-av_iconfont='entypo-fontello' title='' data-avia-related-tooltip='Compartir por correo'><span class='avia_hidden_link_text'>Compartir por correo<\/span><\/a><\/li><\/ul><\/div><\/div>\n<div  style='height:50px' class='hr hr-invisible   avia-builder-el-8  el_after_av_social_share  el_before_av_comments_list '><span class='hr-inner ' ><span class='hr-inner-style'><\/span><\/span><\/div>\n<div  class='av-buildercomment  av-blog-meta-html-info-disabled av-blog-meta-tag-disabled  '><\/div>\n","protected":false},"excerpt":{"rendered":"","protected":false},"author":1,"featured_media":53587,"comment_status":"closed","ping_status":"closed","sticky":false,"template":"","format":"standard","meta":{"footnotes":""},"categories":[55],"tags":[],"class_list":["post-53586","post","type-post","status-publish","format-standard","has-post-thumbnail","hentry","category-justicia"],"jetpack_featured_media_url":"https:\/\/radiorevelacionfm.cl\/wp-content\/uploads\/2025\/05\/mesa-2-1_optimized.jpg","_links":{"self":[{"href":"https:\/\/radiorevelacionfm.cl\/index.php?rest_route=\/wp\/v2\/posts\/53586","targetHints":{"allow":["GET"]}}],"collection":[{"href":"https:\/\/radiorevelacionfm.cl\/index.php?rest_route=\/wp\/v2\/posts"}],"about":[{"href":"https:\/\/radiorevelacionfm.cl\/index.php?rest_route=\/wp\/v2\/types\/post"}],"author":[{"embeddable":true,"href":"https:\/\/radiorevelacionfm.cl\/index.php?rest_route=\/wp\/v2\/users\/1"}],"replies":[{"embeddable":true,"href":"https:\/\/radiorevelacionfm.cl\/index.php?rest_route=%2Fwp%2Fv2%2Fcomments&post=53586"}],"version-history":[{"count":2,"href":"https:\/\/radiorevelacionfm.cl\/index.php?rest_route=\/wp\/v2\/posts\/53586\/revisions"}],"predecessor-version":[{"id":53618,"href":"https:\/\/radiorevelacionfm.cl\/index.php?rest_route=\/wp\/v2\/posts\/53586\/revisions\/53618"}],"wp:featuredmedia":[{"embeddable":true,"href":"https:\/\/radiorevelacionfm.cl\/index.php?rest_route=\/wp\/v2\/media\/53587"}],"wp:attachment":[{"href":"https:\/\/radiorevelacionfm.cl\/index.php?rest_route=%2Fwp%2Fv2%2Fmedia&parent=53586"}],"wp:term":[{"taxonomy":"category","embeddable":true,"href":"https:\/\/radiorevelacionfm.cl\/index.php?rest_route=%2Fwp%2Fv2%2Fcategories&post=53586"},{"taxonomy":"post_tag","embeddable":true,"href":"https:\/\/radiorevelacionfm.cl\/index.php?rest_route=%2Fwp%2Fv2%2Ftags&post=53586"}],"curies":[{"name":"wp","href":"https:\/\/api.w.org\/{rel}","templated":true}]}}