{"id":53582,"date":"2025-05-07T15:08:51","date_gmt":"2025-05-07T18:08:51","guid":{"rendered":"https:\/\/radiorevelacionfm.cl\/?p=53582"},"modified":"2025-05-07T15:08:51","modified_gmt":"2025-05-07T18:08:51","slug":"culturas-aysen-y-escuela-de-lago-atravesado-lanzan-semana-de-la-educacion-artistica-2025","status":"publish","type":"post","link":"https:\/\/radiorevelacionfm.cl\/?p=53582","title":{"rendered":"Culturas Ays\u00e9n y Escuela de Lago Atravesado lanzan Semana de la Educaci\u00f3n Art\u00edstica 2025"},"content":{"rendered":"<div class=\"flex_column av_one_full  flex_column_div av-zero-column-padding first  avia-builder-el-0  el_before_av_one_full  avia-builder-el-first  \" style='border-radius:0px; '><div  class='avia-image-container  av-styling-    avia-builder-el-1  avia-builder-el-no-sibling  avia-align-center '  itemprop=\"image\" itemscope=\"itemscope\" itemtype=\"https:\/\/schema.org\/ImageObject\"  ><div class='avia-image-container-inner'><div class='avia-image-overlay-wrap'><img decoding=\"async\" class='wp-image-53583 avia-img-lazy-loading-not-53583 avia_image' src=\"https:\/\/radiorevelacionfm.cl\/wp-content\/uploads\/2025\/05\/SEA-20253-1-1.jpg\" alt='' title='SEA 20253 (1) (1)' height=\"600\" width=\"899\"  itemprop=\"thumbnailUrl\" srcset=\"https:\/\/radiorevelacionfm.cl\/wp-content\/uploads\/2025\/05\/SEA-20253-1-1.jpg 899w, https:\/\/radiorevelacionfm.cl\/wp-content\/uploads\/2025\/05\/SEA-20253-1-1-300x200.jpg 300w, https:\/\/radiorevelacionfm.cl\/wp-content\/uploads\/2025\/05\/SEA-20253-1-1-768x513.jpg 768w, https:\/\/radiorevelacionfm.cl\/wp-content\/uploads\/2025\/05\/SEA-20253-1-1-705x471.jpg 705w, https:\/\/radiorevelacionfm.cl\/wp-content\/uploads\/2025\/05\/SEA-20253-1-1-450x300.jpg 450w, https:\/\/radiorevelacionfm.cl\/wp-content\/uploads\/2025\/05\/SEA-20253-1-1-600x400.jpg 600w\" sizes=\"(max-width: 899px) 100vw, 899px\" \/><\/div><\/div><\/div><\/div><div class=\"flex_column av_one_full  flex_column_div av-zero-column-padding first  avia-builder-el-2  el_after_av_one_full  el_before_av_one_full  column-top-margin\" style='border-radius:0px; '><section class=\"av_textblock_section \"  itemscope=\"itemscope\" itemtype=\"https:\/\/schema.org\/BlogPosting\" itemprop=\"blogPost\" ><div class='avia_textblock  '   itemprop=\"text\" ><p style=\"text-align: center;\"><span style=\"font-size: 18pt;\"><b>Culturas Ays\u00e9n y Escuela de Lago Atravesado lanzan Semana de la Educaci\u00f3n Art\u00edstica 2025<\/b><\/span><\/p>\n<div id=\"gtx-trans\" style=\"position: absolute; left: -50px; top: 4.31534px;\">\n<div class=\"gtx-trans-icon\"><\/div>\n<\/div>\n<\/div><\/section><\/div><div class=\"flex_column av_one_full  flex_column_div av-zero-column-padding first  avia-builder-el-4  el_after_av_one_full  el_before_av_hr  column-top-margin\" style='border-radius:0px; '><section class=\"av_textblock_section \"  itemscope=\"itemscope\" itemtype=\"https:\/\/schema.org\/BlogPosting\" itemprop=\"blogPost\" ><div class='avia_textblock  '   itemprop=\"text\" ><p style=\"text-align: justify;\">Con Gabriela Mistral en el centro de las celebraciones, la Seremi de Culturas Ays\u00e9n y el Bibliob\u00fas del Servicio Regional del Patrimonio Cultural comenzaron su recorrido previo a la Semana de la Educaci\u00f3n Art\u00edstica que comienza este lunes 12 de mayo en todo el pa\u00eds.<\/p>\n<p style=\"text-align: justify;\">El tradicional Bibliob\u00fas que recorre las 10 comunas de Ays\u00e9n, cargando 3.000 vol\u00famenes, fomentando la lectura y renovando los t\u00edtulos de las localidades, lleg\u00f3 hasta la Escuela de Lago Atravesado para recoger los primeros recados que ser\u00e1n llevados a la Escuela Patagonia de Coyhaique para dar forma a una cadena denominada Territorio de Recados, en la que ni\u00f1os y ni\u00f1as podr\u00e1n expresar sus mensajes, deseos y sue\u00f1os a sus pares de 9 escuelas rurales de Coyhaique.<\/p>\n<p style=\"text-align: justify;\">El seremi de Culturas Ays\u00e9n Felipe Quiroz, destac\u00f3 la importancia de llevar estas experiencias a los lugares m\u00e1s apartados del territorio: \u00abDesde el Ministerio de las Culturas, las Artes y el Patrimonio, como cada a\u00f1o nos sumamos a las celebraciones de la Semana de la Educaci\u00f3n Art\u00edstica que promueve la Unesco desde 2013, y lo hacemos en torno a la obra y la memoria de Gabriela Mistral a las puertas de que se cumplan 80 a\u00f1os de su obtenci\u00f3n del Premio Nobel de Literatura. Por lo tanto, los recados que estamos recogiendo en localidades rurales son tambi\u00e9n un homenaje a la incansable labor de una mujer que adem\u00e1s de poeta fue un alma rural y educadora de cientos de ni\u00f1os y ni\u00f1as como los que hoy inician este Territorio de Recados en Lago Atravesado\u00bb.<\/p>\n<p style=\"text-align: justify;\">Para el profesor y director de la Escuela de Lago Atravesado, Gonzalo Mix, \u00aben esta regi\u00f3n m\u00e1s del 50% de las escuelas son rurales, por ende, la impronta rural es muy importante. Creemos que los espacios rurales son espacios bien particulares y que de alguna manera demuestran el alma del territorio en el cual se est\u00e1 viviendo. Esta instancia que permite la comunicaci\u00f3n entre estudiantes llevando buenos deseos a otros territorios a trav\u00e9s de un mensaje, nos parece una actividad muy bonita que adem\u00e1s nos comunica. Finalmente, estamos llevando el legado de Gabriela Mistral que es esta importancia de la educaci\u00f3n de los ni\u00f1os que est\u00e1n m\u00e1s alejados del territorio urbano; estamos llevando ese sue\u00f1o de una educaci\u00f3n centrada en el territorio, en los ni\u00f1os\u00bb.<\/p>\n<p style=\"text-align: justify;\">Las y los estudiantes no solamente intercambiar\u00e1n mensajes. Tambi\u00e9n visitar\u00e1n otras escuelas rurales para dialogar en torno a la creaci\u00f3n, la poes\u00eda, y la tierra, tras la circulaci\u00f3n de los recados que expresan diversos lenguajes art\u00edsticos. Todo culmina el viernes 16 de mayo con una jornada abierta en la Plaza Pentagonal de Coyhaique con una gran instalaci\u00f3n de recados de decenas de ni\u00f1os y ni\u00f1as de los campos de Coyhaique.<\/p>\n<p style=\"text-align: justify;\">Conoce todas las actividades de la SEA 2025 en\u00a0<a href=\"https:\/\/semanaeducacionartistica.cultura.gob.cl\/\">https:\/\/semanaeducacionartistica.cultura.gob.cl\/<\/a><\/p>\n<\/div><\/section><\/div><div  style='height:50px' class='hr hr-invisible   avia-builder-el-6  el_after_av_one_full  el_before_av_social_share '><span class='hr-inner ' ><span class='hr-inner-style'><\/span><\/span><\/div><\/p>\n<div  class='av-social-sharing-box  avia-builder-el-7  el_after_av_hr  el_before_av_hr  '><div class='av-share-box'><h5 class='av-share-link-description av-no-toc '>Compartir esta noticia<\/h5><ul class='av-share-box-list noLightbox'><li class='av-share-link av-social-link-facebook' ><a target=\"_blank\" aria-label=\"Compartir en Facebook\" href='https:\/\/www.facebook.com\/sharer.php?u=https:\/\/radiorevelacionfm.cl\/?p=53582&#038;t=Culturas%20Ays%C3%A9n%20y%20Escuela%20de%20Lago%20Atravesado%20lanzan%20Semana%20de%20la%20Educaci%C3%B3n%20Art%C3%ADstica%202025' aria-hidden='false' data-av_icon='\ue8f3' data-av_iconfont='entypo-fontello' title='' data-avia-related-tooltip='Compartir en Facebook' rel=\"noopener\"><span class='avia_hidden_link_text'>Compartir en Facebook<\/span><\/a><\/li><li class='av-share-link av-social-link-twitter' ><a target=\"_blank\" aria-label=\"Compartir en Twitter\" href='https:\/\/twitter.com\/share?text=Culturas%20Ays%C3%A9n%20y%20Escuela%20de%20Lago%20Atravesado%20lanzan%20Semana%20de%20la%20Educaci%C3%B3n%20Art%C3%ADstica%202025&#038;url=https:\/\/radiorevelacionfm.cl\/?p=53582' aria-hidden='false' data-av_icon='\ue8f1' data-av_iconfont='entypo-fontello' title='' data-avia-related-tooltip='Compartir en Twitter' rel=\"noopener\"><span class='avia_hidden_link_text'>Compartir en Twitter<\/span><\/a><\/li><li class='av-share-link av-social-link-whatsapp' ><a target=\"_blank\" aria-label=\"Compartir en Whatsapp\" href='https:\/\/api.whatsapp.com\/send?text=https:\/\/radiorevelacionfm.cl\/?p=53582' aria-hidden='false' data-av_icon='\uf232' data-av_iconfont='entypo-fontello' title='' data-avia-related-tooltip='Compartir en Whatsapp' rel=\"noopener\"><span class='avia_hidden_link_text'>Compartir en Whatsapp<\/span><\/a><\/li><li class='av-share-link av-social-link-linkedin' ><a target=\"_blank\" aria-label=\"Compartir en LinkedIn\" href='https:\/\/linkedin.com\/shareArticle?mini=true&#038;title=Culturas%20Ays%C3%A9n%20y%20Escuela%20de%20Lago%20Atravesado%20lanzan%20Semana%20de%20la%20Educaci%C3%B3n%20Art%C3%ADstica%202025&#038;url=https:\/\/radiorevelacionfm.cl\/?p=53582' aria-hidden='false' data-av_icon='\ue8fc' data-av_iconfont='entypo-fontello' title='' data-avia-related-tooltip='Compartir en LinkedIn' rel=\"noopener\"><span class='avia_hidden_link_text'>Compartir en LinkedIn<\/span><\/a><\/li><li class='av-share-link av-social-link-mail' ><a  aria-label=\"Compartir por correo\" href='mailto:?subject=Culturas%20Ays%C3%A9n%20y%20Escuela%20de%20Lago%20Atravesado%20lanzan%20Semana%20de%20la%20Educaci%C3%B3n%20Art%C3%ADstica%202025&#038;body=https:\/\/radiorevelacionfm.cl\/?p=53582' aria-hidden='false' data-av_icon='\ue805' data-av_iconfont='entypo-fontello' title='' data-avia-related-tooltip='Compartir por correo'><span class='avia_hidden_link_text'>Compartir por correo<\/span><\/a><\/li><\/ul><\/div><\/div>\n<div  style='height:50px' class='hr hr-invisible   avia-builder-el-8  el_after_av_social_share  el_before_av_comments_list '><span class='hr-inner ' ><span class='hr-inner-style'><\/span><\/span><\/div>\n<div  class='av-buildercomment  av-blog-meta-html-info-disabled av-blog-meta-tag-disabled  '><\/div>\n","protected":false},"excerpt":{"rendered":"","protected":false},"author":1,"featured_media":53583,"comment_status":"closed","ping_status":"closed","sticky":false,"template":"","format":"standard","meta":{"footnotes":""},"categories":[52],"tags":[],"class_list":["post-53582","post","type-post","status-publish","format-standard","has-post-thumbnail","hentry","category-cultura"],"jetpack_featured_media_url":"https:\/\/radiorevelacionfm.cl\/wp-content\/uploads\/2025\/05\/SEA-20253-1-1.jpg","_links":{"self":[{"href":"https:\/\/radiorevelacionfm.cl\/index.php?rest_route=\/wp\/v2\/posts\/53582","targetHints":{"allow":["GET"]}}],"collection":[{"href":"https:\/\/radiorevelacionfm.cl\/index.php?rest_route=\/wp\/v2\/posts"}],"about":[{"href":"https:\/\/radiorevelacionfm.cl\/index.php?rest_route=\/wp\/v2\/types\/post"}],"author":[{"embeddable":true,"href":"https:\/\/radiorevelacionfm.cl\/index.php?rest_route=\/wp\/v2\/users\/1"}],"replies":[{"embeddable":true,"href":"https:\/\/radiorevelacionfm.cl\/index.php?rest_route=%2Fwp%2Fv2%2Fcomments&post=53582"}],"version-history":[{"count":2,"href":"https:\/\/radiorevelacionfm.cl\/index.php?rest_route=\/wp\/v2\/posts\/53582\/revisions"}],"predecessor-version":[{"id":53585,"href":"https:\/\/radiorevelacionfm.cl\/index.php?rest_route=\/wp\/v2\/posts\/53582\/revisions\/53585"}],"wp:featuredmedia":[{"embeddable":true,"href":"https:\/\/radiorevelacionfm.cl\/index.php?rest_route=\/wp\/v2\/media\/53583"}],"wp:attachment":[{"href":"https:\/\/radiorevelacionfm.cl\/index.php?rest_route=%2Fwp%2Fv2%2Fmedia&parent=53582"}],"wp:term":[{"taxonomy":"category","embeddable":true,"href":"https:\/\/radiorevelacionfm.cl\/index.php?rest_route=%2Fwp%2Fv2%2Fcategories&post=53582"},{"taxonomy":"post_tag","embeddable":true,"href":"https:\/\/radiorevelacionfm.cl\/index.php?rest_route=%2Fwp%2Fv2%2Ftags&post=53582"}],"curies":[{"name":"wp","href":"https:\/\/api.w.org\/{rel}","templated":true}]}}