{"id":53574,"date":"2025-05-07T11:02:18","date_gmt":"2025-05-07T14:02:18","guid":{"rendered":"https:\/\/radiorevelacionfm.cl\/?p=53574"},"modified":"2025-05-07T11:02:18","modified_gmt":"2025-05-07T14:02:18","slug":"lanzan-oficialmente-programa-expreso-conecta-mayor-en-comuna-aysenina","status":"publish","type":"post","link":"https:\/\/radiorevelacionfm.cl\/?p=53574","title":{"rendered":"Lanzan oficialmente programa Expreso Conecta Mayor en comuna aysenina"},"content":{"rendered":"<div class=\"flex_column av_one_full  flex_column_div av-zero-column-padding first  avia-builder-el-0  el_before_av_one_full  avia-builder-el-first  \" style='border-radius:0px; '><div  class='avia-image-container  av-styling-    avia-builder-el-1  avia-builder-el-no-sibling  avia-align-center '  itemprop=\"image\" itemscope=\"itemscope\" itemtype=\"https:\/\/schema.org\/ImageObject\"  ><div class='avia-image-container-inner'><div class='avia-image-overlay-wrap'><img decoding=\"async\" class='wp-image-53575 avia-img-lazy-loading-not-53575 avia_image' src=\"https:\/\/radiorevelacionfm.cl\/wp-content\/uploads\/2025\/05\/Imagen-de-WhatsApp-2025-05-07-a-las-10.26.31_f5b99f63-1-1.jpg\" alt='' title='Imagen de WhatsApp 2025-05-07 a las 10.26.31_f5b99f63 (1) (1)' height=\"600\" width=\"800\"  itemprop=\"thumbnailUrl\" srcset=\"https:\/\/radiorevelacionfm.cl\/wp-content\/uploads\/2025\/05\/Imagen-de-WhatsApp-2025-05-07-a-las-10.26.31_f5b99f63-1-1.jpg 800w, https:\/\/radiorevelacionfm.cl\/wp-content\/uploads\/2025\/05\/Imagen-de-WhatsApp-2025-05-07-a-las-10.26.31_f5b99f63-1-1-300x225.jpg 300w, https:\/\/radiorevelacionfm.cl\/wp-content\/uploads\/2025\/05\/Imagen-de-WhatsApp-2025-05-07-a-las-10.26.31_f5b99f63-1-1-768x576.jpg 768w, https:\/\/radiorevelacionfm.cl\/wp-content\/uploads\/2025\/05\/Imagen-de-WhatsApp-2025-05-07-a-las-10.26.31_f5b99f63-1-1-705x529.jpg 705w, https:\/\/radiorevelacionfm.cl\/wp-content\/uploads\/2025\/05\/Imagen-de-WhatsApp-2025-05-07-a-las-10.26.31_f5b99f63-1-1-450x338.jpg 450w, https:\/\/radiorevelacionfm.cl\/wp-content\/uploads\/2025\/05\/Imagen-de-WhatsApp-2025-05-07-a-las-10.26.31_f5b99f63-1-1-600x450.jpg 600w\" sizes=\"(max-width: 800px) 100vw, 800px\" \/><\/div><\/div><\/div><\/div><div class=\"flex_column av_one_full  flex_column_div av-zero-column-padding first  avia-builder-el-2  el_after_av_one_full  el_before_av_one_full  column-top-margin\" style='border-radius:0px; '><section class=\"av_textblock_section \"  itemscope=\"itemscope\" itemtype=\"https:\/\/schema.org\/BlogPosting\" itemprop=\"blogPost\" ><div class='avia_textblock  '   itemprop=\"text\" ><p style=\"text-align: center;\"><strong><span style=\"font-size: 18pt;\">Lanzan oficialmente programa Expreso Conecta Mayor en comuna aysenina<\/span><\/strong><\/p>\n<div id=\"gtx-trans\" style=\"position: absolute; left: -50px; top: 4.31534px;\">\n<div class=\"gtx-trans-icon\"><\/div>\n<\/div>\n<\/div><\/section><\/div><div class=\"flex_column av_one_full  flex_column_div av-zero-column-padding first  avia-builder-el-4  el_after_av_one_full  el_before_av_hr  column-top-margin\" style='border-radius:0px; '><section class=\"av_textblock_section \"  itemscope=\"itemscope\" itemtype=\"https:\/\/schema.org\/BlogPosting\" itemprop=\"blogPost\" ><div class='avia_textblock  '   itemprop=\"text\" ><p style=\"text-align: justify;\"><em>Con la presencia de adultos mayores de diversos puntos de la comuna, se realiz\u00f3 el hito inicial de esta iniciativa, que busca apoyar el traslado de los adultos mayores de forma totalmente gratuita durante todo un a\u00f1o.<\/em><\/p>\n<p style=\"text-align: justify;\">En su tercera edici\u00f3n, este martes se llev\u00f3 a cabo la ceremonia de inicio del programa Expreso Conecta Mayor, un servicio de transporte municipal gratuito, impulsado por la Oficina del Adulto Mayor de la Municipalidad de Ays\u00e9n, y que facilita el traslado de personas mayores a diferentes puntos de la comuna.<\/p>\n<p style=\"text-align: justify;\">Este hito formal, que se llev\u00f3 a cabo en la sede la Uni\u00f3n Comunal de Adultos Mayores, UCAM Trapananda, cont\u00f3 con la presencia de personas mayores, quienes arribaron desde diversos puntos de la comuna para ser parte del puntapi\u00e9 inicial de esta iniciativa, la cual durante sus tres a\u00f1os de vida ha demostrado ser exitosa, y que a la fecha ha beneficiado a m\u00e1s de dos mil personas.<\/p>\n<p style=\"text-align: justify;\">De esta manera, el Expreso Conecta Mayor busca facilitar el acceso de los adultos mayores a redes de apoyo local e intercomunal, como centros de salud, actividades culturales y recreativas, a trav\u00e9s de la cobertura en cuanto a las necesidades de transporte de los adultos mayores de la comuna.<\/p>\n<p style=\"text-align: justify;\">As\u00ed lo manifest\u00f3 la presidenta de la UCAM Trapananda, Rosa Navarro, quien se mostr\u00f3 satisfecha con la puesta en marcha de esta iniciativa, indicando que en particular este proyecto \u201cha sido un ejemplo a nivel regional e, incluso, a nivel nacional. Que una empresa nacional haya postulado y se muestre interesada en venir hasta ac\u00e1, es porque la pega se est\u00e1 haciendo bien. Damos las gracias por los dos meses m\u00e1s que nos permitieron el alcalde y los concejales, y que hoy d\u00eda cubrir\u00e1 tambi\u00e9n el periodo estival, as\u00ed que lentamente caminamos hacia un puerto m\u00e1s seguro\u201d.<\/p>\n<p style=\"text-align: justify;\">Por su parte, el coordinador de la Oficina del Adulto Mayor y Discapacidad, Pablo Arredondo, relev\u00f3 la ejecuci\u00f3n de este programa, se\u00f1alando que \u201cme atrever\u00eda a decir que es uno de los m\u00e1s funcionales que tenemos hoy en d\u00eda en nuestro municipio, porque abarca a la poblaci\u00f3n m\u00e1s vulnerable de nuestra comuna, como son nuestras personas mayores y, adem\u00e1s, porque da cuenta del compromiso que tienen esas personas mayores con este proceso, y lo valioso que es para ellos contar con este beneficio\u201d.<\/p>\n<p style=\"text-align: justify;\">Finalmente, la alcaldesa (S), Felisa Ojeda, dio cuenta de la importancia del Expreso Conecta mayor, m\u00e1s a\u00fan, cuando por primera vez en sus tres a\u00f1os se incorpora enero y febrero, permitiendo la continuidad durante el verano. \u201cUna de las primeras medidas que tom\u00f3 el alcalde Mart\u00ednez, dentro de su gesti\u00f3n fue doblar el presupuesto relacionado con este programa, que permite recorridos dentro de la comuna y, adem\u00e1s, viajar hasta Coyhaique. La inscripci\u00f3n para su utilizaci\u00f3n puede realizarse a trav\u00e9s de la oficina del Adulto Mayor, y tambi\u00e9n en la UCAM. No hay requisito previo, est\u00e1 abierto a todos los adultos mayores, no s\u00f3lo a quienes est\u00e9n organizados, por lo tanto, la invitaci\u00f3n es a todas nuestras personas mayores\u201d, concluy\u00f3.<\/p>\n<\/div><\/section><\/div><div  style='height:50px' class='hr hr-invisible   avia-builder-el-6  el_after_av_one_full  el_before_av_social_share '><span class='hr-inner ' ><span class='hr-inner-style'><\/span><\/span><\/div><\/p>\n<div  class='av-social-sharing-box  avia-builder-el-7  el_after_av_hr  el_before_av_hr  '><div class='av-share-box'><h5 class='av-share-link-description av-no-toc '>Compartir esta noticia<\/h5><ul class='av-share-box-list noLightbox'><li class='av-share-link av-social-link-facebook' ><a target=\"_blank\" aria-label=\"Compartir en Facebook\" href='https:\/\/www.facebook.com\/sharer.php?u=https:\/\/radiorevelacionfm.cl\/?p=53574&#038;t=Lanzan%20oficialmente%20programa%20Expreso%20Conecta%20Mayor%20en%20comuna%20aysenina' aria-hidden='false' data-av_icon='\ue8f3' data-av_iconfont='entypo-fontello' title='' data-avia-related-tooltip='Compartir en Facebook' rel=\"noopener\"><span class='avia_hidden_link_text'>Compartir en Facebook<\/span><\/a><\/li><li class='av-share-link av-social-link-twitter' ><a target=\"_blank\" aria-label=\"Compartir en Twitter\" href='https:\/\/twitter.com\/share?text=Lanzan%20oficialmente%20programa%20Expreso%20Conecta%20Mayor%20en%20comuna%20aysenina&#038;url=https:\/\/radiorevelacionfm.cl\/?p=53574' aria-hidden='false' data-av_icon='\ue8f1' data-av_iconfont='entypo-fontello' title='' data-avia-related-tooltip='Compartir en Twitter' rel=\"noopener\"><span class='avia_hidden_link_text'>Compartir en Twitter<\/span><\/a><\/li><li class='av-share-link av-social-link-whatsapp' ><a target=\"_blank\" aria-label=\"Compartir en Whatsapp\" href='https:\/\/api.whatsapp.com\/send?text=https:\/\/radiorevelacionfm.cl\/?p=53574' aria-hidden='false' data-av_icon='\uf232' data-av_iconfont='entypo-fontello' title='' data-avia-related-tooltip='Compartir en Whatsapp' rel=\"noopener\"><span class='avia_hidden_link_text'>Compartir en Whatsapp<\/span><\/a><\/li><li class='av-share-link av-social-link-linkedin' ><a target=\"_blank\" aria-label=\"Compartir en LinkedIn\" href='https:\/\/linkedin.com\/shareArticle?mini=true&#038;title=Lanzan%20oficialmente%20programa%20Expreso%20Conecta%20Mayor%20en%20comuna%20aysenina&#038;url=https:\/\/radiorevelacionfm.cl\/?p=53574' aria-hidden='false' data-av_icon='\ue8fc' data-av_iconfont='entypo-fontello' title='' data-avia-related-tooltip='Compartir en LinkedIn' rel=\"noopener\"><span class='avia_hidden_link_text'>Compartir en LinkedIn<\/span><\/a><\/li><li class='av-share-link av-social-link-mail' ><a  aria-label=\"Compartir por correo\" href='mailto:?subject=Lanzan%20oficialmente%20programa%20Expreso%20Conecta%20Mayor%20en%20comuna%20aysenina&#038;body=https:\/\/radiorevelacionfm.cl\/?p=53574' aria-hidden='false' data-av_icon='\ue805' data-av_iconfont='entypo-fontello' title='' data-avia-related-tooltip='Compartir por correo'><span class='avia_hidden_link_text'>Compartir por correo<\/span><\/a><\/li><\/ul><\/div><\/div>\n<div  style='height:50px' class='hr hr-invisible   avia-builder-el-8  el_after_av_social_share  el_before_av_comments_list '><span class='hr-inner ' ><span class='hr-inner-style'><\/span><\/span><\/div>\n<div  class='av-buildercomment  av-blog-meta-html-info-disabled av-blog-meta-tag-disabled  '><\/div>\n","protected":false},"excerpt":{"rendered":"","protected":false},"author":1,"featured_media":53575,"comment_status":"closed","ping_status":"closed","sticky":false,"template":"","format":"standard","meta":{"footnotes":""},"categories":[38],"tags":[],"class_list":["post-53574","post","type-post","status-publish","format-standard","has-post-thumbnail","hentry","category-regional"],"jetpack_featured_media_url":"https:\/\/radiorevelacionfm.cl\/wp-content\/uploads\/2025\/05\/Imagen-de-WhatsApp-2025-05-07-a-las-10.26.31_f5b99f63-1-1.jpg","_links":{"self":[{"href":"https:\/\/radiorevelacionfm.cl\/index.php?rest_route=\/wp\/v2\/posts\/53574","targetHints":{"allow":["GET"]}}],"collection":[{"href":"https:\/\/radiorevelacionfm.cl\/index.php?rest_route=\/wp\/v2\/posts"}],"about":[{"href":"https:\/\/radiorevelacionfm.cl\/index.php?rest_route=\/wp\/v2\/types\/post"}],"author":[{"embeddable":true,"href":"https:\/\/radiorevelacionfm.cl\/index.php?rest_route=\/wp\/v2\/users\/1"}],"replies":[{"embeddable":true,"href":"https:\/\/radiorevelacionfm.cl\/index.php?rest_route=%2Fwp%2Fv2%2Fcomments&post=53574"}],"version-history":[{"count":2,"href":"https:\/\/radiorevelacionfm.cl\/index.php?rest_route=\/wp\/v2\/posts\/53574\/revisions"}],"predecessor-version":[{"id":53577,"href":"https:\/\/radiorevelacionfm.cl\/index.php?rest_route=\/wp\/v2\/posts\/53574\/revisions\/53577"}],"wp:featuredmedia":[{"embeddable":true,"href":"https:\/\/radiorevelacionfm.cl\/index.php?rest_route=\/wp\/v2\/media\/53575"}],"wp:attachment":[{"href":"https:\/\/radiorevelacionfm.cl\/index.php?rest_route=%2Fwp%2Fv2%2Fmedia&parent=53574"}],"wp:term":[{"taxonomy":"category","embeddable":true,"href":"https:\/\/radiorevelacionfm.cl\/index.php?rest_route=%2Fwp%2Fv2%2Fcategories&post=53574"},{"taxonomy":"post_tag","embeddable":true,"href":"https:\/\/radiorevelacionfm.cl\/index.php?rest_route=%2Fwp%2Fv2%2Ftags&post=53574"}],"curies":[{"name":"wp","href":"https:\/\/api.w.org\/{rel}","templated":true}]}}