{"id":53567,"date":"2025-05-07T10:46:38","date_gmt":"2025-05-07T13:46:38","guid":{"rendered":"https:\/\/radiorevelacionfm.cl\/?p=53567"},"modified":"2025-05-07T10:46:38","modified_gmt":"2025-05-07T13:46:38","slug":"unidos-por-la-formacion-inacap-y-el-liceo-ricardo-navarrete-fortalecen-la-educacion-tecnico-profesional-en-terreno","status":"publish","type":"post","link":"https:\/\/radiorevelacionfm.cl\/?p=53567","title":{"rendered":"Unidos por la Formaci\u00f3n: Inacap y el Liceo Ricardo Navarrete fortalecen la educaci\u00f3n T\u00e9cnico-Profesional en terreno"},"content":{"rendered":"<div class=\"flex_column av_one_full  flex_column_div av-zero-column-padding first  avia-builder-el-0  el_before_av_one_full  avia-builder-el-first  \" style='border-radius:0px; '><div  class='avia-image-container  av-styling-    avia-builder-el-1  avia-builder-el-no-sibling  avia-align-center '  itemprop=\"image\" itemscope=\"itemscope\" itemtype=\"https:\/\/schema.org\/ImageObject\"  ><div class='avia-image-container-inner'><div class='avia-image-overlay-wrap'><img decoding=\"async\" class='wp-image-53568 avia-img-lazy-loading-not-53568 avia_image' src=\"https:\/\/radiorevelacionfm.cl\/wp-content\/uploads\/2025\/05\/foto-20-1_optimized.jpg\" alt='' title='foto-(20)-(1)_optimized' height=\"600\" width=\"800\"  itemprop=\"thumbnailUrl\" srcset=\"https:\/\/radiorevelacionfm.cl\/wp-content\/uploads\/2025\/05\/foto-20-1_optimized.jpg 800w, https:\/\/radiorevelacionfm.cl\/wp-content\/uploads\/2025\/05\/foto-20-1_optimized-300x225.jpg 300w, https:\/\/radiorevelacionfm.cl\/wp-content\/uploads\/2025\/05\/foto-20-1_optimized-768x576.jpg 768w, https:\/\/radiorevelacionfm.cl\/wp-content\/uploads\/2025\/05\/foto-20-1_optimized-705x529.jpg 705w, https:\/\/radiorevelacionfm.cl\/wp-content\/uploads\/2025\/05\/foto-20-1_optimized-450x338.jpg 450w, https:\/\/radiorevelacionfm.cl\/wp-content\/uploads\/2025\/05\/foto-20-1_optimized-600x450.jpg 600w\" sizes=\"(max-width: 800px) 100vw, 800px\" \/><\/div><\/div><\/div><\/div><div class=\"flex_column av_one_full  flex_column_div av-zero-column-padding first  avia-builder-el-2  el_after_av_one_full  el_before_av_one_full  column-top-margin\" style='border-radius:0px; '><section class=\"av_textblock_section \"  itemscope=\"itemscope\" itemtype=\"https:\/\/schema.org\/BlogPosting\" itemprop=\"blogPost\" ><div class='avia_textblock  '   itemprop=\"text\" ><p style=\"text-align: center;\"><strong><span style=\"font-size: 18pt;\">Unidos por la Formaci\u00f3n: Inacap y el Liceo Ricardo Navarrete fortalecen la educaci\u00f3n T\u00e9cnico-Profesional en terreno<\/span><\/strong><\/p>\n<div id=\"gtx-trans\" style=\"position: absolute; left: -50px; top: 4.31534px;\">\n<div class=\"gtx-trans-icon\"><\/div>\n<\/div>\n<\/div><\/section><\/div><div class=\"flex_column av_one_full  flex_column_div av-zero-column-padding first  avia-builder-el-4  el_after_av_one_full  el_before_av_hr  column-top-margin\" style='border-radius:0px; '><section class=\"av_textblock_section \"  itemscope=\"itemscope\" itemtype=\"https:\/\/schema.org\/BlogPosting\" itemprop=\"blogPost\" ><div class='avia_textblock  '   itemprop=\"text\" ><p style=\"text-align: justify;\">19 estudiantes de 3\u00b0 Medio de la especialidad de Conectividad y Redes del Liceo Profesor Ricardo Navarrete han dado un importante paso en su proceso formativo.<\/p>\n<p style=\"text-align: justify;\">En el marco de la asignatura de <strong>Hardware y Software<\/strong>, los estudiantes han iniciado su proceso de alternancia t\u00e9cnica en <strong>INACAP Sede Coyhaique<\/strong>, instancia que les permitir\u00e1 fortalecer sus conocimientos en un entorno t\u00e9cnico-profesional real. Esta valiosa experiencia cuenta con el acompa\u00f1amiento del docente <strong>Carlos Mancilla<\/strong>, quien guiar\u00e1 y apoyar\u00e1 a los j\u00f3venes durante este periodo.<\/p>\n<p style=\"text-align: justify;\">La alternancia en espacios formativos externos representa una oportunidad \u00fanica para que los estudiantes se acerquen de manera concreta al mundo del trabajo, desarrollen competencias pr\u00e1cticas y fortalezcan su vocaci\u00f3n en el \u00e1mbito de las tecnolog\u00edas de la informaci\u00f3n.<\/p>\n<p style=\"text-align: justify;\"><strong>Macarena D\u00edaz<\/strong>, coordinadora de CAUCE CEDEM, valor\u00f3 el inicio de esta experiencia: \u201cEsta etapa es clave para que nuestros estudiantes vivan su especialidad desde una mirada pr\u00e1ctica, vinculen lo aprendido en el aula con el entorno productivo y descubran nuevas motivaciones para su desarrollo profesional. Felicitamos su compromiso y agradecemos el trabajo colaborativo entre el liceo e INACAP SedeCoyhaique.\u201d<\/p>\n<p style=\"text-align: justify;\">Uno de los estudiantes, Juan Paulo Antecao que participa en esta instancia tambi\u00e9n comparti\u00f3 su visi\u00f3n: \u201cEs una gran oportunidad para aprender en un lugar distinto al liceo, con equipos y profesores especializados. Estoy muy motivado porque s\u00e9 que esto me va a ayudar mucho cuando salga al mundo laboral.\u201d<\/p>\n<p style=\"text-align: justify;\">Nos sentimos orgullosos del compromiso y entusiasmo con el que nuestros estudiantes asumen estos desaf\u00edos. Sabemos que esta experiencia marcar\u00e1 un antes y un despu\u00e9s en su camino formativo.<\/p>\n<\/div><\/section><\/div><div  style='height:50px' class='hr hr-invisible   avia-builder-el-6  el_after_av_one_full  el_before_av_social_share '><span class='hr-inner ' ><span class='hr-inner-style'><\/span><\/span><\/div><\/p>\n<div  class='av-social-sharing-box  avia-builder-el-7  el_after_av_hr  el_before_av_hr  '><div class='av-share-box'><h5 class='av-share-link-description av-no-toc '>Compartir esta noticia<\/h5><ul class='av-share-box-list noLightbox'><li class='av-share-link av-social-link-facebook' ><a target=\"_blank\" aria-label=\"Compartir en Facebook\" href='https:\/\/www.facebook.com\/sharer.php?u=https:\/\/radiorevelacionfm.cl\/?p=53567&#038;t=Unidos%20por%20la%20Formaci%C3%B3n%3A%20Inacap%20y%20el%20Liceo%20Ricardo%20Navarrete%20fortalecen%20la%20educaci%C3%B3n%20T%C3%A9cnico-Profesional%20en%20terreno' aria-hidden='false' data-av_icon='\ue8f3' data-av_iconfont='entypo-fontello' title='' data-avia-related-tooltip='Compartir en Facebook' rel=\"noopener\"><span class='avia_hidden_link_text'>Compartir en Facebook<\/span><\/a><\/li><li class='av-share-link av-social-link-twitter' ><a target=\"_blank\" aria-label=\"Compartir en Twitter\" href='https:\/\/twitter.com\/share?text=Unidos%20por%20la%20Formaci%C3%B3n%3A%20Inacap%20y%20el%20Liceo%20Ricardo%20Navarrete%20fortalecen%20la%20educaci%C3%B3n%20T%C3%A9cnico-Profesional%20en%20terreno&#038;url=https:\/\/radiorevelacionfm.cl\/?p=53567' aria-hidden='false' data-av_icon='\ue8f1' data-av_iconfont='entypo-fontello' title='' data-avia-related-tooltip='Compartir en Twitter' rel=\"noopener\"><span class='avia_hidden_link_text'>Compartir en Twitter<\/span><\/a><\/li><li class='av-share-link av-social-link-whatsapp' ><a target=\"_blank\" aria-label=\"Compartir en Whatsapp\" href='https:\/\/api.whatsapp.com\/send?text=https:\/\/radiorevelacionfm.cl\/?p=53567' aria-hidden='false' data-av_icon='\uf232' data-av_iconfont='entypo-fontello' title='' data-avia-related-tooltip='Compartir en Whatsapp' rel=\"noopener\"><span class='avia_hidden_link_text'>Compartir en Whatsapp<\/span><\/a><\/li><li class='av-share-link av-social-link-linkedin' ><a target=\"_blank\" aria-label=\"Compartir en LinkedIn\" href='https:\/\/linkedin.com\/shareArticle?mini=true&#038;title=Unidos%20por%20la%20Formaci%C3%B3n%3A%20Inacap%20y%20el%20Liceo%20Ricardo%20Navarrete%20fortalecen%20la%20educaci%C3%B3n%20T%C3%A9cnico-Profesional%20en%20terreno&#038;url=https:\/\/radiorevelacionfm.cl\/?p=53567' aria-hidden='false' data-av_icon='\ue8fc' data-av_iconfont='entypo-fontello' title='' data-avia-related-tooltip='Compartir en LinkedIn' rel=\"noopener\"><span class='avia_hidden_link_text'>Compartir en LinkedIn<\/span><\/a><\/li><li class='av-share-link av-social-link-mail' ><a  aria-label=\"Compartir por correo\" href='mailto:?subject=Unidos%20por%20la%20Formaci%C3%B3n%3A%20Inacap%20y%20el%20Liceo%20Ricardo%20Navarrete%20fortalecen%20la%20educaci%C3%B3n%20T%C3%A9cnico-Profesional%20en%20terreno&#038;body=https:\/\/radiorevelacionfm.cl\/?p=53567' aria-hidden='false' data-av_icon='\ue805' data-av_iconfont='entypo-fontello' title='' data-avia-related-tooltip='Compartir por correo'><span class='avia_hidden_link_text'>Compartir por correo<\/span><\/a><\/li><\/ul><\/div><\/div>\n<div  style='height:50px' class='hr hr-invisible   avia-builder-el-8  el_after_av_social_share  el_before_av_comments_list '><span class='hr-inner ' ><span class='hr-inner-style'><\/span><\/span><\/div>\n<div  class='av-buildercomment  av-blog-meta-html-info-disabled av-blog-meta-tag-disabled  '><\/div>\n","protected":false},"excerpt":{"rendered":"","protected":false},"author":1,"featured_media":53568,"comment_status":"closed","ping_status":"closed","sticky":false,"template":"","format":"standard","meta":{"footnotes":""},"categories":[49],"tags":[],"class_list":["post-53567","post","type-post","status-publish","format-standard","has-post-thumbnail","hentry","category-educacion"],"jetpack_featured_media_url":"https:\/\/radiorevelacionfm.cl\/wp-content\/uploads\/2025\/05\/foto-20-1_optimized.jpg","_links":{"self":[{"href":"https:\/\/radiorevelacionfm.cl\/index.php?rest_route=\/wp\/v2\/posts\/53567","targetHints":{"allow":["GET"]}}],"collection":[{"href":"https:\/\/radiorevelacionfm.cl\/index.php?rest_route=\/wp\/v2\/posts"}],"about":[{"href":"https:\/\/radiorevelacionfm.cl\/index.php?rest_route=\/wp\/v2\/types\/post"}],"author":[{"embeddable":true,"href":"https:\/\/radiorevelacionfm.cl\/index.php?rest_route=\/wp\/v2\/users\/1"}],"replies":[{"embeddable":true,"href":"https:\/\/radiorevelacionfm.cl\/index.php?rest_route=%2Fwp%2Fv2%2Fcomments&post=53567"}],"version-history":[{"count":2,"href":"https:\/\/radiorevelacionfm.cl\/index.php?rest_route=\/wp\/v2\/posts\/53567\/revisions"}],"predecessor-version":[{"id":53573,"href":"https:\/\/radiorevelacionfm.cl\/index.php?rest_route=\/wp\/v2\/posts\/53567\/revisions\/53573"}],"wp:featuredmedia":[{"embeddable":true,"href":"https:\/\/radiorevelacionfm.cl\/index.php?rest_route=\/wp\/v2\/media\/53568"}],"wp:attachment":[{"href":"https:\/\/radiorevelacionfm.cl\/index.php?rest_route=%2Fwp%2Fv2%2Fmedia&parent=53567"}],"wp:term":[{"taxonomy":"category","embeddable":true,"href":"https:\/\/radiorevelacionfm.cl\/index.php?rest_route=%2Fwp%2Fv2%2Fcategories&post=53567"},{"taxonomy":"post_tag","embeddable":true,"href":"https:\/\/radiorevelacionfm.cl\/index.php?rest_route=%2Fwp%2Fv2%2Ftags&post=53567"}],"curies":[{"name":"wp","href":"https:\/\/api.w.org\/{rel}","templated":true}]}}