{"id":53559,"date":"2025-05-07T10:27:19","date_gmt":"2025-05-07T13:27:19","guid":{"rendered":"https:\/\/radiorevelacionfm.cl\/?p=53559"},"modified":"2025-05-07T10:27:19","modified_gmt":"2025-05-07T13:27:19","slug":"ips-inicia-pago-de-bono-invierno-2025-mas-de-10-mil-400-ayseninos-y-ayseninas-beneficiadas","status":"publish","type":"post","link":"https:\/\/radiorevelacionfm.cl\/?p=53559","title":{"rendered":"IPS inicia pago de Bono Invierno 2025: M\u00e1s de 10 mil 400 ayseninos y ayseninas beneficiadas"},"content":{"rendered":"<div class=\"flex_column av_one_full  flex_column_div av-zero-column-padding first  avia-builder-el-0  el_before_av_one_full  avia-builder-el-first  \" style='border-radius:0px; '><div  class='avia-image-container  av-styling-    avia-builder-el-1  avia-builder-el-no-sibling  avia-align-center '  itemprop=\"image\" itemscope=\"itemscope\" itemtype=\"https:\/\/schema.org\/ImageObject\"  ><div class='avia-image-container-inner'><div class='avia-image-overlay-wrap'><img decoding=\"async\" class='wp-image-53560 avia-img-lazy-loading-not-53560 avia_image' src=\"https:\/\/radiorevelacionfm.cl\/wp-content\/uploads\/2025\/05\/ANDREA_BELTRAN_LOS-HEROES_SEREMI-TRAB_DIRE-REG-IPS-1-1.jpeg\" alt='' title='ANDREA_BELTR\u00c1N_LOS HEROES_SEREMI TRAB_DIRE REG IPS (1) (1)' height=\"600\" width=\"878\"  itemprop=\"thumbnailUrl\" srcset=\"https:\/\/radiorevelacionfm.cl\/wp-content\/uploads\/2025\/05\/ANDREA_BELTRAN_LOS-HEROES_SEREMI-TRAB_DIRE-REG-IPS-1-1.jpeg 878w, https:\/\/radiorevelacionfm.cl\/wp-content\/uploads\/2025\/05\/ANDREA_BELTRAN_LOS-HEROES_SEREMI-TRAB_DIRE-REG-IPS-1-1-300x205.jpeg 300w, https:\/\/radiorevelacionfm.cl\/wp-content\/uploads\/2025\/05\/ANDREA_BELTRAN_LOS-HEROES_SEREMI-TRAB_DIRE-REG-IPS-1-1-768x525.jpeg 768w, https:\/\/radiorevelacionfm.cl\/wp-content\/uploads\/2025\/05\/ANDREA_BELTRAN_LOS-HEROES_SEREMI-TRAB_DIRE-REG-IPS-1-1-705x482.jpeg 705w, https:\/\/radiorevelacionfm.cl\/wp-content\/uploads\/2025\/05\/ANDREA_BELTRAN_LOS-HEROES_SEREMI-TRAB_DIRE-REG-IPS-1-1-450x308.jpeg 450w, https:\/\/radiorevelacionfm.cl\/wp-content\/uploads\/2025\/05\/ANDREA_BELTRAN_LOS-HEROES_SEREMI-TRAB_DIRE-REG-IPS-1-1-600x410.jpeg 600w\" sizes=\"(max-width: 878px) 100vw, 878px\" \/><\/div><\/div><\/div><\/div><div class=\"flex_column av_one_full  flex_column_div av-zero-column-padding first  avia-builder-el-2  el_after_av_one_full  el_before_av_one_full  column-top-margin\" style='border-radius:0px; '><section class=\"av_textblock_section \"  itemscope=\"itemscope\" itemtype=\"https:\/\/schema.org\/BlogPosting\" itemprop=\"blogPost\" ><div class='avia_textblock  '   itemprop=\"text\" ><p style=\"text-align: center;\"><strong><span style=\"font-size: 18pt;\">IPS inicia pago de Bono Invierno 2025: M\u00e1s de 10 mil 400 ayseninos y ayseninas beneficiadas<\/span><\/strong><\/p>\n<div id=\"gtx-trans\" style=\"position: absolute; left: -50px; top: 4.31534px;\">\n<div class=\"gtx-trans-icon\"><\/div>\n<\/div>\n<\/div><\/section><\/div><div class=\"flex_column av_one_full  flex_column_div av-zero-column-padding first  avia-builder-el-4  el_after_av_one_full  el_before_av_hr  column-top-margin\" style='border-radius:0px; '><section class=\"av_textblock_section \"  itemscope=\"itemscope\" itemtype=\"https:\/\/schema.org\/BlogPosting\" itemprop=\"blogPost\" ><div class='avia_textblock  '   itemprop=\"text\" ><ul>\n<li style=\"text-align: justify;\"><em>Este a\u00f1o, el monto del beneficio <\/em><em>alcanza los $81.257 y las personas pensionadas beneficiadas lo recibir\u00e1n en forma <\/em><em>autom\u00e1tica junto con la pensi\u00f3n del mes de mayo.<\/em><\/li>\n<\/ul>\n<p style=\"text-align: justify;\">La seremi del Trabajo y Previsi\u00f3n Social, Camila Covarrubias Retamal, y el director regional del Instituto de Previsi\u00f3n Social (IPS), Rodrigo D\u00edaz Cordaro, informaron hoy el inicio del pago del Bono Invierno 2025. El local de pago de la Caja de Compensaci\u00f3n Los H\u00e9roes fue el lugar escogido para el anuncio.<\/p>\n<p style=\"text-align: justify;\">\u201cComenz\u00f3 ya a pagarse el Bono de Invierno en nuestra regi\u00f3n, a trav\u00e9s del Instituto de Previsi\u00f3n Social. Esto es un monto de <strong>81 mil 257 pesos<\/strong> que se va a pagar a los y las pensionadas mayores de 65 a\u00f1os, para que puedan sortear el invierno de mejor manera. Y la cantidad de ayseninos beneficiados ser\u00e1n m\u00e1s de <strong>10 mil 400 personas<\/strong>, con un monto de <strong>inversi\u00f3n superior a los 850 millones de pesos<\/strong>\u201d, comunic\u00f3 la seremi Camila Covarrubias.<\/p>\n<p style=\"text-align: justify;\">Por su parte, el director regional del IPS se refiri\u00f3 a los principales requisitos que establece la ley para recibir el Bono de Invierno. \u201cPrimero, personas pensionadas que, al 1 de mayo del 2025, acrediten 65 a\u00f1os o m\u00e1s y que reciban <em>(adem\u00e1s de la PGU o Pensi\u00f3n con Garant\u00eda Estatal)<\/em> por su AFP, una pensi\u00f3n de 222 mil 475 pesos o menos. Con eso reciben el 100% de este Bono Invierno, que son <strong>81 mil 257 pesos. <\/strong>Y lo importante es que esto se paga de manera autom\u00e1tica, no hay que hacer ning\u00fan tr\u00e1mite\u201d, enfatiz\u00f3 D\u00edaz Cordaro.<\/p>\n<p style=\"text-align: justify;\">Este tradicional beneficio busca ayudar, en los meses de invierno, a cubrir ciertos gastos adicionales que muchas veces se producen en energ\u00eda, calefacci\u00f3n y remedios, entre otras necesidades de las personas mayores.<\/p>\n<p style=\"text-align: justify;\"><strong>\u00bfQui\u00e9nes tienen derecho al Bono de Invierno?<\/strong><\/p>\n<p style=\"text-align: justify;\">Tendr\u00e1n derecho al beneficio las personas pensionadas que tengan <strong>65 a\u00f1os cumplidos<\/strong> al <strong>1\u00b0 de mayo de 2025<\/strong> y cuyo monto de pensi\u00f3n sea inferior o igual a <strong>$222.475<\/strong>, que est\u00e9n en los siguientes grupos:<\/p>\n<p style=\"text-align: justify;\">-Personas pensionadas del Instituto de Previsi\u00f3n Social (IPS); del Instituto de Seguridad Laboral (ISL); de Dipreca, de Capredena y de la Ley N\u00b0 16.744 de Accidentes del Trabajo y Enfermedades Profesionales.<\/p>\n<p style=\"text-align: justify;\">-Personas beneficiarias de la Pensi\u00f3n Garantizada Universal (PGU) que no tengan derecho a pensi\u00f3n en alg\u00fan r\u00e9gimen previsional.<\/p>\n<p style=\"text-align: justify;\">-Personas pensionadas del Sistema de AFP <strong>siempre que<\/strong>, adicionalmente, se encuentren percibiendo una PGU o un Aporte Previsional Solidario de Vejez, y cuyas pensiones -sin considerar esa PGU o ese Aporte- sean de un monto inferior o igual a $222.475. Tambi\u00e9n se beneficiar\u00e1n las personas pensionadas del Sistema de AFP que se encuentren percibiendo pensiones m\u00ednimas con Garant\u00eda Estatal.<\/p>\n<p style=\"text-align: justify;\">-Personas con leyes especiales (Rettig, Valech, exonerados pol\u00edticos), siempre que cumplan los dem\u00e1s requisitos legales.<\/p>\n<p style=\"text-align: justify;\">Para m\u00e1s informaci\u00f3n se puede consultar en <strong>www.ips.gob.cl, www.chileatiende.cl<\/strong>, o llamar al Call Center <strong>600 440 0040<\/strong>, o contactarnos a trav\u00e9s de las redes sociales <strong>@ChileAtiende<\/strong> en X, Facebook e Instagram.<\/p>\n<\/div><\/section><\/div><div  style='height:50px' class='hr hr-invisible   avia-builder-el-6  el_after_av_one_full  el_before_av_social_share '><span class='hr-inner ' ><span class='hr-inner-style'><\/span><\/span><\/div><\/p>\n<div  class='av-social-sharing-box  avia-builder-el-7  el_after_av_hr  el_before_av_hr  '><div class='av-share-box'><h5 class='av-share-link-description av-no-toc '>Compartir esta noticia<\/h5><ul class='av-share-box-list noLightbox'><li class='av-share-link av-social-link-facebook' ><a target=\"_blank\" aria-label=\"Compartir en Facebook\" href='https:\/\/www.facebook.com\/sharer.php?u=https:\/\/radiorevelacionfm.cl\/?p=53559&#038;t=IPS%20inicia%20pago%20de%20Bono%20Invierno%202025%3A%20M%C3%A1s%20de%2010%20mil%20400%20ayseninos%20y%20ayseninas%20beneficiadas' aria-hidden='false' data-av_icon='\ue8f3' data-av_iconfont='entypo-fontello' title='' data-avia-related-tooltip='Compartir en Facebook' rel=\"noopener\"><span class='avia_hidden_link_text'>Compartir en Facebook<\/span><\/a><\/li><li class='av-share-link av-social-link-twitter' ><a target=\"_blank\" aria-label=\"Compartir en Twitter\" href='https:\/\/twitter.com\/share?text=IPS%20inicia%20pago%20de%20Bono%20Invierno%202025%3A%20M%C3%A1s%20de%2010%20mil%20400%20ayseninos%20y%20ayseninas%20beneficiadas&#038;url=https:\/\/radiorevelacionfm.cl\/?p=53559' aria-hidden='false' data-av_icon='\ue8f1' data-av_iconfont='entypo-fontello' title='' data-avia-related-tooltip='Compartir en Twitter' rel=\"noopener\"><span class='avia_hidden_link_text'>Compartir en Twitter<\/span><\/a><\/li><li class='av-share-link av-social-link-whatsapp' ><a target=\"_blank\" aria-label=\"Compartir en Whatsapp\" href='https:\/\/api.whatsapp.com\/send?text=https:\/\/radiorevelacionfm.cl\/?p=53559' aria-hidden='false' data-av_icon='\uf232' data-av_iconfont='entypo-fontello' title='' data-avia-related-tooltip='Compartir en Whatsapp' rel=\"noopener\"><span class='avia_hidden_link_text'>Compartir en Whatsapp<\/span><\/a><\/li><li class='av-share-link av-social-link-linkedin' ><a target=\"_blank\" aria-label=\"Compartir en LinkedIn\" href='https:\/\/linkedin.com\/shareArticle?mini=true&#038;title=IPS%20inicia%20pago%20de%20Bono%20Invierno%202025%3A%20M%C3%A1s%20de%2010%20mil%20400%20ayseninos%20y%20ayseninas%20beneficiadas&#038;url=https:\/\/radiorevelacionfm.cl\/?p=53559' aria-hidden='false' data-av_icon='\ue8fc' data-av_iconfont='entypo-fontello' title='' data-avia-related-tooltip='Compartir en LinkedIn' rel=\"noopener\"><span class='avia_hidden_link_text'>Compartir en LinkedIn<\/span><\/a><\/li><li class='av-share-link av-social-link-mail' ><a  aria-label=\"Compartir por correo\" href='mailto:?subject=IPS%20inicia%20pago%20de%20Bono%20Invierno%202025%3A%20M%C3%A1s%20de%2010%20mil%20400%20ayseninos%20y%20ayseninas%20beneficiadas&#038;body=https:\/\/radiorevelacionfm.cl\/?p=53559' aria-hidden='false' data-av_icon='\ue805' data-av_iconfont='entypo-fontello' title='' data-avia-related-tooltip='Compartir por correo'><span class='avia_hidden_link_text'>Compartir por correo<\/span><\/a><\/li><\/ul><\/div><\/div>\n<div  style='height:50px' class='hr hr-invisible   avia-builder-el-8  el_after_av_social_share  el_before_av_comments_list '><span class='hr-inner ' ><span class='hr-inner-style'><\/span><\/span><\/div>\n<div  class='av-buildercomment  av-blog-meta-html-info-disabled av-blog-meta-tag-disabled  '><\/div>\n","protected":false},"excerpt":{"rendered":"","protected":false},"author":1,"featured_media":53560,"comment_status":"closed","ping_status":"closed","sticky":false,"template":"","format":"standard","meta":{"footnotes":""},"categories":[38],"tags":[],"class_list":["post-53559","post","type-post","status-publish","format-standard","has-post-thumbnail","hentry","category-regional"],"jetpack_featured_media_url":"https:\/\/radiorevelacionfm.cl\/wp-content\/uploads\/2025\/05\/ANDREA_BELTRAN_LOS-HEROES_SEREMI-TRAB_DIRE-REG-IPS-1-1.jpeg","_links":{"self":[{"href":"https:\/\/radiorevelacionfm.cl\/index.php?rest_route=\/wp\/v2\/posts\/53559","targetHints":{"allow":["GET"]}}],"collection":[{"href":"https:\/\/radiorevelacionfm.cl\/index.php?rest_route=\/wp\/v2\/posts"}],"about":[{"href":"https:\/\/radiorevelacionfm.cl\/index.php?rest_route=\/wp\/v2\/types\/post"}],"author":[{"embeddable":true,"href":"https:\/\/radiorevelacionfm.cl\/index.php?rest_route=\/wp\/v2\/users\/1"}],"replies":[{"embeddable":true,"href":"https:\/\/radiorevelacionfm.cl\/index.php?rest_route=%2Fwp%2Fv2%2Fcomments&post=53559"}],"version-history":[{"count":2,"href":"https:\/\/radiorevelacionfm.cl\/index.php?rest_route=\/wp\/v2\/posts\/53559\/revisions"}],"predecessor-version":[{"id":53566,"href":"https:\/\/radiorevelacionfm.cl\/index.php?rest_route=\/wp\/v2\/posts\/53559\/revisions\/53566"}],"wp:featuredmedia":[{"embeddable":true,"href":"https:\/\/radiorevelacionfm.cl\/index.php?rest_route=\/wp\/v2\/media\/53560"}],"wp:attachment":[{"href":"https:\/\/radiorevelacionfm.cl\/index.php?rest_route=%2Fwp%2Fv2%2Fmedia&parent=53559"}],"wp:term":[{"taxonomy":"category","embeddable":true,"href":"https:\/\/radiorevelacionfm.cl\/index.php?rest_route=%2Fwp%2Fv2%2Fcategories&post=53559"},{"taxonomy":"post_tag","embeddable":true,"href":"https:\/\/radiorevelacionfm.cl\/index.php?rest_route=%2Fwp%2Fv2%2Ftags&post=53559"}],"curies":[{"name":"wp","href":"https:\/\/api.w.org\/{rel}","templated":true}]}}