{"id":53556,"date":"2025-05-07T20:21:46","date_gmt":"2025-05-07T23:21:46","guid":{"rendered":"https:\/\/radiorevelacionfm.cl\/?p=53556"},"modified":"2025-05-07T20:21:46","modified_gmt":"2025-05-07T23:21:46","slug":"senadora-ordenes-y-visita-de-subsecretaria-perales-espero-que-se-reconozca-a-la-comuna-de-las-guaitecas-como-zona-de-rezago","status":"publish","type":"post","link":"https:\/\/radiorevelacionfm.cl\/?p=53556","title":{"rendered":"Senadora \u00d3rdenes y visita de subsecretaria Perales: \u201cEspero que se reconozca a la comuna de Las Guaitecas como zona de rezago\u201d"},"content":{"rendered":"<div class=\"flex_column av_one_full  flex_column_div av-zero-column-padding first  avia-builder-el-0  el_before_av_one_full  avia-builder-el-first  \" style='border-radius:0px; '><div  class='avia-image-container  av-styling-    avia-builder-el-1  avia-builder-el-no-sibling  avia-align-center '  itemprop=\"image\" itemscope=\"itemscope\" itemtype=\"https:\/\/schema.org\/ImageObject\"  ><div class='avia-image-container-inner'><div class='avia-image-overlay-wrap'><img decoding=\"async\" class='wp-image-53557 avia-img-lazy-loading-not-53557 avia_image' src=\"https:\/\/radiorevelacionfm.cl\/wp-content\/uploads\/2025\/05\/FOTO-18-1-1.jpeg\" alt='' title='FOTO (18) (1) (1)' height=\"600\" width=\"898\"  itemprop=\"thumbnailUrl\" srcset=\"https:\/\/radiorevelacionfm.cl\/wp-content\/uploads\/2025\/05\/FOTO-18-1-1.jpeg 898w, https:\/\/radiorevelacionfm.cl\/wp-content\/uploads\/2025\/05\/FOTO-18-1-1-300x200.jpeg 300w, https:\/\/radiorevelacionfm.cl\/wp-content\/uploads\/2025\/05\/FOTO-18-1-1-768x513.jpeg 768w, https:\/\/radiorevelacionfm.cl\/wp-content\/uploads\/2025\/05\/FOTO-18-1-1-705x471.jpeg 705w, https:\/\/radiorevelacionfm.cl\/wp-content\/uploads\/2025\/05\/FOTO-18-1-1-450x301.jpeg 450w, https:\/\/radiorevelacionfm.cl\/wp-content\/uploads\/2025\/05\/FOTO-18-1-1-600x401.jpeg 600w\" sizes=\"(max-width: 898px) 100vw, 898px\" \/><\/div><\/div><\/div><\/div><div class=\"flex_column av_one_full  flex_column_div av-zero-column-padding first  avia-builder-el-2  el_after_av_one_full  el_before_av_one_full  column-top-margin\" style='border-radius:0px; '><section class=\"av_textblock_section \"  itemscope=\"itemscope\" itemtype=\"https:\/\/schema.org\/BlogPosting\" itemprop=\"blogPost\" ><div class='avia_textblock  '   itemprop=\"text\" ><p style=\"text-align: center;\"><strong><span style=\"font-size: 18pt;\">Senadora \u00d3rdenes y visita de subsecretaria Perales: \u201cEspero que se reconozca a la comuna de Las Guaitecas como zona de rezago\u201d<\/span><\/strong><\/p>\n<div id=\"gtx-trans\" style=\"position: absolute; left: -50px; top: 4.31534px;\">\n<div class=\"gtx-trans-icon\"><\/div>\n<\/div>\n<\/div><\/section><\/div><div class=\"flex_column av_one_full  flex_column_div av-zero-column-padding first  avia-builder-el-4  el_after_av_one_full  el_before_av_hr  column-top-margin\" style='border-radius:0px; '><section class=\"av_textblock_section \"  itemscope=\"itemscope\" itemtype=\"https:\/\/schema.org\/BlogPosting\" itemprop=\"blogPost\" ><div class='avia_textblock  '   itemprop=\"text\" ><p style=\"text-align: justify;\">Luego de que en septiembre del 2023 se aprobara el reglamento que fija la Pol\u00edtica Nacional Sobre Zonas Rezagadas en Materia Social, que mandata a la Subsecretar\u00eda de Desarrollo Social y Administrativo (Subdere) la elaboraci\u00f3n de Informes de Comunas Susceptibles para ser Propuestas como Zonas en Desarrollo, en abril del 2024, se emiti\u00f3 un documento que informa sobre las comunas que cumpl\u00edan los criterios e indicadores.<\/p>\n<p style=\"text-align: justify;\">La Subdere inform\u00f3 de 153 comunas a nivel pa\u00eds que se consideran susceptibles de ser propuestas como Zonas en Desarrollo. En la regi\u00f3n de Ays\u00e9n se analiz\u00f3 la situaci\u00f3n de siete comunas, de las cuales cinco fueron consideradas, en base al estudio de Identificaci\u00f3n de Localidades en Condici\u00f3n de Aislamiento de 2021, elaborado por la misma subsecretar\u00eda.<\/p>\n<p style=\"text-align: justify;\">Las comunas que el informe se\u00f1ala como \u201ccomunas que cumplen con los criterios y se consideran susceptibles de ser propuestas como Zonas en Desarrollo\u201d, fueron: Lago Verde, Ays\u00e9n, Guaitecas, Chile Chico y R\u00edo Ib\u00e1\u00f1ez. De las cinco, Guaitecas present\u00f3 el mayor porcentaje de pobreza comunal, alcanzando un promedio de 14,1%, seguida por R\u00edo Ib\u00e1\u00f1ez (12,91%) y Chile Chico (11,27%).<\/p>\n<p style=\"text-align: justify;\">La senadora por la regi\u00f3n de Ays\u00e9n, Ximena \u00d3rdenes Neira, insisti\u00f3 respecto a los evidentes problemas que presenta la comuna de la pen\u00ednsula al norte de la regi\u00f3n de Ays\u00e9n, no solo en su aislamiento, sino en sus indicadores, dando cuenta de que esta denominaci\u00f3n representa un gran apoyo y poniendo como ejemplo los aportes a las comunas de Tortel Cochrane y O\u2019Higgins, las cuales ya son consideradas dentro de un territorio denominado como Zona de Desarrollo.<\/p>\n<p style=\"text-align: justify;\">\u201cExisten comunas que por su estado de aislamiento presentan brechas en sus condiciones socioecon\u00f3micas, lo que impide un mayor desarrollo. Por eso existe una pol\u00edtica p\u00fablica que lidera la Subsecretar\u00eda de Desarrollo Regional, que es la denominaci\u00f3n de Zonas de Rezago\u201d, explic\u00f3 la representante aysenina, a la vez que declar\u00f3 que, en tanto la visita a la regi\u00f3n de la subsecretaria de la materia, Francisca Perales, \u201cespero que en el marco de este a\u00f1o y las gestiones que realice esta Subsecretar\u00eda, se reconozca la Comuna de las Guaitecas como una Zona de Rezago\u201d.<\/p>\n<p style=\"text-align: justify;\">La parlamentaria sostuvo que estas \u201cson pol\u00edticas que permiten acelerar los procesos e ir en apoyo de territorios que requieren un mayor compromiso del Estado. En la Regi\u00f3n de Ays\u00e9n se ha tenido buenas experiencias en la Provincia de los Glaciares y a m\u00ed me extra\u00f1a que la comuna de las Guaitecas, siendo que se calific\u00f3 de susceptible para ser denominada Zona de Rezago, a\u00fan no caiga en esta denominaci\u00f3n por parte de la Subsecretar\u00eda de Desarrollo Regional\u201d.<\/p>\n<\/div><\/section><\/div><div  style='height:50px' class='hr hr-invisible   avia-builder-el-6  el_after_av_one_full  el_before_av_social_share '><span class='hr-inner ' ><span class='hr-inner-style'><\/span><\/span><\/div><\/p>\n<div  class='av-social-sharing-box  avia-builder-el-7  el_after_av_hr  el_before_av_hr  '><div class='av-share-box'><h5 class='av-share-link-description av-no-toc '>Compartir esta noticia<\/h5><ul class='av-share-box-list noLightbox'><li class='av-share-link av-social-link-facebook' ><a target=\"_blank\" aria-label=\"Compartir en Facebook\" href='https:\/\/www.facebook.com\/sharer.php?u=https:\/\/radiorevelacionfm.cl\/?p=53556&#038;t=Senadora%20%C3%93rdenes%20y%20visita%20de%20subsecretaria%20Perales%3A%20%E2%80%9CEspero%20que%20se%20reconozca%20a%20la%20comuna%20de%20Las%20Guaitecas%20como%20zona%20de%20rezago%E2%80%9D' aria-hidden='false' data-av_icon='\ue8f3' data-av_iconfont='entypo-fontello' title='' data-avia-related-tooltip='Compartir en Facebook' rel=\"noopener\"><span class='avia_hidden_link_text'>Compartir en Facebook<\/span><\/a><\/li><li class='av-share-link av-social-link-twitter' ><a target=\"_blank\" aria-label=\"Compartir en Twitter\" href='https:\/\/twitter.com\/share?text=Senadora%20%C3%93rdenes%20y%20visita%20de%20subsecretaria%20Perales%3A%20%E2%80%9CEspero%20que%20se%20reconozca%20a%20la%20comuna%20de%20Las%20Guaitecas%20como%20zona%20de%20rezago%E2%80%9D&#038;url=https:\/\/radiorevelacionfm.cl\/?p=53556' aria-hidden='false' data-av_icon='\ue8f1' data-av_iconfont='entypo-fontello' title='' data-avia-related-tooltip='Compartir en Twitter' rel=\"noopener\"><span class='avia_hidden_link_text'>Compartir en Twitter<\/span><\/a><\/li><li class='av-share-link av-social-link-whatsapp' ><a target=\"_blank\" aria-label=\"Compartir en Whatsapp\" href='https:\/\/api.whatsapp.com\/send?text=https:\/\/radiorevelacionfm.cl\/?p=53556' aria-hidden='false' data-av_icon='\uf232' data-av_iconfont='entypo-fontello' title='' data-avia-related-tooltip='Compartir en Whatsapp' rel=\"noopener\"><span class='avia_hidden_link_text'>Compartir en Whatsapp<\/span><\/a><\/li><li class='av-share-link av-social-link-linkedin' ><a target=\"_blank\" aria-label=\"Compartir en LinkedIn\" href='https:\/\/linkedin.com\/shareArticle?mini=true&#038;title=Senadora%20%C3%93rdenes%20y%20visita%20de%20subsecretaria%20Perales%3A%20%E2%80%9CEspero%20que%20se%20reconozca%20a%20la%20comuna%20de%20Las%20Guaitecas%20como%20zona%20de%20rezago%E2%80%9D&#038;url=https:\/\/radiorevelacionfm.cl\/?p=53556' aria-hidden='false' data-av_icon='\ue8fc' data-av_iconfont='entypo-fontello' title='' data-avia-related-tooltip='Compartir en LinkedIn' rel=\"noopener\"><span class='avia_hidden_link_text'>Compartir en LinkedIn<\/span><\/a><\/li><li class='av-share-link av-social-link-mail' ><a  aria-label=\"Compartir por correo\" href='mailto:?subject=Senadora%20%C3%93rdenes%20y%20visita%20de%20subsecretaria%20Perales%3A%20%E2%80%9CEspero%20que%20se%20reconozca%20a%20la%20comuna%20de%20Las%20Guaitecas%20como%20zona%20de%20rezago%E2%80%9D&#038;body=https:\/\/radiorevelacionfm.cl\/?p=53556' aria-hidden='false' data-av_icon='\ue805' data-av_iconfont='entypo-fontello' title='' data-avia-related-tooltip='Compartir por correo'><span class='avia_hidden_link_text'>Compartir por correo<\/span><\/a><\/li><\/ul><\/div><\/div>\n<div  style='height:50px' class='hr hr-invisible   avia-builder-el-8  el_after_av_social_share  el_before_av_comments_list '><span class='hr-inner ' ><span class='hr-inner-style'><\/span><\/span><\/div>\n<div  class='av-buildercomment  av-blog-meta-html-info-disabled av-blog-meta-tag-disabled  '><\/div>\n","protected":false},"excerpt":{"rendered":"","protected":false},"author":1,"featured_media":53557,"comment_status":"closed","ping_status":"closed","sticky":false,"template":"","format":"standard","meta":{"footnotes":""},"categories":[35],"tags":[],"class_list":["post-53556","post","type-post","status-publish","format-standard","has-post-thumbnail","hentry","category-politica"],"jetpack_featured_media_url":"https:\/\/radiorevelacionfm.cl\/wp-content\/uploads\/2025\/05\/FOTO-18-1-1.jpeg","_links":{"self":[{"href":"https:\/\/radiorevelacionfm.cl\/index.php?rest_route=\/wp\/v2\/posts\/53556","targetHints":{"allow":["GET"]}}],"collection":[{"href":"https:\/\/radiorevelacionfm.cl\/index.php?rest_route=\/wp\/v2\/posts"}],"about":[{"href":"https:\/\/radiorevelacionfm.cl\/index.php?rest_route=\/wp\/v2\/types\/post"}],"author":[{"embeddable":true,"href":"https:\/\/radiorevelacionfm.cl\/index.php?rest_route=\/wp\/v2\/users\/1"}],"replies":[{"embeddable":true,"href":"https:\/\/radiorevelacionfm.cl\/index.php?rest_route=%2Fwp%2Fv2%2Fcomments&post=53556"}],"version-history":[{"count":2,"href":"https:\/\/radiorevelacionfm.cl\/index.php?rest_route=\/wp\/v2\/posts\/53556\/revisions"}],"predecessor-version":[{"id":53613,"href":"https:\/\/radiorevelacionfm.cl\/index.php?rest_route=\/wp\/v2\/posts\/53556\/revisions\/53613"}],"wp:featuredmedia":[{"embeddable":true,"href":"https:\/\/radiorevelacionfm.cl\/index.php?rest_route=\/wp\/v2\/media\/53557"}],"wp:attachment":[{"href":"https:\/\/radiorevelacionfm.cl\/index.php?rest_route=%2Fwp%2Fv2%2Fmedia&parent=53556"}],"wp:term":[{"taxonomy":"category","embeddable":true,"href":"https:\/\/radiorevelacionfm.cl\/index.php?rest_route=%2Fwp%2Fv2%2Fcategories&post=53556"},{"taxonomy":"post_tag","embeddable":true,"href":"https:\/\/radiorevelacionfm.cl\/index.php?rest_route=%2Fwp%2Fv2%2Ftags&post=53556"}],"curies":[{"name":"wp","href":"https:\/\/api.w.org\/{rel}","templated":true}]}}