{"id":53551,"date":"2025-05-06T20:17:15","date_gmt":"2025-05-06T23:17:15","guid":{"rendered":"https:\/\/radiorevelacionfm.cl\/?p=53551"},"modified":"2025-05-06T20:17:15","modified_gmt":"2025-05-06T23:17:15","slug":"aysen-medidas-para-avanzar-a-ser-una-region-mas-segura","status":"publish","type":"post","link":"https:\/\/radiorevelacionfm.cl\/?p=53551","title":{"rendered":"Ays\u00e9n: medidas para avanzar a ser una regi\u00f3n m\u00e1s segura"},"content":{"rendered":"<div class=\"flex_column av_one_full  flex_column_div av-zero-column-padding first  avia-builder-el-0  el_before_av_one_full  avia-builder-el-first  \" style='border-radius:0px; '><div  class='avia-image-container  av-styling-    avia-builder-el-1  avia-builder-el-no-sibling  avia-align-center '  itemprop=\"image\" itemscope=\"itemscope\" itemtype=\"https:\/\/schema.org\/ImageObject\"  ><div class='avia-image-container-inner'><div class='avia-image-overlay-wrap'><img decoding=\"async\" class='wp-image-53553 avia-img-lazy-loading-not-53553 avia_image' src=\"https:\/\/radiorevelacionfm.cl\/wp-content\/uploads\/2025\/05\/foto-comunicado-seguridad-1_optimized.jpg\" alt='' title='foto-comunicado-seguridad-(1)_optimized' height=\"600\" width=\"900\"  itemprop=\"thumbnailUrl\" srcset=\"https:\/\/radiorevelacionfm.cl\/wp-content\/uploads\/2025\/05\/foto-comunicado-seguridad-1_optimized.jpg 900w, https:\/\/radiorevelacionfm.cl\/wp-content\/uploads\/2025\/05\/foto-comunicado-seguridad-1_optimized-300x200.jpg 300w, https:\/\/radiorevelacionfm.cl\/wp-content\/uploads\/2025\/05\/foto-comunicado-seguridad-1_optimized-768x512.jpg 768w, https:\/\/radiorevelacionfm.cl\/wp-content\/uploads\/2025\/05\/foto-comunicado-seguridad-1_optimized-705x470.jpg 705w, https:\/\/radiorevelacionfm.cl\/wp-content\/uploads\/2025\/05\/foto-comunicado-seguridad-1_optimized-450x300.jpg 450w, https:\/\/radiorevelacionfm.cl\/wp-content\/uploads\/2025\/05\/foto-comunicado-seguridad-1_optimized-600x400.jpg 600w\" sizes=\"(max-width: 900px) 100vw, 900px\" \/><\/div><\/div><\/div><\/div><div class=\"flex_column av_one_full  flex_column_div av-zero-column-padding first  avia-builder-el-2  el_after_av_one_full  el_before_av_one_full  column-top-margin\" style='border-radius:0px; '><section class=\"av_textblock_section \"  itemscope=\"itemscope\" itemtype=\"https:\/\/schema.org\/BlogPosting\" itemprop=\"blogPost\" ><div class='avia_textblock  '   itemprop=\"text\" ><p style=\"text-align: center;\"><strong><span style=\"font-size: 18pt;\">Ays\u00e9n: medidas para avanzar a ser una regi\u00f3n m\u00e1s segura<\/span><\/strong><\/p>\n<div id=\"gtx-trans\" style=\"position: absolute; left: -50px; top: 4.31534px;\">\n<div class=\"gtx-trans-icon\"><\/div>\n<\/div>\n<\/div><\/section><\/div><div class=\"flex_column av_one_full  flex_column_div av-zero-column-padding first  avia-builder-el-4  el_after_av_one_full  el_before_av_hr  column-top-margin\" style='border-radius:0px; '><section class=\"av_textblock_section \"  itemscope=\"itemscope\" itemtype=\"https:\/\/schema.org\/BlogPosting\" itemprop=\"blogPost\" ><div class='avia_textblock  '   itemprop=\"text\" ><p style=\"text-align: justify;\">Con la creaci\u00f3n del Ministerio de Seguridad P\u00fablica, el Gobierno del Presidente Gabriel Boric Font, avanza en su compromiso con la seguridad y la prevenci\u00f3n del delito. As\u00ed, el a\u00f1o 2023 se crea el\u00a0 Sistema Nacional de Seguridad Municipal, SNSM, que busca fortalecer la capacidad de gesti\u00f3n y respuesta ante cualquier tipo de desorden u ofensa, permitiendo que el a\u00f1o 2024 se habiliten el 100% de los Consejos Comunales de Seguridad en la regi\u00f3n de Ays\u00e9n. Adem\u00e1s, en el caso de las consultas comunales sobre percepci\u00f3n de delitos\/fen\u00f3menos emergentes\/incivilidades, tanto comunales como rurales, este a\u00f1o 2025 alcanz\u00f3 por primera vez al 100% de aplicaci\u00f3n.<\/p>\n<p style=\"text-align: justify;\">En la regi\u00f3n se ha establecido una labor coordinada entre el Estado y los municipios, permitiendo gestiones r\u00e1pidas y oportunas por parte de las polic\u00edas. Un ejemplo reciente, es el robo a diferentes establecimientos de la comuna de Ays\u00e9n y que termin\u00f3 r\u00e1pidamente con una persona detenida gracias a una acci\u00f3n efectiva y coordinada.<\/p>\n<p style=\"text-align: justify;\">Al respecto la Seremi de Gobierno, \u00darsula Mix Jim\u00e9nez, hace un llamado a las ayseninas y ayseninos a confiar en el desempe\u00f1o de las instituciones y las polic\u00edas: \u201cLe podemos dar la tranquilidad a la comunidad que estamos trabajando para ustedes y que estamos cuid\u00e1ndolos de buena manera\u201d, se\u00f1al\u00f3.<\/p>\n<p style=\"text-align: justify;\">Tambi\u00e9n, se han implementado diversas iniciativas para fortalecer la gesti\u00f3n municipal en seguridad y prevenci\u00f3n, incluyendo 17 instancias formativas en las 10 comunas de la regi\u00f3n. Se han financiado proyectos en funci\u00f3n del \u00edndice de vulnerabilidad sociodelictual (IVSD), a trav\u00e9s de recursos entregados por la Subsecretar\u00eda de Prevenci\u00f3n del Delito. A esto se suma el proyecto de equidad e innovaci\u00f3n de la Municipalidad de Coyhaique, que incorpor\u00f3 una Tablet para el desarrollo de patrullaje inteligente.<\/p>\n<p style=\"text-align: justify;\">Por otra parte, mediante asignaciones directas de la Subsecretar\u00eda de Prevenci\u00f3n del Delito, se ha fortalecido el patrullaje municipal con la adquisici\u00f3n de veh\u00edculos para los municipios de Coyhaique, Lago Verde, Cisnes, O\u2019Higgins, R\u00edo Ib\u00e1\u00f1ez y Guaitecas. A esto, se suman\u00a0 la firma de convenios de patrullaje preventivo en nueve comunas de la regi\u00f3n.<\/p>\n<p style=\"text-align: justify;\">Otro avance en seguridad es la puesta en marcha de Denuncia Seguro, que permite la realizaci\u00f3n de denuncias seguras, an\u00f3nimas y gratuitas y que ha incrementado su uso en la regi\u00f3n. Se pueden realizar denuncias a trav\u00e9s de <a href=\"http:\/\/www.denunciaseguro.cl\">www.denunciaseguro.cl<\/a> las 24 horas del d\u00eda v\u00eda web o al tel\u00e9fono *4242, al que se puede llamar los 365 d\u00edas del a\u00f1o.<\/p>\n<p style=\"text-align: justify;\">Finalmente, la Seremi de Seguridad P\u00fablica Ruth Vallejos, se refiri\u00f3 a los hechos recientes y a la labor en materia de seguridad:<strong> \u201c<\/strong>El profesionalismo y la rapidez que demuestra esta causa, tambi\u00e9n nos puede dar la tranquilidad de una r\u00e1pida soluci\u00f3n a todos estos casos policiales\u201d.<\/p>\n<\/div><\/section><\/div><div  style='height:50px' class='hr hr-invisible   avia-builder-el-6  el_after_av_one_full  el_before_av_social_share '><span class='hr-inner ' ><span class='hr-inner-style'><\/span><\/span><\/div><\/p>\n<div  class='av-social-sharing-box  avia-builder-el-7  el_after_av_hr  el_before_av_hr  '><div class='av-share-box'><h5 class='av-share-link-description av-no-toc '>Compartir esta noticia<\/h5><ul class='av-share-box-list noLightbox'><li class='av-share-link av-social-link-facebook' ><a target=\"_blank\" aria-label=\"Compartir en Facebook\" href='https:\/\/www.facebook.com\/sharer.php?u=https:\/\/radiorevelacionfm.cl\/?p=53551&#038;t=Ays%C3%A9n%3A%20medidas%20para%20avanzar%20a%20ser%20una%20regi%C3%B3n%20m%C3%A1s%20segura' aria-hidden='false' data-av_icon='\ue8f3' data-av_iconfont='entypo-fontello' title='' data-avia-related-tooltip='Compartir en Facebook' rel=\"noopener\"><span class='avia_hidden_link_text'>Compartir en Facebook<\/span><\/a><\/li><li class='av-share-link av-social-link-twitter' ><a target=\"_blank\" aria-label=\"Compartir en Twitter\" href='https:\/\/twitter.com\/share?text=Ays%C3%A9n%3A%20medidas%20para%20avanzar%20a%20ser%20una%20regi%C3%B3n%20m%C3%A1s%20segura&#038;url=https:\/\/radiorevelacionfm.cl\/?p=53551' aria-hidden='false' data-av_icon='\ue8f1' data-av_iconfont='entypo-fontello' title='' data-avia-related-tooltip='Compartir en Twitter' rel=\"noopener\"><span class='avia_hidden_link_text'>Compartir en Twitter<\/span><\/a><\/li><li class='av-share-link av-social-link-whatsapp' ><a target=\"_blank\" aria-label=\"Compartir en Whatsapp\" href='https:\/\/api.whatsapp.com\/send?text=https:\/\/radiorevelacionfm.cl\/?p=53551' aria-hidden='false' data-av_icon='\uf232' data-av_iconfont='entypo-fontello' title='' data-avia-related-tooltip='Compartir en Whatsapp' rel=\"noopener\"><span class='avia_hidden_link_text'>Compartir en Whatsapp<\/span><\/a><\/li><li class='av-share-link av-social-link-linkedin' ><a target=\"_blank\" aria-label=\"Compartir en LinkedIn\" href='https:\/\/linkedin.com\/shareArticle?mini=true&#038;title=Ays%C3%A9n%3A%20medidas%20para%20avanzar%20a%20ser%20una%20regi%C3%B3n%20m%C3%A1s%20segura&#038;url=https:\/\/radiorevelacionfm.cl\/?p=53551' aria-hidden='false' data-av_icon='\ue8fc' data-av_iconfont='entypo-fontello' title='' data-avia-related-tooltip='Compartir en LinkedIn' rel=\"noopener\"><span class='avia_hidden_link_text'>Compartir en LinkedIn<\/span><\/a><\/li><li class='av-share-link av-social-link-mail' ><a  aria-label=\"Compartir por correo\" href='mailto:?subject=Ays%C3%A9n%3A%20medidas%20para%20avanzar%20a%20ser%20una%20regi%C3%B3n%20m%C3%A1s%20segura&#038;body=https:\/\/radiorevelacionfm.cl\/?p=53551' aria-hidden='false' data-av_icon='\ue805' data-av_iconfont='entypo-fontello' title='' data-avia-related-tooltip='Compartir por correo'><span class='avia_hidden_link_text'>Compartir por correo<\/span><\/a><\/li><\/ul><\/div><\/div>\n<div  style='height:50px' class='hr hr-invisible   avia-builder-el-8  el_after_av_social_share  el_before_av_comments_list '><span class='hr-inner ' ><span class='hr-inner-style'><\/span><\/span><\/div>\n<div  class='av-buildercomment  av-blog-meta-html-info-disabled av-blog-meta-tag-disabled  '><\/div>\n","protected":false},"excerpt":{"rendered":"","protected":false},"author":1,"featured_media":53553,"comment_status":"closed","ping_status":"closed","sticky":false,"template":"","format":"standard","meta":{"footnotes":""},"categories":[38],"tags":[],"class_list":["post-53551","post","type-post","status-publish","format-standard","has-post-thumbnail","hentry","category-regional"],"jetpack_featured_media_url":"https:\/\/radiorevelacionfm.cl\/wp-content\/uploads\/2025\/05\/foto-comunicado-seguridad-1_optimized.jpg","_links":{"self":[{"href":"https:\/\/radiorevelacionfm.cl\/index.php?rest_route=\/wp\/v2\/posts\/53551","targetHints":{"allow":["GET"]}}],"collection":[{"href":"https:\/\/radiorevelacionfm.cl\/index.php?rest_route=\/wp\/v2\/posts"}],"about":[{"href":"https:\/\/radiorevelacionfm.cl\/index.php?rest_route=\/wp\/v2\/types\/post"}],"author":[{"embeddable":true,"href":"https:\/\/radiorevelacionfm.cl\/index.php?rest_route=\/wp\/v2\/users\/1"}],"replies":[{"embeddable":true,"href":"https:\/\/radiorevelacionfm.cl\/index.php?rest_route=%2Fwp%2Fv2%2Fcomments&post=53551"}],"version-history":[{"count":2,"href":"https:\/\/radiorevelacionfm.cl\/index.php?rest_route=\/wp\/v2\/posts\/53551\/revisions"}],"predecessor-version":[{"id":53565,"href":"https:\/\/radiorevelacionfm.cl\/index.php?rest_route=\/wp\/v2\/posts\/53551\/revisions\/53565"}],"wp:featuredmedia":[{"embeddable":true,"href":"https:\/\/radiorevelacionfm.cl\/index.php?rest_route=\/wp\/v2\/media\/53553"}],"wp:attachment":[{"href":"https:\/\/radiorevelacionfm.cl\/index.php?rest_route=%2Fwp%2Fv2%2Fmedia&parent=53551"}],"wp:term":[{"taxonomy":"category","embeddable":true,"href":"https:\/\/radiorevelacionfm.cl\/index.php?rest_route=%2Fwp%2Fv2%2Fcategories&post=53551"},{"taxonomy":"post_tag","embeddable":true,"href":"https:\/\/radiorevelacionfm.cl\/index.php?rest_route=%2Fwp%2Fv2%2Ftags&post=53551"}],"curies":[{"name":"wp","href":"https:\/\/api.w.org\/{rel}","templated":true}]}}