{"id":5355,"date":"2021-06-16T20:42:35","date_gmt":"2021-06-16T23:42:35","guid":{"rendered":"https:\/\/radiorevelacionfm.cl\/?p=5355"},"modified":"2021-06-16T20:42:35","modified_gmt":"2021-06-16T23:42:35","slug":"ministro-isamit-firma-decreto-para-unificar-el-terreno-de-escuela-espana","status":"publish","type":"post","link":"https:\/\/radiorevelacionfm.cl\/?p=5355","title":{"rendered":"Ministro Isamit firma decreto para unificar el terreno de Escuela Espa\u00f1a"},"content":{"rendered":"<div class=\"flex_column av_one_full  flex_column_div av-zero-column-padding first  avia-builder-el-0  el_before_av_one_full  avia-builder-el-first  \" style='border-radius:0px; '><div  class='avia-image-container  av-styling-    avia-builder-el-1  avia-builder-el-no-sibling  avia-align-center '  itemprop=\"image\" itemscope=\"itemscope\" itemtype=\"https:\/\/schema.org\/ImageObject\"  ><div class='avia-image-container-inner'><div class='avia-image-overlay-wrap'><img decoding=\"async\" class='wp-image-0 avia-img-lazy-loading-not-0 avia_image' src=\"https:\/\/radiorevelacionfm.cl\/wp-content\/uploads\/2021\/06\/BBNN1-1-1.jpeg\" alt='' title=''   itemprop=\"thumbnailUrl\"  \/><\/div><\/div><\/div><\/div><div class=\"flex_column av_one_full  flex_column_div av-zero-column-padding first  avia-builder-el-2  el_after_av_one_full  el_before_av_one_full  column-top-margin\" style='border-radius:0px; '><section class=\"av_textblock_section \"  itemscope=\"itemscope\" itemtype=\"https:\/\/schema.org\/BlogPosting\" itemprop=\"blogPost\" ><div class='avia_textblock  '   itemprop=\"text\" ><p style=\"text-align: center;\"><span style=\"font-size: 18pt;\"><strong>Ministro Isamit firma decreto para unificar el terreno de Escuela Espa\u00f1a <\/strong><\/span><\/p>\n<div id=\"gtx-trans\" style=\"position: absolute; left: -50px; top: 4.31534px;\">\n<div class=\"gtx-trans-icon\"><\/div>\n<\/div>\n<\/div><\/section><\/div><div class=\"flex_column av_one_full  flex_column_div av-zero-column-padding first  avia-builder-el-4  el_after_av_one_full  el_before_av_hr  column-top-margin\" style='border-radius:0px; '><section class=\"av_textblock_section \"  itemscope=\"itemscope\" itemtype=\"https:\/\/schema.org\/BlogPosting\" itemprop=\"blogPost\" ><div class='avia_textblock  '   itemprop=\"text\" ><p style=\"text-align: justify;\">Ayer martes 15 de junio se dio un nuevo y gran paso para culminar el proceso del proyecto de la Escuela Diferencial Espa\u00f1a de Coyhaique, lo anterior luego que el Ministro de Bienes Nacionales Julio Isamit firmara el decreto que unificar\u00e1 los terrenos, tras la donaci\u00f3n efectuada por la municipalidad de Coyhaique.<\/p>\n<p style=\"text-align: justify;\">La noticia la confirm\u00f3 el propio jefe de la cartera v\u00eda zoom \u2013 donde tambi\u00e9n dijeron presente la Intendenta Margarita Ossa Rojas, la seremi Ana Mar\u00eda Mora, la directora del recinto Maciel Acu\u00f1a, el presidente del Centro de Padres Santos M\u00e1rquez y los parlamentarios de la regi\u00f3n David Sandoval, Miguel \u00c1ngel Calisto y Ren\u00e9 Alinco \u2013 quienes tambi\u00e9n han sido parte del proceso.<\/p>\n<p style=\"text-align: justify;\">Tras el anuncio y posterior firma del decreto, el Ministro Isamit explic\u00f3 que \u201ccomo Ministerio de Bienes Nacionales estamos muy contentos de que le pudimos dar una respuesta concreta y positiva a los apoderados y a la comunidad de la Escuela Espa\u00f1a. Sabemos que este establecimiento cumple un rol fundamental en la Regi\u00f3n de Ays\u00e9n y seguiremos trabajando para que se concrete lo antes posible. La educaci\u00f3n es una prioridad y todo lo que vaya en directo beneficio de los estudiantes y las familias, lo impulsaremos\u201d, dijo.<\/p>\n<p style=\"text-align: justify;\">Por su parte, la Intendenta Margarita Ossa Rojas dijo estar muy contenta tras conocerse la sesi\u00f3n del terreno, indicando que \u201cestuvimos junto al Centro de Padres, su directores, los diputados Alinco y Calisto para compartir esta importante noticia donde el ministro firm\u00f3 el documento pertinente para continuar con el proceso que nos corresponde como regi\u00f3n elaborar para apresurar este proyecto tan anhelado por toda la comunidad que forman parte de la Escuela Espa\u00f1a\u201d.<\/p>\n<p style=\"text-align: justify;\">De acuerdo a la seremi de Bienes Nacionales, Ana Mar\u00eda Mora, los pasos a seguir ahora son continuar con el proceso administrativo para posteriormente hacer llegar los antecedentes a sus pares de Educaci\u00f3n. Sobre lo mismo, la titular dijo que \u201cel Ministro Julio Isamit nos hizo llegar el decreto firmado donde se acepta la donaci\u00f3n para fusionar los terrenos donde est\u00e1 la Escuela Espa\u00f1a y donde se va hacer el proyecto con el nuevo colegio. Feliz y noticias como esta nos gusta entregar a la comunidad y que pronto lo vamos a transferir al ministerio de Educaci\u00f3n para que se concrete este proyecto para la regi\u00f3n de Ays\u00e9n\u201d, explic\u00f3.<\/p>\n<p style=\"text-align: justify;\">Como un \u201ctremendo paso\u201d calific\u00f3 el senador David Sandoval el avance que va teniendo el proyecto de la Escuela Espa\u00f1a, explicando que \u201ces una escuela emblem\u00e1tica, pionera en nuestra regi\u00f3n en la atenci\u00f3n de ni\u00f1os con capacidades diferentes y eso nos alegra de sobremanera porque este un proceso que hoy d\u00eda se ha logrado materializar a trav\u00e9s de la donaci\u00f3n que hace la municipalidad al fisco de los terrenos que van a permitir llevar adelante la construcci\u00f3n, que ha significado un anhelo de generaciones de padres y apoderados, de j\u00f3venes que hoy los vemos insertos en nuestra comunidad y por cierto de la propia comunidad escolar\u201d, indic\u00f3.<\/p>\n<p style=\"text-align: justify;\">Desde Valpara\u00edso, el diputado Ren\u00e9 Alinco se\u00f1al\u00f3 que lo planteado por Bienes Nacionales es \u201cuna noticia muy importante y muy esperada que es la regularizaci\u00f3n de los terrenos para que de una vez por todas empiece la construcci\u00f3n del proyecto definitivo de infraestructura para esta escuela que es la Escuela Espa\u00f1a de Coyhaique; yo felicito a las autoridades, padres y apoderados y al cuerpo directivo que se esforz\u00f3 tanto para que este proyecto se concrete\u201d.<\/p>\n<p style=\"text-align: justify;\"><strong>Comunidad Educativa<\/strong><\/p>\n<p style=\"text-align: justify;\">Como era de esperar, la noticia expuesta por el Ministro Isamit fue muy bien recibida por los representantes de la Escuela Espa\u00f1a de Coyhaique, quienes valoraron el trabajo efectuado en estos \u00faltimos meses.<\/p>\n<p style=\"text-align: justify;\">De acuerdo a Maciel Acu\u00f1a, directora de la Escuela, tras el traspaso aceptado \u201cpermitir\u00e1 agilizar la construcci\u00f3n de la esperada Escuela Espa\u00f1a, es una muy buena noticia para nosotros, estamos muy contento de recibirla porque llevamos muchos tiempo como comunidad educativa esperando este traspaso para poder hacer realidad un sue\u00f1o que compromete mucho a nuestras familias y apoderados que han dado una larga lucha por este proceso y que va en beneficio de nuestros alumnos\u201d, indic\u00f3.<\/p>\n<p style=\"text-align: justify;\">Desde el Centro de Padres de la instituci\u00f3n, Santos M\u00e1rquez tambi\u00e9n se sum\u00f3 a las buenas sensaciones, apuntando hacia el ministerio de Bienes Nacionales \u201cpor la gesti\u00f3n y el compromiso que adquiri\u00f3 el ministro y hoy se firma un documento s\u00faper importante para nosotros que es el decreto que nos permite fusionar los dos terrenos y seguir avanzando con nuestro tan anhelado proyecto de reposici\u00f3n de la Escuela Espa\u00f1a\u201d, concluy\u00f3.<\/p>\n<\/div><\/section><\/div><div  style='height:50px' class='hr hr-invisible   avia-builder-el-6  el_after_av_one_full  el_before_av_social_share '><span class='hr-inner ' ><span class='hr-inner-style'><\/span><\/span><\/div><\/p>\n<div  class='av-social-sharing-box  avia-builder-el-7  el_after_av_hr  el_before_av_hr  '><div class='av-share-box'><h5 class='av-share-link-description av-no-toc '>Compartir esta noticia<\/h5><ul class='av-share-box-list noLightbox'><li class='av-share-link av-social-link-facebook' ><a target=\"_blank\" aria-label=\"Compartir en Facebook\" href='https:\/\/www.facebook.com\/sharer.php?u=https:\/\/radiorevelacionfm.cl\/?p=5355&#038;t=Ministro%20Isamit%20firma%20decreto%20para%20unificar%20el%20terreno%20de%20Escuela%20Espa%C3%B1a' aria-hidden='false' data-av_icon='\ue8f3' data-av_iconfont='entypo-fontello' title='' data-avia-related-tooltip='Compartir en Facebook' rel=\"noopener\"><span class='avia_hidden_link_text'>Compartir en Facebook<\/span><\/a><\/li><li class='av-share-link av-social-link-twitter' ><a target=\"_blank\" aria-label=\"Compartir en Twitter\" href='https:\/\/twitter.com\/share?text=Ministro%20Isamit%20firma%20decreto%20para%20unificar%20el%20terreno%20de%20Escuela%20Espa%C3%B1a&#038;url=https:\/\/radiorevelacionfm.cl\/?p=5355' aria-hidden='false' data-av_icon='\ue8f1' data-av_iconfont='entypo-fontello' title='' data-avia-related-tooltip='Compartir en Twitter' rel=\"noopener\"><span class='avia_hidden_link_text'>Compartir en Twitter<\/span><\/a><\/li><li class='av-share-link av-social-link-whatsapp' ><a target=\"_blank\" aria-label=\"Compartir en Whatsapp\" href='https:\/\/api.whatsapp.com\/send?text=https:\/\/radiorevelacionfm.cl\/?p=5355' aria-hidden='false' data-av_icon='\uf232' data-av_iconfont='entypo-fontello' title='' data-avia-related-tooltip='Compartir en Whatsapp' rel=\"noopener\"><span class='avia_hidden_link_text'>Compartir en Whatsapp<\/span><\/a><\/li><li class='av-share-link av-social-link-linkedin' ><a target=\"_blank\" aria-label=\"Compartir en LinkedIn\" href='https:\/\/linkedin.com\/shareArticle?mini=true&#038;title=Ministro%20Isamit%20firma%20decreto%20para%20unificar%20el%20terreno%20de%20Escuela%20Espa%C3%B1a&#038;url=https:\/\/radiorevelacionfm.cl\/?p=5355' aria-hidden='false' data-av_icon='\ue8fc' data-av_iconfont='entypo-fontello' title='' data-avia-related-tooltip='Compartir en LinkedIn' rel=\"noopener\"><span class='avia_hidden_link_text'>Compartir en LinkedIn<\/span><\/a><\/li><li class='av-share-link av-social-link-mail' ><a  aria-label=\"Compartir por correo\" href='mailto:?subject=Ministro%20Isamit%20firma%20decreto%20para%20unificar%20el%20terreno%20de%20Escuela%20Espa%C3%B1a&#038;body=https:\/\/radiorevelacionfm.cl\/?p=5355' aria-hidden='false' data-av_icon='\ue805' data-av_iconfont='entypo-fontello' title='' data-avia-related-tooltip='Compartir por correo'><span class='avia_hidden_link_text'>Compartir por correo<\/span><\/a><\/li><\/ul><\/div><\/div>\n<div  style='height:50px' class='hr hr-invisible   avia-builder-el-8  el_after_av_social_share  el_before_av_comments_list '><span class='hr-inner ' ><span class='hr-inner-style'><\/span><\/span><\/div>\n<div  class='av-buildercomment  av-blog-meta-html-info-disabled av-blog-meta-tag-disabled  '><\/div>\n","protected":false},"excerpt":{"rendered":"","protected":false},"author":1,"featured_media":0,"comment_status":"open","ping_status":"open","sticky":false,"template":"","format":"standard","meta":{"footnotes":""},"categories":[49],"tags":[],"class_list":["post-5355","post","type-post","status-publish","format-standard","hentry","category-educacion"],"jetpack_featured_media_url":"","_links":{"self":[{"href":"https:\/\/radiorevelacionfm.cl\/index.php?rest_route=\/wp\/v2\/posts\/5355","targetHints":{"allow":["GET"]}}],"collection":[{"href":"https:\/\/radiorevelacionfm.cl\/index.php?rest_route=\/wp\/v2\/posts"}],"about":[{"href":"https:\/\/radiorevelacionfm.cl\/index.php?rest_route=\/wp\/v2\/types\/post"}],"author":[{"embeddable":true,"href":"https:\/\/radiorevelacionfm.cl\/index.php?rest_route=\/wp\/v2\/users\/1"}],"replies":[{"embeddable":true,"href":"https:\/\/radiorevelacionfm.cl\/index.php?rest_route=%2Fwp%2Fv2%2Fcomments&post=5355"}],"version-history":[{"count":1,"href":"https:\/\/radiorevelacionfm.cl\/index.php?rest_route=\/wp\/v2\/posts\/5355\/revisions"}],"predecessor-version":[{"id":5357,"href":"https:\/\/radiorevelacionfm.cl\/index.php?rest_route=\/wp\/v2\/posts\/5355\/revisions\/5357"}],"wp:attachment":[{"href":"https:\/\/radiorevelacionfm.cl\/index.php?rest_route=%2Fwp%2Fv2%2Fmedia&parent=5355"}],"wp:term":[{"taxonomy":"category","embeddable":true,"href":"https:\/\/radiorevelacionfm.cl\/index.php?rest_route=%2Fwp%2Fv2%2Fcategories&post=5355"},{"taxonomy":"post_tag","embeddable":true,"href":"https:\/\/radiorevelacionfm.cl\/index.php?rest_route=%2Fwp%2Fv2%2Ftags&post=5355"}],"curies":[{"name":"wp","href":"https:\/\/api.w.org\/{rel}","templated":true}]}}