{"id":53548,"date":"2025-05-06T17:51:22","date_gmt":"2025-05-06T20:51:22","guid":{"rendered":"https:\/\/radiorevelacionfm.cl\/?p=53548"},"modified":"2025-05-06T18:05:30","modified_gmt":"2025-05-06T21:05:30","slug":"tras-varios-anos-de-esfuerzo-7-adultos-mayores-de-cochrane-recibieron-las-llaves-de-su-casa-propia","status":"publish","type":"post","link":"https:\/\/radiorevelacionfm.cl\/?p=53548","title":{"rendered":"Tras varios a\u00f1os de esfuerzo 7 Adultos mayores de Cochrane recibieron las llaves de su casa propia"},"content":{"rendered":"<div class=\"flex_column av_one_full  flex_column_div av-zero-column-padding first  avia-builder-el-0  el_before_av_one_full  avia-builder-el-first  \" style='border-radius:0px; '><div  class='avia-image-container  av-styling-    avia-builder-el-1  avia-builder-el-no-sibling  avia-align-center '  itemprop=\"image\" itemscope=\"itemscope\" itemtype=\"https:\/\/schema.org\/ImageObject\"  ><div class='avia-image-container-inner'><div class='avia-image-overlay-wrap'><img decoding=\"async\" class='wp-image-53549 avia-img-lazy-loading-not-53549 avia_image' src=\"https:\/\/radiorevelacionfm.cl\/wp-content\/uploads\/2025\/05\/viviendas-de-calidad-y-alto-estandar-recibieron-7-adultos-mayores-de-cochrane-1_optimized.jpg\" alt='' title='viviendas-de-calidad-y-alto-est\u00e1ndar-recibieron-7-adultos-mayores-de-cochrane-(1)_optimized' height=\"780\" width=\"800\"  itemprop=\"thumbnailUrl\" srcset=\"https:\/\/radiorevelacionfm.cl\/wp-content\/uploads\/2025\/05\/viviendas-de-calidad-y-alto-estandar-recibieron-7-adultos-mayores-de-cochrane-1_optimized.jpg 800w, https:\/\/radiorevelacionfm.cl\/wp-content\/uploads\/2025\/05\/viviendas-de-calidad-y-alto-estandar-recibieron-7-adultos-mayores-de-cochrane-1_optimized-300x293.jpg 300w, https:\/\/radiorevelacionfm.cl\/wp-content\/uploads\/2025\/05\/viviendas-de-calidad-y-alto-estandar-recibieron-7-adultos-mayores-de-cochrane-1_optimized-768x749.jpg 768w, https:\/\/radiorevelacionfm.cl\/wp-content\/uploads\/2025\/05\/viviendas-de-calidad-y-alto-estandar-recibieron-7-adultos-mayores-de-cochrane-1_optimized-36x36.jpg 36w, https:\/\/radiorevelacionfm.cl\/wp-content\/uploads\/2025\/05\/viviendas-de-calidad-y-alto-estandar-recibieron-7-adultos-mayores-de-cochrane-1_optimized-705x687.jpg 705w, https:\/\/radiorevelacionfm.cl\/wp-content\/uploads\/2025\/05\/viviendas-de-calidad-y-alto-estandar-recibieron-7-adultos-mayores-de-cochrane-1_optimized-450x439.jpg 450w, https:\/\/radiorevelacionfm.cl\/wp-content\/uploads\/2025\/05\/viviendas-de-calidad-y-alto-estandar-recibieron-7-adultos-mayores-de-cochrane-1_optimized-600x585.jpg 600w\" sizes=\"(max-width: 800px) 100vw, 800px\" \/><\/div><\/div><\/div><\/div><div class=\"flex_column av_one_full  flex_column_div av-zero-column-padding first  avia-builder-el-2  el_after_av_one_full  el_before_av_one_full  column-top-margin\" style='border-radius:0px; '><section class=\"av_textblock_section \"  itemscope=\"itemscope\" itemtype=\"https:\/\/schema.org\/BlogPosting\" itemprop=\"blogPost\" ><div class='avia_textblock  '   itemprop=\"text\" ><p style=\"text-align: center;\"><strong><span style=\"font-size: 18pt;\">Tras varios a\u00f1os de esfuerzo 7 Adultos mayores de Cochrane recibieron las llaves de su casa propia<\/span><\/strong><\/p>\n<div id=\"gtx-trans\" style=\"position: absolute; left: -50px; top: 4.31534px;\">\n<div class=\"gtx-trans-icon\"><\/div>\n<\/div>\n<\/div><\/section><\/div><div class=\"flex_column av_one_full  flex_column_div av-zero-column-padding first  avia-builder-el-4  el_after_av_one_full  el_before_av_hr  column-top-margin\" style='border-radius:0px; '><section class=\"av_textblock_section \"  itemscope=\"itemscope\" itemtype=\"https:\/\/schema.org\/BlogPosting\" itemprop=\"blogPost\" ><div class='avia_textblock  '   itemprop=\"text\" ><p style=\"text-align: justify;\">Siete familias de la comuna de Cochrane, integradas en su totalidad por adultos mayores, recibieron recientemente las esperadas llaves de su casa propia, anhelo de toda una vida que se hizo realidad a trav\u00e9s de los subsidios que entrega el Ministerio de Vivienda y Urbanismo en el marco de su Programa de habitabilidad Rural, en la modalidad de construcci\u00f3n en sitio residente.<\/p>\n<p style=\"text-align: justify;\">Para compartir el emotivo momento, se traslad\u00f3 hasta el sur de la regi\u00f3n la Seremi de Vivienda y Urbanismo, Paulina Ruz Delf\u00edn, quien hizo entrega de las siete viviendas acompa\u00f1ada por el Alcalde Patricio Ulloa y la Jefa provincial del Serviu, Tatiana Aguilera, adem\u00e1s de familiares de los beneficiarios.<\/p>\n<p style=\"text-align: justify;\">Tal como destac\u00f3 la Seremi Paulina Ruz, se trat\u00f3 de un encuentro muy emotivo y especial, ya que los beneficiarios son adultos mayores que integran los comit\u00e9s Los Arrieros I y II, adem\u00e1s de dos beneficiarios individuales que esperaban por varios a\u00f1os una soluci\u00f3n definitiva. \u201cEstamos muy felices por estas familias y orgullosos del trabajo que estamos realizando en el marco del Plan de Emergencia Habitacional del Gobierno, que llega con soluciones concretas a los sectores urbanos y rurales de las diez comunas de la regi\u00f3n. Adem\u00e1s, son soluciones de llamativo dise\u00f1o y calidad, las que vienen a reemplazar los antiguos inmuebles que fueron demolidos tras ser declarados inhabitables, para dar paso a estas hermosas viviendas que cumplen con todas las exigencias de la norma t\u00e9rmica que se requiere en esta zona y donde se incluyen dos proyectos adaptados para atender a personas con movilidad reducida. Esta es solo una muestra de lo que estamos haciendo desde el Minvu, donde m\u00e1s que los n\u00fameros el foco principal siempre ha estado puesto en mejorar la calidad de vida de los vecinos y vecinas de toda la regi\u00f3n\u201d, precis\u00f3.<\/p>\n<p style=\"text-align: justify;\">De igual forma, una de las beneficiarias, Lucila Aguilar, agradeci\u00f3 el apoyo recibido y se mostr\u00f3 feliz de tener por fin las llaves de su casa en la mano. \u201cLas viviendas son muy bonitas y de buena calidad. Estamos ya disfrutando de nuestras viviendas en este minuto. Estoy agradecida tambi\u00e9n del Ministerio de Vivienda y Urbanismo, la se\u00f1orita Paulina Ruz, y toda la gente que estuvo involucrada en este hermoso proyecto que se demor\u00f3 poco durante la ejecuci\u00f3n. Son viviendas grandes y se componen de una le\u00f1era y yo estoy muy contenta porque estas casas nos van a servir por muchos a\u00f1os, porque son muy s\u00f3lidas\u201d, manifest\u00f3.<\/p>\n<p style=\"text-align: justify;\">La jefa del Departamento Provincial de Serviu Cochrane, Tatiana Aguilera, record\u00f3 que era un proyecto muy sentido, ya que los beneficiarios ten\u00edan un subsidio otorgado desde el 2019 en una postulaci\u00f3n que se realiz\u00f3 sin proyecto, como lo permit\u00eda la modalidad en ese momento. \u201cAdem\u00e1s, sufri\u00f3 varios inconvenientes en el dise\u00f1o, lo que lo llev\u00f3 a aplicar la renuncia de estos subsidios para poder ajustarlo a los montos actuales y entregarles unas viviendas con mejor est\u00e1ndar. Se consideran algunas viviendas con adaptaci\u00f3n para personas con movilidad reducida, todas con alto est\u00e1ndar t\u00e9rmico y con un nivel que eleva la calidad de las construcciones entregadas por el Serviu en estos \u00faltimos a\u00f1os. As\u00ed es que muy contentos por haber concretado este proyecto dentro de los plazos. La constructora fue muy aplicada, resolvi\u00f3 a tiempo y ejecut\u00f3 correctamente los subsidios. \u00a0Sin duda estos proyectos marcan un antes y un despu\u00e9s para la comuna y para los est\u00e1ndares que queremos implementar en la zona\u201d, afirm\u00f3.<\/p>\n<p style=\"text-align: justify;\">Las obras de construcci\u00f3n de las siete viviendas de Cochrane se iniciaron marzo del a\u00f1o pasado bajo la asesor\u00eda de la entidad patrocinante municipal y a trav\u00e9s de la empresa constructora Sociedad hermanos Montecinos SPA, con un plazo de ejecuci\u00f3n de un a\u00f1o aproximadamente. El fiscalizador t\u00e9cnico de obras fue Francisco Sandoval y la inversi\u00f3n total de estos proyectos habitacionales alcanz\u00f3 las 10 mil 470 unidades de fomento, es decir unos 407 millones de pesos aproximadamente.<\/p>\n<\/div><\/section><\/div><div  style='height:50px' class='hr hr-invisible   avia-builder-el-6  el_after_av_one_full  el_before_av_social_share '><span class='hr-inner ' ><span class='hr-inner-style'><\/span><\/span><\/div><\/p>\n<div  class='av-social-sharing-box  avia-builder-el-7  el_after_av_hr  el_before_av_hr  '><div class='av-share-box'><h5 class='av-share-link-description av-no-toc '>Compartir esta noticia<\/h5><ul class='av-share-box-list noLightbox'><li class='av-share-link av-social-link-facebook' ><a target=\"_blank\" aria-label=\"Compartir en Facebook\" href='https:\/\/www.facebook.com\/sharer.php?u=https:\/\/radiorevelacionfm.cl\/?p=53548&#038;t=Tras%20varios%20a%C3%B1os%20de%20esfuerzo%207%20Adultos%20mayores%20de%20Cochrane%20recibieron%20las%20llaves%20de%20su%20casa%20propia' aria-hidden='false' data-av_icon='\ue8f3' data-av_iconfont='entypo-fontello' title='' data-avia-related-tooltip='Compartir en Facebook' rel=\"noopener\"><span class='avia_hidden_link_text'>Compartir en Facebook<\/span><\/a><\/li><li class='av-share-link av-social-link-twitter' ><a target=\"_blank\" aria-label=\"Compartir en Twitter\" href='https:\/\/twitter.com\/share?text=Tras%20varios%20a%C3%B1os%20de%20esfuerzo%207%20Adultos%20mayores%20de%20Cochrane%20recibieron%20las%20llaves%20de%20su%20casa%20propia&#038;url=https:\/\/radiorevelacionfm.cl\/?p=53548' aria-hidden='false' data-av_icon='\ue8f1' data-av_iconfont='entypo-fontello' title='' data-avia-related-tooltip='Compartir en Twitter' rel=\"noopener\"><span class='avia_hidden_link_text'>Compartir en Twitter<\/span><\/a><\/li><li class='av-share-link av-social-link-whatsapp' ><a target=\"_blank\" aria-label=\"Compartir en Whatsapp\" href='https:\/\/api.whatsapp.com\/send?text=https:\/\/radiorevelacionfm.cl\/?p=53548' aria-hidden='false' data-av_icon='\uf232' data-av_iconfont='entypo-fontello' title='' data-avia-related-tooltip='Compartir en Whatsapp' rel=\"noopener\"><span class='avia_hidden_link_text'>Compartir en Whatsapp<\/span><\/a><\/li><li class='av-share-link av-social-link-linkedin' ><a target=\"_blank\" aria-label=\"Compartir en LinkedIn\" href='https:\/\/linkedin.com\/shareArticle?mini=true&#038;title=Tras%20varios%20a%C3%B1os%20de%20esfuerzo%207%20Adultos%20mayores%20de%20Cochrane%20recibieron%20las%20llaves%20de%20su%20casa%20propia&#038;url=https:\/\/radiorevelacionfm.cl\/?p=53548' aria-hidden='false' data-av_icon='\ue8fc' data-av_iconfont='entypo-fontello' title='' data-avia-related-tooltip='Compartir en LinkedIn' rel=\"noopener\"><span class='avia_hidden_link_text'>Compartir en LinkedIn<\/span><\/a><\/li><li class='av-share-link av-social-link-mail' ><a  aria-label=\"Compartir por correo\" href='mailto:?subject=Tras%20varios%20a%C3%B1os%20de%20esfuerzo%207%20Adultos%20mayores%20de%20Cochrane%20recibieron%20las%20llaves%20de%20su%20casa%20propia&#038;body=https:\/\/radiorevelacionfm.cl\/?p=53548' aria-hidden='false' data-av_icon='\ue805' data-av_iconfont='entypo-fontello' title='' data-avia-related-tooltip='Compartir por correo'><span class='avia_hidden_link_text'>Compartir por correo<\/span><\/a><\/li><\/ul><\/div><\/div>\n<div  style='height:50px' class='hr hr-invisible   avia-builder-el-8  el_after_av_social_share  el_before_av_comments_list '><span class='hr-inner ' ><span class='hr-inner-style'><\/span><\/span><\/div>\n<div  class='av-buildercomment  av-blog-meta-html-info-disabled av-blog-meta-tag-disabled  '><\/div>\n","protected":false},"excerpt":{"rendered":"","protected":false},"author":1,"featured_media":53549,"comment_status":"closed","ping_status":"closed","sticky":false,"template":"","format":"standard","meta":{"footnotes":""},"categories":[57],"tags":[],"class_list":["post-53548","post","type-post","status-publish","format-standard","has-post-thumbnail","hentry","category-vivienda"],"jetpack_featured_media_url":"https:\/\/radiorevelacionfm.cl\/wp-content\/uploads\/2025\/05\/viviendas-de-calidad-y-alto-estandar-recibieron-7-adultos-mayores-de-cochrane-1_optimized.jpg","_links":{"self":[{"href":"https:\/\/radiorevelacionfm.cl\/index.php?rest_route=\/wp\/v2\/posts\/53548","targetHints":{"allow":["GET"]}}],"collection":[{"href":"https:\/\/radiorevelacionfm.cl\/index.php?rest_route=\/wp\/v2\/posts"}],"about":[{"href":"https:\/\/radiorevelacionfm.cl\/index.php?rest_route=\/wp\/v2\/types\/post"}],"author":[{"embeddable":true,"href":"https:\/\/radiorevelacionfm.cl\/index.php?rest_route=\/wp\/v2\/users\/1"}],"replies":[{"embeddable":true,"href":"https:\/\/radiorevelacionfm.cl\/index.php?rest_route=%2Fwp%2Fv2%2Fcomments&post=53548"}],"version-history":[{"count":2,"href":"https:\/\/radiorevelacionfm.cl\/index.php?rest_route=\/wp\/v2\/posts\/53548\/revisions"}],"predecessor-version":[{"id":53555,"href":"https:\/\/radiorevelacionfm.cl\/index.php?rest_route=\/wp\/v2\/posts\/53548\/revisions\/53555"}],"wp:featuredmedia":[{"embeddable":true,"href":"https:\/\/radiorevelacionfm.cl\/index.php?rest_route=\/wp\/v2\/media\/53549"}],"wp:attachment":[{"href":"https:\/\/radiorevelacionfm.cl\/index.php?rest_route=%2Fwp%2Fv2%2Fmedia&parent=53548"}],"wp:term":[{"taxonomy":"category","embeddable":true,"href":"https:\/\/radiorevelacionfm.cl\/index.php?rest_route=%2Fwp%2Fv2%2Fcategories&post=53548"},{"taxonomy":"post_tag","embeddable":true,"href":"https:\/\/radiorevelacionfm.cl\/index.php?rest_route=%2Fwp%2Fv2%2Ftags&post=53548"}],"curies":[{"name":"wp","href":"https:\/\/api.w.org\/{rel}","templated":true}]}}