{"id":53545,"date":"2025-05-06T20:13:13","date_gmt":"2025-05-06T23:13:13","guid":{"rendered":"https:\/\/radiorevelacionfm.cl\/?p=53545"},"modified":"2025-05-06T20:13:13","modified_gmt":"2025-05-06T23:13:13","slug":"centro-de-actividades-de-montana-ind-en-cordon-divisadero-avanza-proyecto-clave-para-el-desarrollo-turistico-regional","status":"publish","type":"post","link":"https:\/\/radiorevelacionfm.cl\/?p=53545","title":{"rendered":"Centro de Actividades de Monta\u00f1a IND en Cord\u00f3n Divisadero: avanza proyecto clave para el desarrollo tur\u00edstico regional"},"content":{"rendered":"<div class=\"flex_column av_one_full  flex_column_div av-zero-column-padding first  avia-builder-el-0  el_before_av_one_full  avia-builder-el-first  \" style='border-radius:0px; '><div  class='avia-image-container  av-styling-    avia-builder-el-1  avia-builder-el-no-sibling  avia-align-center '  itemprop=\"image\" itemscope=\"itemscope\" itemtype=\"https:\/\/schema.org\/ImageObject\"  ><div class='avia-image-container-inner'><div class='avia-image-overlay-wrap'><img decoding=\"async\" class='wp-image-53546 avia-img-lazy-loading-not-53546 avia_image' src=\"https:\/\/radiorevelacionfm.cl\/wp-content\/uploads\/2025\/05\/diseno-sin-titulo-32-2-1-1_optimized-1.jpg\" alt='' title='dise\u00f1o-sin-t\u00edtulo-32-2-(1)-(1)_optimized (1)' height=\"600\" width=\"1596\"  itemprop=\"thumbnailUrl\" srcset=\"https:\/\/radiorevelacionfm.cl\/wp-content\/uploads\/2025\/05\/diseno-sin-titulo-32-2-1-1_optimized-1.jpg 1596w, https:\/\/radiorevelacionfm.cl\/wp-content\/uploads\/2025\/05\/diseno-sin-titulo-32-2-1-1_optimized-1-300x113.jpg 300w, https:\/\/radiorevelacionfm.cl\/wp-content\/uploads\/2025\/05\/diseno-sin-titulo-32-2-1-1_optimized-1-1030x387.jpg 1030w, https:\/\/radiorevelacionfm.cl\/wp-content\/uploads\/2025\/05\/diseno-sin-titulo-32-2-1-1_optimized-1-768x289.jpg 768w, https:\/\/radiorevelacionfm.cl\/wp-content\/uploads\/2025\/05\/diseno-sin-titulo-32-2-1-1_optimized-1-1536x577.jpg 1536w, https:\/\/radiorevelacionfm.cl\/wp-content\/uploads\/2025\/05\/diseno-sin-titulo-32-2-1-1_optimized-1-1500x564.jpg 1500w, https:\/\/radiorevelacionfm.cl\/wp-content\/uploads\/2025\/05\/diseno-sin-titulo-32-2-1-1_optimized-1-705x265.jpg 705w, https:\/\/radiorevelacionfm.cl\/wp-content\/uploads\/2025\/05\/diseno-sin-titulo-32-2-1-1_optimized-1-450x169.jpg 450w, https:\/\/radiorevelacionfm.cl\/wp-content\/uploads\/2025\/05\/diseno-sin-titulo-32-2-1-1_optimized-1-600x226.jpg 600w\" sizes=\"(max-width: 1596px) 100vw, 1596px\" \/><\/div><\/div><\/div><\/div><div class=\"flex_column av_one_full  flex_column_div av-zero-column-padding first  avia-builder-el-2  el_after_av_one_full  el_before_av_one_full  column-top-margin\" style='border-radius:0px; '><section class=\"av_textblock_section \"  itemscope=\"itemscope\" itemtype=\"https:\/\/schema.org\/BlogPosting\" itemprop=\"blogPost\" ><div class='avia_textblock  '   itemprop=\"text\" ><p style=\"text-align: center;\"><strong><span style=\"font-size: 18pt;\">Centro de Actividades de Monta\u00f1a IND en Cord\u00f3n Divisadero: avanza proyecto clave para el desarrollo tur\u00edstico regional<\/span><\/strong><\/p>\n<div id=\"gtx-trans\" style=\"position: absolute; left: -50px; top: 4.31534px;\">\n<div class=\"gtx-trans-icon\"><\/div>\n<\/div>\n<\/div><\/section><\/div><div class=\"flex_column av_one_full  flex_column_div av-zero-column-padding first  avia-builder-el-4  el_after_av_one_full  el_before_av_hr  column-top-margin\" style='border-radius:0px; '><section class=\"av_textblock_section \"  itemscope=\"itemscope\" itemtype=\"https:\/\/schema.org\/BlogPosting\" itemprop=\"blogPost\" ><div class='avia_textblock  '   itemprop=\"text\" ><p dir=\"ltr\" style=\"text-align: justify;\">La licitaci\u00f3n del estudio de prefactibilidad marca un paso decisivo para potenciar el deporte, el turismo y la recreaci\u00f3n en el Centro de actividades de Monta\u00f1a IND, promoviendo el uso sostenible de la monta\u00f1a durante todo el a\u00f1o.<\/p>\n<p dir=\"ltr\" style=\"text-align: justify;\">Coyhaique, 06 de mayo de 2025.- Con el objetivo de transformar al Cord\u00f3n Divisadero en un polo de actividades deportivas, recreativas y tur\u00edsticas durante todo el a\u00f1o, se abri\u00f3 el llamado a licitaci\u00f3n p\u00fablica para la realizaci\u00f3n del \u00abEstudio de Prefactibilidad para la Concesi\u00f3n del Centro de Actividades de Monta\u00f1a IND, Cord\u00f3n Divisadero, Coyhaique, Regi\u00f3n de Ays\u00e9n\u00bb. El proceso, disponible a trav\u00e9s del portal de Codesser (<a href=\"https:\/\/codesser.cl\/licitaciones\/\" target=\"_blank\" rel=\"noopener noreferrer\" data-saferedirecturl=\"https:\/\/www.google.com\/url?q=https:\/\/codesser.cl\/licitaciones\/&amp;source=gmail&amp;ust=1746645787456000&amp;usg=AOvVaw14BrEeyJPPrIkz2synhVT4\">https:\/\/codesser.cl\/<wbr \/>licitaciones\/<\/a>), convoca a empresas consultoras interesadas en evaluar la viabilidad social y econ\u00f3mica del proyecto, en un esfuerzo por dinamizar el deporte outdoor y el turismo regional.<\/p>\n<p dir=\"ltr\" style=\"text-align: justify;\">El trabajo colaborativo impulsado en la Mesa de Desarrollo del Cord\u00f3n Divisadero, liderada por el Gobierno Regional de Ays\u00e9n, refleja el compromiso local con el desarrollo sustentable, la diversificaci\u00f3n de la oferta tur\u00edstica y el fortalecimiento de espacios p\u00fablicos orientados al bienestar y la vida activa de la comunidad.<\/p>\n<p dir=\"ltr\" style=\"text-align: justify;\">FOCO MULTISECTORIAL<\/p>\n<p dir=\"ltr\" style=\"text-align: justify;\">Con financiamiento proveniente del Gobierno Regional de Ays\u00e9n, el proyecto integra a diversas instituciones, entre ellas los programas PER Turismo Ays\u00e9n y Apoyo a la Atracci\u00f3n de Inversiones de Corfo; el Instituto Nacional del Deporte (IND); las seremis de Deporte, Obras P\u00fablicas, y Desarrollo Social y Familia; SERNATUR; la Direcci\u00f3n General de Concesiones; y el propio Gobierno Regional. Esta colaboraci\u00f3n busca dar continuidad al \u00abPlan Divisadero Ays\u00e9n Patagonia\u00bb, iniciativa desarrollada entre 2020 y 2021 que sent\u00f3 las bases para potenciar el deporte y el turismo en las zonas de El Fraile y el Parque Recreativo Divisadero.<\/p>\n<p dir=\"ltr\" style=\"text-align: justify;\">El estudio de prefactibilidad contempla la elaboraci\u00f3n de un informe completo, que incluir\u00e1 un diagn\u00f3stico de la situaci\u00f3n actual, la identificaci\u00f3n del origen del proyecto, el an\u00e1lisis de alternativas de concesi\u00f3n, un estudio de mercado, evaluaciones t\u00e9cnicas, an\u00e1lisis econ\u00f3micos y la propuesta de escenarios viables. El presupuesto disponible para la ejecuci\u00f3n del estudio es de hasta 50 millones de pesos, impuestos incluidos, y se estima que la consultor\u00eda tendr\u00e1 una duraci\u00f3n de cuatro meses a partir del 6 de junio de 2025.<\/p>\n<p dir=\"ltr\" style=\"text-align: justify;\">\u201cEl impulso del Centro de Actividades de Monta\u00f1a de IND, representa una apuesta estrat\u00e9gica por diversificar nuestra oferta tur\u00edstica y deportiva, fortaleciendo la econom\u00eda local y generando nuevas oportunidades para la comunidad. Este proceso es conducente a concretar una concesi\u00f3n de largo plazo a un privado, lo que nos permitir\u00e1 avanzar decididamente en el fortalecimiento de infraestructura para el deporte de monta\u00f1a, el turismo y la recreaci\u00f3n de la regi\u00f3n\u00bb, destac\u00f3 el director de Corfo Ays\u00e9n, Humberto Mar\u00edn Leiva. \u00abDesde Corfo estamos comprometidos en trabajar de manera articulada para hacer realidad este sue\u00f1o, conectando deporte, naturaleza y desarrollo regional\u00bb.<\/p>\n<p dir=\"ltr\" style=\"text-align: justify;\">En tanto, la Seremi del Deporte, Mar\u00eda Eugenia Dur\u00e1n Jara, valor\u00f3 el avance del estudio de prefactibilidad como un hito clave en el camino hacia una concesi\u00f3n de largo plazo para el centro de monta\u00f1a del IND en el Cord\u00f3n Divisadero. \u201cDesde el Ministerio del Deporte celebramos la publicaci\u00f3n de la licitaci\u00f3n para el desarrollo de este estudio, ya que contar con informaci\u00f3n certera es fundamental para tomar decisiones responsables\u201d, se\u00f1al\u00f3. La autoridad destac\u00f3 que este paso se enmarca en el compromiso asumido por el Gobierno al inicio del a\u00f1o, entendiendo que se trata de un proceso de largo aliento, fruto de un trabajo intersectorial sostenido. \u201cCreemos que el deporte es un motor de integraci\u00f3n, de salud y de oportunidades\u201d, agreg\u00f3, enfatizando que esta iniciativa busca fomentar el acceso a la actividad f\u00edsica y al deporte al aire libre, priorizando el bienestar de las personas y la protecci\u00f3n del entorno natural.<\/p>\n<p dir=\"ltr\" style=\"text-align: justify;\">Las fechas del proceso de licitaci\u00f3n son las siguientes: el llamado se realiz\u00f3 el 25 de abril, las ofertas se recibir\u00e1n hasta el 25 de mayo de 2025 y el inicio del estudio est\u00e1 previsto para el 6 de junio del mismo a\u00f1o. La iniciativa tambi\u00e9n contempla un an\u00e1lisis detallado de las mejores alternativas de concesi\u00f3n para garantizar la sostenibilidad financiera y social del futuro Centro de Actividades de Monta\u00f1a.<\/p>\n<p dir=\"ltr\" style=\"text-align: justify;\">Con esta hoja de ruta, la Regi\u00f3n de Ays\u00e9n busca consolidarse como un referente nacional en turismo de monta\u00f1a, fortaleciendo la infraestructura deportiva y recreativa, dinamizando la econom\u00eda local y promoviendo un modelo de desarrollo sustentable basado en el cuidado del entorno natural.<\/p>\n<\/div><\/section><\/div><div  style='height:50px' class='hr hr-invisible   avia-builder-el-6  el_after_av_one_full  el_before_av_social_share '><span class='hr-inner ' ><span class='hr-inner-style'><\/span><\/span><\/div><\/p>\n<div  class='av-social-sharing-box  avia-builder-el-7  el_after_av_hr  el_before_av_hr  '><div class='av-share-box'><h5 class='av-share-link-description av-no-toc '>Compartir esta noticia<\/h5><ul class='av-share-box-list noLightbox'><li class='av-share-link av-social-link-facebook' ><a target=\"_blank\" aria-label=\"Compartir en Facebook\" href='https:\/\/www.facebook.com\/sharer.php?u=https:\/\/radiorevelacionfm.cl\/?p=53545&#038;t=Centro%20de%20Actividades%20de%20Monta%C3%B1a%20IND%20en%20Cord%C3%B3n%20Divisadero%3A%20avanza%20proyecto%20clave%20para%20el%20desarrollo%20tur%C3%ADstico%20regional' aria-hidden='false' data-av_icon='\ue8f3' data-av_iconfont='entypo-fontello' title='' data-avia-related-tooltip='Compartir en Facebook' rel=\"noopener\"><span class='avia_hidden_link_text'>Compartir en Facebook<\/span><\/a><\/li><li class='av-share-link av-social-link-twitter' ><a target=\"_blank\" aria-label=\"Compartir en Twitter\" href='https:\/\/twitter.com\/share?text=Centro%20de%20Actividades%20de%20Monta%C3%B1a%20IND%20en%20Cord%C3%B3n%20Divisadero%3A%20avanza%20proyecto%20clave%20para%20el%20desarrollo%20tur%C3%ADstico%20regional&#038;url=https:\/\/radiorevelacionfm.cl\/?p=53545' aria-hidden='false' data-av_icon='\ue8f1' data-av_iconfont='entypo-fontello' title='' data-avia-related-tooltip='Compartir en Twitter' rel=\"noopener\"><span class='avia_hidden_link_text'>Compartir en Twitter<\/span><\/a><\/li><li class='av-share-link av-social-link-whatsapp' ><a target=\"_blank\" aria-label=\"Compartir en Whatsapp\" href='https:\/\/api.whatsapp.com\/send?text=https:\/\/radiorevelacionfm.cl\/?p=53545' aria-hidden='false' data-av_icon='\uf232' data-av_iconfont='entypo-fontello' title='' data-avia-related-tooltip='Compartir en Whatsapp' rel=\"noopener\"><span class='avia_hidden_link_text'>Compartir en Whatsapp<\/span><\/a><\/li><li class='av-share-link av-social-link-linkedin' ><a target=\"_blank\" aria-label=\"Compartir en LinkedIn\" href='https:\/\/linkedin.com\/shareArticle?mini=true&#038;title=Centro%20de%20Actividades%20de%20Monta%C3%B1a%20IND%20en%20Cord%C3%B3n%20Divisadero%3A%20avanza%20proyecto%20clave%20para%20el%20desarrollo%20tur%C3%ADstico%20regional&#038;url=https:\/\/radiorevelacionfm.cl\/?p=53545' aria-hidden='false' data-av_icon='\ue8fc' data-av_iconfont='entypo-fontello' title='' data-avia-related-tooltip='Compartir en LinkedIn' rel=\"noopener\"><span class='avia_hidden_link_text'>Compartir en LinkedIn<\/span><\/a><\/li><li class='av-share-link av-social-link-mail' ><a  aria-label=\"Compartir por correo\" href='mailto:?subject=Centro%20de%20Actividades%20de%20Monta%C3%B1a%20IND%20en%20Cord%C3%B3n%20Divisadero%3A%20avanza%20proyecto%20clave%20para%20el%20desarrollo%20tur%C3%ADstico%20regional&#038;body=https:\/\/radiorevelacionfm.cl\/?p=53545' aria-hidden='false' data-av_icon='\ue805' data-av_iconfont='entypo-fontello' title='' data-avia-related-tooltip='Compartir por correo'><span class='avia_hidden_link_text'>Compartir por correo<\/span><\/a><\/li><\/ul><\/div><\/div>\n<div  style='height:50px' class='hr hr-invisible   avia-builder-el-8  el_after_av_social_share  el_before_av_comments_list '><span class='hr-inner ' ><span class='hr-inner-style'><\/span><\/span><\/div>\n<div  class='av-buildercomment  av-blog-meta-html-info-disabled av-blog-meta-tag-disabled  '><\/div>\n","protected":false},"excerpt":{"rendered":"","protected":false},"author":1,"featured_media":53546,"comment_status":"closed","ping_status":"closed","sticky":false,"template":"","format":"standard","meta":{"footnotes":""},"categories":[38],"tags":[],"class_list":["post-53545","post","type-post","status-publish","format-standard","has-post-thumbnail","hentry","category-regional"],"jetpack_featured_media_url":"https:\/\/radiorevelacionfm.cl\/wp-content\/uploads\/2025\/05\/diseno-sin-titulo-32-2-1-1_optimized-1.jpg","_links":{"self":[{"href":"https:\/\/radiorevelacionfm.cl\/index.php?rest_route=\/wp\/v2\/posts\/53545","targetHints":{"allow":["GET"]}}],"collection":[{"href":"https:\/\/radiorevelacionfm.cl\/index.php?rest_route=\/wp\/v2\/posts"}],"about":[{"href":"https:\/\/radiorevelacionfm.cl\/index.php?rest_route=\/wp\/v2\/types\/post"}],"author":[{"embeddable":true,"href":"https:\/\/radiorevelacionfm.cl\/index.php?rest_route=\/wp\/v2\/users\/1"}],"replies":[{"embeddable":true,"href":"https:\/\/radiorevelacionfm.cl\/index.php?rest_route=%2Fwp%2Fv2%2Fcomments&post=53545"}],"version-history":[{"count":2,"href":"https:\/\/radiorevelacionfm.cl\/index.php?rest_route=\/wp\/v2\/posts\/53545\/revisions"}],"predecessor-version":[{"id":53562,"href":"https:\/\/radiorevelacionfm.cl\/index.php?rest_route=\/wp\/v2\/posts\/53545\/revisions\/53562"}],"wp:featuredmedia":[{"embeddable":true,"href":"https:\/\/radiorevelacionfm.cl\/index.php?rest_route=\/wp\/v2\/media\/53546"}],"wp:attachment":[{"href":"https:\/\/radiorevelacionfm.cl\/index.php?rest_route=%2Fwp%2Fv2%2Fmedia&parent=53545"}],"wp:term":[{"taxonomy":"category","embeddable":true,"href":"https:\/\/radiorevelacionfm.cl\/index.php?rest_route=%2Fwp%2Fv2%2Fcategories&post=53545"},{"taxonomy":"post_tag","embeddable":true,"href":"https:\/\/radiorevelacionfm.cl\/index.php?rest_route=%2Fwp%2Fv2%2Ftags&post=53545"}],"curies":[{"name":"wp","href":"https:\/\/api.w.org\/{rel}","templated":true}]}}