{"id":53541,"date":"2025-05-06T15:27:05","date_gmt":"2025-05-06T18:27:05","guid":{"rendered":"https:\/\/radiorevelacionfm.cl\/?p=53541"},"modified":"2025-05-06T15:27:05","modified_gmt":"2025-05-06T18:27:05","slug":"listo-para-publicacion-plan-de-accion-regional-de-cambio-climatico","status":"publish","type":"post","link":"https:\/\/radiorevelacionfm.cl\/?p=53541","title":{"rendered":"Listo para publicaci\u00f3n, Plan de Acci\u00f3n Regional de Cambio Clim\u00e1tico"},"content":{"rendered":"<div class=\"flex_column av_one_full  flex_column_div av-zero-column-padding first  avia-builder-el-0  el_before_av_one_full  avia-builder-el-first  \" style='border-radius:0px; '><div  class='avia-image-container  av-styling-    avia-builder-el-1  avia-builder-el-no-sibling  avia-align-center '  itemprop=\"image\" itemscope=\"itemscope\" itemtype=\"https:\/\/schema.org\/ImageObject\"  ><div class='avia-image-container-inner'><div class='avia-image-overlay-wrap'><img decoding=\"async\" class='wp-image-53542 avia-img-lazy-loading-not-53542 avia_image' src=\"https:\/\/radiorevelacionfm.cl\/wp-content\/uploads\/2025\/05\/img_0944-1_optimized.jpg\" alt='' title='img_0944-(1)_optimized' height=\"600\" width=\"896\"  itemprop=\"thumbnailUrl\" srcset=\"https:\/\/radiorevelacionfm.cl\/wp-content\/uploads\/2025\/05\/img_0944-1_optimized.jpg 896w, https:\/\/radiorevelacionfm.cl\/wp-content\/uploads\/2025\/05\/img_0944-1_optimized-300x201.jpg 300w, https:\/\/radiorevelacionfm.cl\/wp-content\/uploads\/2025\/05\/img_0944-1_optimized-768x514.jpg 768w, https:\/\/radiorevelacionfm.cl\/wp-content\/uploads\/2025\/05\/img_0944-1_optimized-705x472.jpg 705w, https:\/\/radiorevelacionfm.cl\/wp-content\/uploads\/2025\/05\/img_0944-1_optimized-450x301.jpg 450w, https:\/\/radiorevelacionfm.cl\/wp-content\/uploads\/2025\/05\/img_0944-1_optimized-600x402.jpg 600w\" sizes=\"(max-width: 896px) 100vw, 896px\" \/><\/div><\/div><\/div><\/div><div class=\"flex_column av_one_full  flex_column_div av-zero-column-padding first  avia-builder-el-2  el_after_av_one_full  el_before_av_one_full  column-top-margin\" style='border-radius:0px; '><section class=\"av_textblock_section \"  itemscope=\"itemscope\" itemtype=\"https:\/\/schema.org\/BlogPosting\" itemprop=\"blogPost\" ><div class='avia_textblock  '   itemprop=\"text\" ><p style=\"text-align: center;\"><span style=\"font-size: 18pt;\"><b>Listo para publicaci\u00f3n, Plan de Acci\u00f3n Regional de Cambio Clim\u00e1tico<\/b><\/span><\/p>\n<div id=\"gtx-trans\" style=\"position: absolute; left: -50px; top: 4.31534px;\">\n<div class=\"gtx-trans-icon\"><\/div>\n<\/div>\n<\/div><\/section><\/div><div class=\"flex_column av_one_full  flex_column_div av-zero-column-padding first  avia-builder-el-4  el_after_av_one_full  el_before_av_hr  column-top-margin\" style='border-radius:0px; '><section class=\"av_textblock_section \"  itemscope=\"itemscope\" itemtype=\"https:\/\/schema.org\/BlogPosting\" itemprop=\"blogPost\" ><div class='avia_textblock  '   itemprop=\"text\" ><p style=\"font-weight: 400; text-align: justify;\"><em>Tras la aprobaci\u00f3n dada por el Consejo Regional de Ays\u00e9n, el Delegado Presidencial Regional, Jorge D\u00edaz Guzm\u00e1n, firm\u00f3 la resoluci\u00f3n para su publicaci\u00f3n en el Diario Oficial.<\/em><\/p>\n<p style=\"font-weight: 400; text-align: justify;\">Listo para su publicaci\u00f3n en el Diario Oficial qued\u00f3 el Plan de Acci\u00f3n Regional de Cambio Clim\u00e1tico, tras el acuerdo dado por el Consejo Regional (CORE) y la resoluci\u00f3n de aprobaci\u00f3n firmada este martes por el Delegado Presidencial Regional, Jorge D\u00edaz Guzm\u00e1n.<\/p>\n<p style=\"font-weight: 400; text-align: justify;\">La resoluci\u00f3n fue suscrita en el marco del Gabinete Econ\u00f3mico, que integran las y los seremis de Econom\u00eda, Felipe Rojas; Medio Ambiente, Yoal D\u00edaz; Energ\u00eda, Tom\u00e1s Laibe; Gobierno, \u00darsula Mix; MOP, Paloma Jara; Bienes Nacionales, Irina Morend; Miner\u00eda, Juan V\u00e1squez; y Trabajo y Previsi\u00f3n Social, Camila Covarrubias, adem\u00e1s de los directores regionales de Corfo, Sernatur, Subpesca, Sernapesca y Sercotec, entre otros.<\/p>\n<p style=\"font-weight: 400; text-align: justify;\">La firma fue destacada por el Delegado Presidencial Regional, como parte de las medidas del gobierno del Presidente Gabriel Boric, para la toma de decisiones, tanto por parte del sector p\u00fablico como privado.<\/p>\n<p style=\"font-weight: 400; text-align: justify;\">\u201cEs un trabajo que implic\u00f3 tiempo y conversaciones con muchos actores, para tener una pol\u00edtica p\u00fablica, que nos permite enfrentar los efectos del cambio clim\u00e1tico. Necesit\u00e1bamos esta pol\u00edtica firmada, ya que es una herramienta que tambi\u00e9n nos permite la planificaci\u00f3n a futuro para el desarrollo de la Regi\u00f3n de Ays\u00e9n\u201d, destac\u00f3 Jorge D\u00edaz.<\/p>\n<p style=\"font-weight: 400; text-align: justify;\">En tanto, el seremi Yoal D\u00edaz expres\u00f3 que \u201cesto nos enorgullece, porque cuando avanzamos en desarrollo econ\u00f3mico productivo y hablamos de sostenibilidad y sustentabilidad, estamos hablando de c\u00f3mo miramos el desarrollo desde el gobierno y desde nuestra regi\u00f3n. La proyecci\u00f3n que tiene nuestro Plan de Acci\u00f3n Regional de Cambio Clim\u00e1tico, que fue firmado por el Delegado Presidencial Regional, nos muestra un camino, de avanzar en mitigaci\u00f3n y adaptaci\u00f3n al cambio clim\u00e1tico, con perspectivas productivas, de desarrollo energ\u00e9tico y del cuidado y uso de los recursos naturales, entre otros\u201d.<\/p>\n<p style=\"font-weight: 400; text-align: justify;\"><strong>Antecedentes de contexto<\/strong><\/p>\n<p style=\"font-weight: 400; text-align: justify;\">La Ley Marco de Cambio Clim\u00e1tico N\u00b0 21.455, estableci\u00f3 el objetivo de \u201chacer frente a los desaf\u00edos que presenta el cambio clim\u00e1tico, transitar hacia un desarrollo bajo en emisiones de gases de efecto invernadero y otros forzantes clim\u00e1ticos, como el carbono negro, hasta alcanzar y mantener la neutralidad de emisiones de gases de efecto invernadero al a\u00f1o 2050, adaptarse al cambio clim\u00e1tico, reduciendo la vulnerabilidad y aumentando la resiliencia a los efectos adversos del cambio clim\u00e1tico, y dar cumplimiento a los compromisos internacionales asumidos por el Estado de Chile en la materia\u201d.<\/p>\n<p style=\"font-weight: 400; text-align: justify;\">En este sentido, el Plan de Acci\u00f3n Regional de Cambio Clim\u00e1tico de Ays\u00e9n es un instrumento de planificaci\u00f3n dise\u00f1ado para enfrentar los desaf\u00edos del cambio clim\u00e1tico en la regi\u00f3n. Fue elaborado por el Comit\u00e9 Regional de Cambio Clim\u00e1tico (CORECC) de Ays\u00e9n, en coordinaci\u00f3n con la SEREMI del Medio Ambiente, otros organismos regionales y los diez municipios de la regi\u00f3n.<\/p>\n<p style=\"font-weight: 400; text-align: justify;\">El Plan busca fortalecer la resiliencia de los ecosistemas, comunidades y sectores productivos de la regi\u00f3n frente a los impactos clim\u00e1ticos proyectados al a\u00f1o 2050. Adem\u00e1s, establece estrategias para la mitigaci\u00f3n de emisiones de Gases de Efecto Invernadero y contaminaci\u00f3n local.<\/p>\n<p style=\"font-weight: 400; text-align: justify;\">Una vez publicada la resoluci\u00f3n en Diario Oficial, comienza el proceso de implementaci\u00f3n de medidas para los pr\u00f3ximos cinco a\u00f1os.<\/p>\n<\/div><\/section><\/div><div  style='height:50px' class='hr hr-invisible   avia-builder-el-6  el_after_av_one_full  el_before_av_social_share '><span class='hr-inner ' ><span class='hr-inner-style'><\/span><\/span><\/div><\/p>\n<div  class='av-social-sharing-box  avia-builder-el-7  el_after_av_hr  el_before_av_hr  '><div class='av-share-box'><h5 class='av-share-link-description av-no-toc '>Compartir esta noticia<\/h5><ul class='av-share-box-list noLightbox'><li class='av-share-link av-social-link-facebook' ><a target=\"_blank\" aria-label=\"Compartir en Facebook\" href='https:\/\/www.facebook.com\/sharer.php?u=https:\/\/radiorevelacionfm.cl\/?p=53541&#038;t=Listo%20para%20publicaci%C3%B3n%2C%20Plan%20de%20Acci%C3%B3n%20Regional%20de%20Cambio%20Clim%C3%A1tico' aria-hidden='false' data-av_icon='\ue8f3' data-av_iconfont='entypo-fontello' title='' data-avia-related-tooltip='Compartir en Facebook' rel=\"noopener\"><span class='avia_hidden_link_text'>Compartir en Facebook<\/span><\/a><\/li><li class='av-share-link av-social-link-twitter' ><a target=\"_blank\" aria-label=\"Compartir en Twitter\" href='https:\/\/twitter.com\/share?text=Listo%20para%20publicaci%C3%B3n%2C%20Plan%20de%20Acci%C3%B3n%20Regional%20de%20Cambio%20Clim%C3%A1tico&#038;url=https:\/\/radiorevelacionfm.cl\/?p=53541' aria-hidden='false' data-av_icon='\ue8f1' data-av_iconfont='entypo-fontello' title='' data-avia-related-tooltip='Compartir en Twitter' rel=\"noopener\"><span class='avia_hidden_link_text'>Compartir en Twitter<\/span><\/a><\/li><li class='av-share-link av-social-link-whatsapp' ><a target=\"_blank\" aria-label=\"Compartir en Whatsapp\" href='https:\/\/api.whatsapp.com\/send?text=https:\/\/radiorevelacionfm.cl\/?p=53541' aria-hidden='false' data-av_icon='\uf232' data-av_iconfont='entypo-fontello' title='' data-avia-related-tooltip='Compartir en Whatsapp' rel=\"noopener\"><span class='avia_hidden_link_text'>Compartir en Whatsapp<\/span><\/a><\/li><li class='av-share-link av-social-link-linkedin' ><a target=\"_blank\" aria-label=\"Compartir en LinkedIn\" href='https:\/\/linkedin.com\/shareArticle?mini=true&#038;title=Listo%20para%20publicaci%C3%B3n%2C%20Plan%20de%20Acci%C3%B3n%20Regional%20de%20Cambio%20Clim%C3%A1tico&#038;url=https:\/\/radiorevelacionfm.cl\/?p=53541' aria-hidden='false' data-av_icon='\ue8fc' data-av_iconfont='entypo-fontello' title='' data-avia-related-tooltip='Compartir en LinkedIn' rel=\"noopener\"><span class='avia_hidden_link_text'>Compartir en LinkedIn<\/span><\/a><\/li><li class='av-share-link av-social-link-mail' ><a  aria-label=\"Compartir por correo\" href='mailto:?subject=Listo%20para%20publicaci%C3%B3n%2C%20Plan%20de%20Acci%C3%B3n%20Regional%20de%20Cambio%20Clim%C3%A1tico&#038;body=https:\/\/radiorevelacionfm.cl\/?p=53541' aria-hidden='false' data-av_icon='\ue805' data-av_iconfont='entypo-fontello' title='' data-avia-related-tooltip='Compartir por correo'><span class='avia_hidden_link_text'>Compartir por correo<\/span><\/a><\/li><\/ul><\/div><\/div>\n<div  style='height:50px' class='hr hr-invisible   avia-builder-el-8  el_after_av_social_share  el_before_av_comments_list '><span class='hr-inner ' ><span class='hr-inner-style'><\/span><\/span><\/div>\n<div  class='av-buildercomment  av-blog-meta-html-info-disabled av-blog-meta-tag-disabled  '><\/div>\n","protected":false},"excerpt":{"rendered":"","protected":false},"author":1,"featured_media":53542,"comment_status":"closed","ping_status":"closed","sticky":false,"template":"","format":"standard","meta":{"footnotes":""},"categories":[38],"tags":[],"class_list":["post-53541","post","type-post","status-publish","format-standard","has-post-thumbnail","hentry","category-regional"],"jetpack_featured_media_url":"https:\/\/radiorevelacionfm.cl\/wp-content\/uploads\/2025\/05\/img_0944-1_optimized.jpg","_links":{"self":[{"href":"https:\/\/radiorevelacionfm.cl\/index.php?rest_route=\/wp\/v2\/posts\/53541","targetHints":{"allow":["GET"]}}],"collection":[{"href":"https:\/\/radiorevelacionfm.cl\/index.php?rest_route=\/wp\/v2\/posts"}],"about":[{"href":"https:\/\/radiorevelacionfm.cl\/index.php?rest_route=\/wp\/v2\/types\/post"}],"author":[{"embeddable":true,"href":"https:\/\/radiorevelacionfm.cl\/index.php?rest_route=\/wp\/v2\/users\/1"}],"replies":[{"embeddable":true,"href":"https:\/\/radiorevelacionfm.cl\/index.php?rest_route=%2Fwp%2Fv2%2Fcomments&post=53541"}],"version-history":[{"count":2,"href":"https:\/\/radiorevelacionfm.cl\/index.php?rest_route=\/wp\/v2\/posts\/53541\/revisions"}],"predecessor-version":[{"id":53544,"href":"https:\/\/radiorevelacionfm.cl\/index.php?rest_route=\/wp\/v2\/posts\/53541\/revisions\/53544"}],"wp:featuredmedia":[{"embeddable":true,"href":"https:\/\/radiorevelacionfm.cl\/index.php?rest_route=\/wp\/v2\/media\/53542"}],"wp:attachment":[{"href":"https:\/\/radiorevelacionfm.cl\/index.php?rest_route=%2Fwp%2Fv2%2Fmedia&parent=53541"}],"wp:term":[{"taxonomy":"category","embeddable":true,"href":"https:\/\/radiorevelacionfm.cl\/index.php?rest_route=%2Fwp%2Fv2%2Fcategories&post=53541"},{"taxonomy":"post_tag","embeddable":true,"href":"https:\/\/radiorevelacionfm.cl\/index.php?rest_route=%2Fwp%2Fv2%2Ftags&post=53541"}],"curies":[{"name":"wp","href":"https:\/\/api.w.org\/{rel}","templated":true}]}}