{"id":53535,"date":"2025-05-06T15:12:00","date_gmt":"2025-05-06T18:12:00","guid":{"rendered":"https:\/\/radiorevelacionfm.cl\/?p=53535"},"modified":"2025-05-06T15:12:00","modified_gmt":"2025-05-06T18:12:00","slug":"concejo-municipal-aysenino-aprueba-oferente-para-ejecucion-de-reposicion-de-cuartel-de-bomberos-en-villa-manihuales","status":"publish","type":"post","link":"https:\/\/radiorevelacionfm.cl\/?p=53535","title":{"rendered":"Concejo municipal aysenino aprueba oferente para ejecuci\u00f3n de reposici\u00f3n de cuartel de bomberos en Villa Ma\u00f1ihuales"},"content":{"rendered":"<div class=\"flex_column av_one_full  flex_column_div av-zero-column-padding first  avia-builder-el-0  el_before_av_one_full  avia-builder-el-first  \" style='border-radius:0px; '><div  class='avia-image-container  av-styling-    avia-builder-el-1  avia-builder-el-no-sibling  avia-align-center '  itemprop=\"image\" itemscope=\"itemscope\" itemtype=\"https:\/\/schema.org\/ImageObject\"  ><div class='avia-image-container-inner'><div class='avia-image-overlay-wrap'><img decoding=\"async\" class='wp-image-53536 avia-img-lazy-loading-not-53536 avia_image' src=\"https:\/\/radiorevelacionfm.cl\/wp-content\/uploads\/2025\/05\/COM3387-1-1.jpg\" alt='' title='_COM3387 (1) (1)' height=\"600\" width=\"898\"  itemprop=\"thumbnailUrl\" srcset=\"https:\/\/radiorevelacionfm.cl\/wp-content\/uploads\/2025\/05\/COM3387-1-1.jpg 898w, https:\/\/radiorevelacionfm.cl\/wp-content\/uploads\/2025\/05\/COM3387-1-1-300x200.jpg 300w, https:\/\/radiorevelacionfm.cl\/wp-content\/uploads\/2025\/05\/COM3387-1-1-768x513.jpg 768w, https:\/\/radiorevelacionfm.cl\/wp-content\/uploads\/2025\/05\/COM3387-1-1-705x471.jpg 705w, https:\/\/radiorevelacionfm.cl\/wp-content\/uploads\/2025\/05\/COM3387-1-1-450x301.jpg 450w, https:\/\/radiorevelacionfm.cl\/wp-content\/uploads\/2025\/05\/COM3387-1-1-600x401.jpg 600w\" sizes=\"(max-width: 898px) 100vw, 898px\" \/><\/div><\/div><\/div><\/div><div class=\"flex_column av_one_full  flex_column_div av-zero-column-padding first  avia-builder-el-2  el_after_av_one_full  el_before_av_one_full  column-top-margin\" style='border-radius:0px; '><section class=\"av_textblock_section \"  itemscope=\"itemscope\" itemtype=\"https:\/\/schema.org\/BlogPosting\" itemprop=\"blogPost\" ><div class='avia_textblock  '   itemprop=\"text\" ><p style=\"text-align: center;\"><strong><span style=\"font-size: 18pt;\">Concejo municipal aysenino aprueba oferente para ejecuci\u00f3n de reposici\u00f3n de cuartel de bomberos en Villa Ma\u00f1ihuales<\/span><\/strong><\/p>\n<div id=\"gtx-trans\" style=\"position: absolute; left: -50px; top: 4.31534px;\">\n<div class=\"gtx-trans-icon\"><\/div>\n<\/div>\n<\/div><\/section><\/div><div class=\"flex_column av_one_full  flex_column_div av-zero-column-padding first  avia-builder-el-4  el_after_av_one_full  el_before_av_hr  column-top-margin\" style='border-radius:0px; '><section class=\"av_textblock_section \"  itemscope=\"itemscope\" itemtype=\"https:\/\/schema.org\/BlogPosting\" itemprop=\"blogPost\" ><div class='avia_textblock  '   itemprop=\"text\" ><p style=\"text-align: justify;\">Este viernes, ante la presencia del directorio del cuerpo de Bomberos de la comuna de Ays\u00e9n, fue votada la aprobaci\u00f3n del oferente RPC Ferreter\u00eda y Construcci\u00f3n Limitada, por un monto superior a los $625 millones IVA incluido, y un plazo m\u00e1ximo de 240 d\u00edas corridos para la ejecuci\u00f3n de la obra \u00abReposici\u00f3n s\u00e9ptima compa\u00f1\u00eda de Bomberos, Villa Ma\u00f1ihuales\u00bb.<\/p>\n<p style=\"text-align: justify;\">Una iniciativa que responde a un requerimiento por parte de los bomberos de hace al menos diez a\u00f1os, y cuya ejecuci\u00f3n significa un importante avance para los objetivos que persigue esta instituci\u00f3n, especialmente de la localidad de entrada a la comuna aysenina. Tal como indic\u00f3 el director de la compa\u00f1\u00eda ma\u00f1ihualina, Claudio Cabezas. \u201cComo proyecto enmarcado en los cuarteles tipo, que establece la Junta Nacional de Bomberos, podr\u00edamos hablar de una d\u00e9cada. Pero como anhelo, desde hace mucho antes. Nuestro actual cuartel era una casa de una cooperativa agr\u00edcola que se cedi\u00f3 a una futura compa\u00f1\u00eda de bomberos que, con el paso del tiempo, pas\u00f3 a ser nuestro cuartel\u201d.<\/p>\n<p style=\"text-align: justify;\">A\u00f1adi\u00f3 que \u201cestamos muy contentos por la finalizaci\u00f3n de este hist\u00f3rico proceso, con lo cual se proyecta la compa\u00f1\u00eda por muchos a\u00f1os m\u00e1s con todo lo que conlleva, aumento de dotaci\u00f3n, aumento de unidad, de especialidades, al contar con un cuartel como tal, con todas las especificaciones t\u00e9cnicas que hoy d\u00eda tiene que tener un cuartel. Esperamos con esta nueva infraestructura poder crecer a\u00fan m\u00e1s como compa\u00f1\u00eda\u201d, explic\u00f3 Cabezas R\u00fcedlinger, respecto a la dotaci\u00f3n en Villa Ma\u00f1ihuales, que hoy es integrada por 25 voluntarios y voluntarias, y que se encuentra en pleno proceso de captaci\u00f3n de aspirantes.<\/p>\n<p style=\"text-align: justify;\">Por su parte, el alcalde Luis Mart\u00ednez -quien, al igual que el concejal Luis Otth, debieron inhabilitarse de la votaci\u00f3n puesto que son miembros activos de la instituci\u00f3n-, manifest\u00f3 su alegr\u00eda por este importante avance. \u201cSon diez a\u00f1os de espera, de trabajo, y hoy d\u00eda ha llegado la aprobaci\u00f3n por parte de nuestro concejo, as\u00ed que hoy es una realidad para Villa Ma\u00f1ihuales, pero especialmente para nuestros bomberos. Esto es lo que nos hace felices de estar en este cargo, desde aqu\u00ed podemos hacer crecer la comuna, y ahora ya agarramos este camino de avanzar en social, pero tambi\u00e9n en la infraestructura habilitante para que las personas puedan estar m\u00e1s tranquilas, m\u00e1s protegidas, m\u00e1s seguras\u201d.<\/p>\n<p style=\"text-align: justify;\">Quien tambi\u00e9n dio a conocer su satisfacci\u00f3n por este hito fue el Superintendente del Cuerpo de Bomberos de Ays\u00e9n, Arturo Loaiza, quien se\u00f1al\u00f3 que los meses de abril y mayo han estado cargados de buenas noticias para quienes forman parte de \u201clos chicos buenos\u201d en la comuna. \u201cEsto es algo que esperamos por muchos a\u00f1os, as\u00ed que ojal\u00e1 pronto podamos contar con nuestro cuartel en Villa Ma\u00f1ihuales. Todo lo que es la planificaci\u00f3n ha sido a trav\u00e9s del departamento de Infraestructura de Bomberos de Chile, m\u00e1s la Secretar\u00eda Comunal de Planificaci\u00f3n del municipio aysenino. Felices porque es algo que es para la comunidad. As\u00ed que muy agradecidos con el concejo municipal\u201d.<\/p>\n<p style=\"text-align: justify;\">Agreg\u00f3 que \u201cesto se suma al reciente RS del cuartel de la tercera compa\u00f1\u00eda donde los profesionales de municipalidad de Ays\u00e9n han sido fundamentales, y estamos trabajando en la circular 33 que es la reposici\u00f3n del cuartel de la primera compa\u00f1\u00eda que no es menor, dado que la cifra bordea los 500 millones de pesos. Todo esto, m\u00e1s la llegada de nuestros carros, as\u00ed que ha sido meses que nos han reconfortado de gran manera respecto a nuestros anhelos y sue\u00f1os como instituci\u00f3n bomberil\u201d, finaliz\u00f3.<\/p>\n<\/div><\/section><\/div><div  style='height:50px' class='hr hr-invisible   avia-builder-el-6  el_after_av_one_full  el_before_av_social_share '><span class='hr-inner ' ><span class='hr-inner-style'><\/span><\/span><\/div><\/p>\n<div  class='av-social-sharing-box  avia-builder-el-7  el_after_av_hr  el_before_av_hr  '><div class='av-share-box'><h5 class='av-share-link-description av-no-toc '>Compartir esta noticia<\/h5><ul class='av-share-box-list noLightbox'><li class='av-share-link av-social-link-facebook' ><a target=\"_blank\" aria-label=\"Compartir en Facebook\" href='https:\/\/www.facebook.com\/sharer.php?u=https:\/\/radiorevelacionfm.cl\/?p=53535&#038;t=Concejo%20municipal%20aysenino%20aprueba%20oferente%20para%20ejecuci%C3%B3n%20de%20reposici%C3%B3n%20de%20cuartel%20de%20bomberos%20en%20Villa%20Ma%C3%B1ihuales' aria-hidden='false' data-av_icon='\ue8f3' data-av_iconfont='entypo-fontello' title='' data-avia-related-tooltip='Compartir en Facebook' rel=\"noopener\"><span class='avia_hidden_link_text'>Compartir en Facebook<\/span><\/a><\/li><li class='av-share-link av-social-link-twitter' ><a target=\"_blank\" aria-label=\"Compartir en Twitter\" href='https:\/\/twitter.com\/share?text=Concejo%20municipal%20aysenino%20aprueba%20oferente%20para%20ejecuci%C3%B3n%20de%20reposici%C3%B3n%20de%20cuartel%20de%20bomberos%20en%20Villa%20Ma%C3%B1ihuales&#038;url=https:\/\/radiorevelacionfm.cl\/?p=53535' aria-hidden='false' data-av_icon='\ue8f1' data-av_iconfont='entypo-fontello' title='' data-avia-related-tooltip='Compartir en Twitter' rel=\"noopener\"><span class='avia_hidden_link_text'>Compartir en Twitter<\/span><\/a><\/li><li class='av-share-link av-social-link-whatsapp' ><a target=\"_blank\" aria-label=\"Compartir en Whatsapp\" href='https:\/\/api.whatsapp.com\/send?text=https:\/\/radiorevelacionfm.cl\/?p=53535' aria-hidden='false' data-av_icon='\uf232' data-av_iconfont='entypo-fontello' title='' data-avia-related-tooltip='Compartir en Whatsapp' rel=\"noopener\"><span class='avia_hidden_link_text'>Compartir en Whatsapp<\/span><\/a><\/li><li class='av-share-link av-social-link-linkedin' ><a target=\"_blank\" aria-label=\"Compartir en LinkedIn\" href='https:\/\/linkedin.com\/shareArticle?mini=true&#038;title=Concejo%20municipal%20aysenino%20aprueba%20oferente%20para%20ejecuci%C3%B3n%20de%20reposici%C3%B3n%20de%20cuartel%20de%20bomberos%20en%20Villa%20Ma%C3%B1ihuales&#038;url=https:\/\/radiorevelacionfm.cl\/?p=53535' aria-hidden='false' data-av_icon='\ue8fc' data-av_iconfont='entypo-fontello' title='' data-avia-related-tooltip='Compartir en LinkedIn' rel=\"noopener\"><span class='avia_hidden_link_text'>Compartir en LinkedIn<\/span><\/a><\/li><li class='av-share-link av-social-link-mail' ><a  aria-label=\"Compartir por correo\" href='mailto:?subject=Concejo%20municipal%20aysenino%20aprueba%20oferente%20para%20ejecuci%C3%B3n%20de%20reposici%C3%B3n%20de%20cuartel%20de%20bomberos%20en%20Villa%20Ma%C3%B1ihuales&#038;body=https:\/\/radiorevelacionfm.cl\/?p=53535' aria-hidden='false' data-av_icon='\ue805' data-av_iconfont='entypo-fontello' title='' data-avia-related-tooltip='Compartir por correo'><span class='avia_hidden_link_text'>Compartir por correo<\/span><\/a><\/li><\/ul><\/div><\/div>\n<div  style='height:50px' class='hr hr-invisible   avia-builder-el-8  el_after_av_social_share  el_before_av_comments_list '><span class='hr-inner ' ><span class='hr-inner-style'><\/span><\/span><\/div>\n<div  class='av-buildercomment  av-blog-meta-html-info-disabled av-blog-meta-tag-disabled  '><\/div>\n","protected":false},"excerpt":{"rendered":"","protected":false},"author":1,"featured_media":53536,"comment_status":"closed","ping_status":"closed","sticky":false,"template":"","format":"standard","meta":{"footnotes":""},"categories":[38],"tags":[],"class_list":["post-53535","post","type-post","status-publish","format-standard","has-post-thumbnail","hentry","category-regional"],"jetpack_featured_media_url":"https:\/\/radiorevelacionfm.cl\/wp-content\/uploads\/2025\/05\/COM3387-1-1.jpg","_links":{"self":[{"href":"https:\/\/radiorevelacionfm.cl\/index.php?rest_route=\/wp\/v2\/posts\/53535","targetHints":{"allow":["GET"]}}],"collection":[{"href":"https:\/\/radiorevelacionfm.cl\/index.php?rest_route=\/wp\/v2\/posts"}],"about":[{"href":"https:\/\/radiorevelacionfm.cl\/index.php?rest_route=\/wp\/v2\/types\/post"}],"author":[{"embeddable":true,"href":"https:\/\/radiorevelacionfm.cl\/index.php?rest_route=\/wp\/v2\/users\/1"}],"replies":[{"embeddable":true,"href":"https:\/\/radiorevelacionfm.cl\/index.php?rest_route=%2Fwp%2Fv2%2Fcomments&post=53535"}],"version-history":[{"count":2,"href":"https:\/\/radiorevelacionfm.cl\/index.php?rest_route=\/wp\/v2\/posts\/53535\/revisions"}],"predecessor-version":[{"id":53540,"href":"https:\/\/radiorevelacionfm.cl\/index.php?rest_route=\/wp\/v2\/posts\/53535\/revisions\/53540"}],"wp:featuredmedia":[{"embeddable":true,"href":"https:\/\/radiorevelacionfm.cl\/index.php?rest_route=\/wp\/v2\/media\/53536"}],"wp:attachment":[{"href":"https:\/\/radiorevelacionfm.cl\/index.php?rest_route=%2Fwp%2Fv2%2Fmedia&parent=53535"}],"wp:term":[{"taxonomy":"category","embeddable":true,"href":"https:\/\/radiorevelacionfm.cl\/index.php?rest_route=%2Fwp%2Fv2%2Fcategories&post=53535"},{"taxonomy":"post_tag","embeddable":true,"href":"https:\/\/radiorevelacionfm.cl\/index.php?rest_route=%2Fwp%2Fv2%2Ftags&post=53535"}],"curies":[{"name":"wp","href":"https:\/\/api.w.org\/{rel}","templated":true}]}}