{"id":53525,"date":"2025-05-06T10:00:15","date_gmt":"2025-05-06T13:00:15","guid":{"rendered":"https:\/\/radiorevelacionfm.cl\/?p=53525"},"modified":"2025-05-06T10:00:15","modified_gmt":"2025-05-06T13:00:15","slug":"inician-trabajos-de-revitalizacion-de-espacios-en-bahia-acantilada","status":"publish","type":"post","link":"https:\/\/radiorevelacionfm.cl\/?p=53525","title":{"rendered":"Inician trabajos de revitalizaci\u00f3n de espacios en Bah\u00eda Acantilada"},"content":{"rendered":"<div class=\"flex_column av_one_full  flex_column_div av-zero-column-padding first  avia-builder-el-0  el_before_av_one_full  avia-builder-el-first  \" style='border-radius:0px; '><div  class='avia-image-container  av-styling-    avia-builder-el-1  avia-builder-el-no-sibling  avia-align-center '  itemprop=\"image\" itemscope=\"itemscope\" itemtype=\"https:\/\/schema.org\/ImageObject\"  ><div class='avia-image-container-inner'><div class='avia-image-overlay-wrap'><img decoding=\"async\" class='wp-image-53526 avia-img-lazy-loading-not-53526 avia_image' src=\"https:\/\/radiorevelacionfm.cl\/wp-content\/uploads\/2025\/05\/495050757_1133790108788068_341281353247054599_n-1_optimized-1.jpg\" alt='' title='495050757_1133790108788068_341281353247054599_n-(1)_optimized (1)' height=\"720\" width=\"802\"  itemprop=\"thumbnailUrl\" srcset=\"https:\/\/radiorevelacionfm.cl\/wp-content\/uploads\/2025\/05\/495050757_1133790108788068_341281353247054599_n-1_optimized-1.jpg 802w, https:\/\/radiorevelacionfm.cl\/wp-content\/uploads\/2025\/05\/495050757_1133790108788068_341281353247054599_n-1_optimized-1-300x269.jpg 300w, https:\/\/radiorevelacionfm.cl\/wp-content\/uploads\/2025\/05\/495050757_1133790108788068_341281353247054599_n-1_optimized-1-768x689.jpg 768w, https:\/\/radiorevelacionfm.cl\/wp-content\/uploads\/2025\/05\/495050757_1133790108788068_341281353247054599_n-1_optimized-1-705x633.jpg 705w, https:\/\/radiorevelacionfm.cl\/wp-content\/uploads\/2025\/05\/495050757_1133790108788068_341281353247054599_n-1_optimized-1-450x404.jpg 450w, https:\/\/radiorevelacionfm.cl\/wp-content\/uploads\/2025\/05\/495050757_1133790108788068_341281353247054599_n-1_optimized-1-600x539.jpg 600w\" sizes=\"(max-width: 802px) 100vw, 802px\" \/><\/div><\/div><\/div><\/div><div class=\"flex_column av_one_full  flex_column_div av-zero-column-padding first  avia-builder-el-2  el_after_av_one_full  el_before_av_one_full  column-top-margin\" style='border-radius:0px; '><section class=\"av_textblock_section \"  itemscope=\"itemscope\" itemtype=\"https:\/\/schema.org\/BlogPosting\" itemprop=\"blogPost\" ><div class='avia_textblock  '   itemprop=\"text\" ><p style=\"text-align: center;\"><strong><span style=\"font-size: 18pt;\">Inician trabajos de revitalizaci\u00f3n de espacios en Bah\u00eda Acantilada<\/span><\/strong><\/p>\n<div id=\"gtx-trans\" style=\"position: absolute; left: -50px; top: 4.31534px;\">\n<div class=\"gtx-trans-icon\"><\/div>\n<\/div>\n<\/div><\/section><\/div><div class=\"flex_column av_one_full  flex_column_div av-zero-column-padding first  avia-builder-el-4  el_after_av_one_full  el_before_av_hr  column-top-margin\" style='border-radius:0px; '><section class=\"av_textblock_section \"  itemscope=\"itemscope\" itemtype=\"https:\/\/schema.org\/BlogPosting\" itemprop=\"blogPost\" ><div class='avia_textblock  '   itemprop=\"text\" ><p style=\"text-align: justify;\"><em>Este lunes, y durante toda una semana, en una primera etapa, se llevar\u00e1n a cabo labores de revitalizaci\u00f3n a cargo de la Direcci\u00f3n de Aseo, Ornato y Medio Ambiente, DAOMA.<\/em><\/p>\n<p style=\"text-align: justify;\">Una instancia que responde a la pol\u00edtica de desarrollo de la administraci\u00f3n del alcalde de la comuna, Luis Mart\u00ednez, como antesala de lo que ser\u00e1 un proyecto de la Secretar\u00eda Comunal de Planificaci\u00f3n, el cual pretende dar una nueva cara al balneario m\u00e1s ic\u00f3nico de la comuna y regi\u00f3n. De esta manera impulsar uno de los grandes sellos que pretende relevar el gobierno local, como es el turismo desde Ays\u00e9n para Ays\u00e9n y, por supuesto, para todos quienes arriben hasta este punto en la regi\u00f3n de Ays\u00e9n.<\/p>\n<p style=\"text-align: justify;\">En espec\u00edfico, la mejora aborda diversos espacios, como son las l\u00edneas de circulaci\u00f3n, \u00e1reas de tr\u00e1nsito, estacionamientos, y quinchos, entre otros. A su vez, se est\u00e1n generando trabajos de limpieza, y pintura, que tiene por objetivo hermosear y mejorar este concurrido sector de la ciudad puerto aysenina, con la anticipaci\u00f3n que se requiere para su ejecuci\u00f3n de forma paulatina, de cara a la temporada estival.<\/p>\n<p style=\"text-align: justify;\">\u201cDentro de lo planificado, se quiere restituir la zona de estacionamiento, poder implementar nuevas luminarias, todo ello de forma paulatina durante la etapa de invierno. Y cercano a verano, terminar con un proyecto m\u00e1s amplio para recibir de la mejor manera el periodo de verano\u201d, indic\u00f3 el jefe de la Unidad de Aseo y Ornato de DAOMA, Ricardo Wahl.<\/p>\n<p style=\"text-align: justify;\">Respecto al tr\u00e1nsito en el sector, Wahl Andrade, explic\u00f3 que \u201cprobablemente va a estar un poco controlado el acceso. No se restringir\u00e1 la accesibilidad de forma total. Sin embargo, lo ideal es que se estacionen en los lugares habilitados, un poco alejados de las \u00e1reas donde se est\u00e1n realizando los trabajos\u201d.<\/p>\n<p style=\"text-align: justify;\">De esta manera, se avanza en la proyecci\u00f3n de Bah\u00eda Acantilada. Un lugar con un entorno natural \u00fanico, ubicado a 11,9 kil\u00f3metros del centro de la ciudad porte\u00f1a. Y cuyo aumento constante de visitantes locales y for\u00e1neos ha significado trabajar en una infraestructura acorde al crecimiento exponencial de la llegada de personas que disfrutan de este bello paraje de la comuna aysenina.<\/p>\n<\/div><\/section><\/div><div  style='height:50px' class='hr hr-invisible   avia-builder-el-6  el_after_av_one_full  el_before_av_social_share '><span class='hr-inner ' ><span class='hr-inner-style'><\/span><\/span><\/div><\/p>\n<div  class='av-social-sharing-box  avia-builder-el-7  el_after_av_hr  el_before_av_hr  '><div class='av-share-box'><h5 class='av-share-link-description av-no-toc '>Compartir esta noticia<\/h5><ul class='av-share-box-list noLightbox'><li class='av-share-link av-social-link-facebook' ><a target=\"_blank\" aria-label=\"Compartir en Facebook\" href='https:\/\/www.facebook.com\/sharer.php?u=https:\/\/radiorevelacionfm.cl\/?p=53525&#038;t=Inician%20trabajos%20de%20revitalizaci%C3%B3n%20de%20espacios%20en%20Bah%C3%ADa%20Acantilada' aria-hidden='false' data-av_icon='\ue8f3' data-av_iconfont='entypo-fontello' title='' data-avia-related-tooltip='Compartir en Facebook' rel=\"noopener\"><span class='avia_hidden_link_text'>Compartir en Facebook<\/span><\/a><\/li><li class='av-share-link av-social-link-twitter' ><a target=\"_blank\" aria-label=\"Compartir en Twitter\" href='https:\/\/twitter.com\/share?text=Inician%20trabajos%20de%20revitalizaci%C3%B3n%20de%20espacios%20en%20Bah%C3%ADa%20Acantilada&#038;url=https:\/\/radiorevelacionfm.cl\/?p=53525' aria-hidden='false' data-av_icon='\ue8f1' data-av_iconfont='entypo-fontello' title='' data-avia-related-tooltip='Compartir en Twitter' rel=\"noopener\"><span class='avia_hidden_link_text'>Compartir en Twitter<\/span><\/a><\/li><li class='av-share-link av-social-link-whatsapp' ><a target=\"_blank\" aria-label=\"Compartir en Whatsapp\" href='https:\/\/api.whatsapp.com\/send?text=https:\/\/radiorevelacionfm.cl\/?p=53525' aria-hidden='false' data-av_icon='\uf232' data-av_iconfont='entypo-fontello' title='' data-avia-related-tooltip='Compartir en Whatsapp' rel=\"noopener\"><span class='avia_hidden_link_text'>Compartir en Whatsapp<\/span><\/a><\/li><li class='av-share-link av-social-link-linkedin' ><a target=\"_blank\" aria-label=\"Compartir en LinkedIn\" href='https:\/\/linkedin.com\/shareArticle?mini=true&#038;title=Inician%20trabajos%20de%20revitalizaci%C3%B3n%20de%20espacios%20en%20Bah%C3%ADa%20Acantilada&#038;url=https:\/\/radiorevelacionfm.cl\/?p=53525' aria-hidden='false' data-av_icon='\ue8fc' data-av_iconfont='entypo-fontello' title='' data-avia-related-tooltip='Compartir en LinkedIn' rel=\"noopener\"><span class='avia_hidden_link_text'>Compartir en LinkedIn<\/span><\/a><\/li><li class='av-share-link av-social-link-mail' ><a  aria-label=\"Compartir por correo\" href='mailto:?subject=Inician%20trabajos%20de%20revitalizaci%C3%B3n%20de%20espacios%20en%20Bah%C3%ADa%20Acantilada&#038;body=https:\/\/radiorevelacionfm.cl\/?p=53525' aria-hidden='false' data-av_icon='\ue805' data-av_iconfont='entypo-fontello' title='' data-avia-related-tooltip='Compartir por correo'><span class='avia_hidden_link_text'>Compartir por correo<\/span><\/a><\/li><\/ul><\/div><\/div>\n<div  style='height:50px' class='hr hr-invisible   avia-builder-el-8  el_after_av_social_share  el_before_av_comments_list '><span class='hr-inner ' ><span class='hr-inner-style'><\/span><\/span><\/div>\n<div  class='av-buildercomment  av-blog-meta-html-info-disabled av-blog-meta-tag-disabled  '><\/div>\n","protected":false},"excerpt":{"rendered":"","protected":false},"author":1,"featured_media":53526,"comment_status":"closed","ping_status":"closed","sticky":false,"template":"","format":"standard","meta":{"footnotes":""},"categories":[38],"tags":[],"class_list":["post-53525","post","type-post","status-publish","format-standard","has-post-thumbnail","hentry","category-regional"],"jetpack_featured_media_url":"https:\/\/radiorevelacionfm.cl\/wp-content\/uploads\/2025\/05\/495050757_1133790108788068_341281353247054599_n-1_optimized-1.jpg","_links":{"self":[{"href":"https:\/\/radiorevelacionfm.cl\/index.php?rest_route=\/wp\/v2\/posts\/53525","targetHints":{"allow":["GET"]}}],"collection":[{"href":"https:\/\/radiorevelacionfm.cl\/index.php?rest_route=\/wp\/v2\/posts"}],"about":[{"href":"https:\/\/radiorevelacionfm.cl\/index.php?rest_route=\/wp\/v2\/types\/post"}],"author":[{"embeddable":true,"href":"https:\/\/radiorevelacionfm.cl\/index.php?rest_route=\/wp\/v2\/users\/1"}],"replies":[{"embeddable":true,"href":"https:\/\/radiorevelacionfm.cl\/index.php?rest_route=%2Fwp%2Fv2%2Fcomments&post=53525"}],"version-history":[{"count":2,"href":"https:\/\/radiorevelacionfm.cl\/index.php?rest_route=\/wp\/v2\/posts\/53525\/revisions"}],"predecessor-version":[{"id":53528,"href":"https:\/\/radiorevelacionfm.cl\/index.php?rest_route=\/wp\/v2\/posts\/53525\/revisions\/53528"}],"wp:featuredmedia":[{"embeddable":true,"href":"https:\/\/radiorevelacionfm.cl\/index.php?rest_route=\/wp\/v2\/media\/53526"}],"wp:attachment":[{"href":"https:\/\/radiorevelacionfm.cl\/index.php?rest_route=%2Fwp%2Fv2%2Fmedia&parent=53525"}],"wp:term":[{"taxonomy":"category","embeddable":true,"href":"https:\/\/radiorevelacionfm.cl\/index.php?rest_route=%2Fwp%2Fv2%2Fcategories&post=53525"},{"taxonomy":"post_tag","embeddable":true,"href":"https:\/\/radiorevelacionfm.cl\/index.php?rest_route=%2Fwp%2Fv2%2Ftags&post=53525"}],"curies":[{"name":"wp","href":"https:\/\/api.w.org\/{rel}","templated":true}]}}