{"id":53521,"date":"2025-05-06T10:20:23","date_gmt":"2025-05-06T13:20:23","guid":{"rendered":"https:\/\/radiorevelacionfm.cl\/?p=53521"},"modified":"2025-05-07T17:36:44","modified_gmt":"2025-05-07T20:36:44","slug":"archi-conmemora-la-semana-de-la-libertad-de-prensa-reafirmando-su-compromiso-con-una-radio-libre-plural-y-democratica","status":"publish","type":"post","link":"https:\/\/radiorevelacionfm.cl\/?p=53521","title":{"rendered":"ARCHI conmemora la Semana de la Libertad de Prensa reafirmando su compromiso con una radio libre, plural y democr\u00e1tica"},"content":{"rendered":"<div class=\"flex_column av_one_full  flex_column_div av-zero-column-padding first  avia-builder-el-0  el_before_av_one_full  avia-builder-el-first  \" style='border-radius:0px; '><div  class='avia-image-container  av-styling-    avia-builder-el-1  avia-builder-el-no-sibling  avia-align-center '  itemprop=\"image\" itemscope=\"itemscope\" itemtype=\"https:\/\/schema.org\/ImageObject\"  ><div class='avia-image-container-inner'><div class='avia-image-overlay-wrap'><img decoding=\"async\" class='wp-image-53522 avia-img-lazy-loading-not-53522 avia_image' src=\"https:\/\/radiorevelacionfm.cl\/wp-content\/uploads\/2025\/05\/archi-1-1.jpg\" alt='' title='archi (1) (1)' height=\"602\" width=\"800\"  itemprop=\"thumbnailUrl\" srcset=\"https:\/\/radiorevelacionfm.cl\/wp-content\/uploads\/2025\/05\/archi-1-1.jpg 800w, https:\/\/radiorevelacionfm.cl\/wp-content\/uploads\/2025\/05\/archi-1-1-300x226.jpg 300w, https:\/\/radiorevelacionfm.cl\/wp-content\/uploads\/2025\/05\/archi-1-1-768x578.jpg 768w, https:\/\/radiorevelacionfm.cl\/wp-content\/uploads\/2025\/05\/archi-1-1-705x531.jpg 705w, https:\/\/radiorevelacionfm.cl\/wp-content\/uploads\/2025\/05\/archi-1-1-450x339.jpg 450w, https:\/\/radiorevelacionfm.cl\/wp-content\/uploads\/2025\/05\/archi-1-1-600x452.jpg 600w\" sizes=\"(max-width: 800px) 100vw, 800px\" \/><\/div><\/div><\/div><\/div><div class=\"flex_column av_one_full  flex_column_div av-zero-column-padding first  avia-builder-el-2  el_after_av_one_full  el_before_av_one_full  column-top-margin\" style='border-radius:0px; '><section class=\"av_textblock_section \"  itemscope=\"itemscope\" itemtype=\"https:\/\/schema.org\/BlogPosting\" itemprop=\"blogPost\" ><div class='avia_textblock  '   itemprop=\"text\" ><p style=\"text-align: center;\"><strong><span style=\"font-size: 18pt;\">ARCHI conmemora la Semana de la Libertad de Prensa reafirmando su compromiso con una radio libre, plural y democr\u00e1tica<\/span><\/strong><\/p>\n<div id=\"gtx-trans\" style=\"position: absolute; left: -50px; top: 4.31534px;\">\n<div class=\"gtx-trans-icon\"><\/div>\n<\/div>\n<\/div><\/section><\/div><div class=\"flex_column av_one_full  flex_column_div av-zero-column-padding first  avia-builder-el-4  el_after_av_one_full  el_before_av_hr  column-top-margin\" style='border-radius:0px; '><section class=\"av_textblock_section \"  itemscope=\"itemscope\" itemtype=\"https:\/\/schema.org\/BlogPosting\" itemprop=\"blogPost\" ><div class='avia_textblock  '   itemprop=\"text\" ><p style=\"text-align: justify;\">Con motivo de la conmemoraci\u00f3n de la Semana de la Libertad de Prensa, la Asociaci\u00f3n de Radiodifusores de Chile (ARCHI) destaca el rol fundamental que cumplen los medios de comunicaci\u00f3n en la construcci\u00f3n de una sociedad informada, libre y democr\u00e1tica.<\/p>\n<p style=\"text-align: justify;\">La libertad de prensa no solo implica el derecho de los periodistas a investigar y difundir informaci\u00f3n sin censura, sino tambi\u00e9n el derecho de la ciudadan\u00eda a acceder a contenidos plurales, veraces y de calidad. En este contexto, ARCHI reafirma su compromiso hist\u00f3rico con una radiodifusi\u00f3n independiente, \u00e9tica y profundamente conectada con la realidad de los territorios y comunidades del pa\u00eds.<\/p>\n<p style=\"text-align: justify;\">En un mundo donde la desinformaci\u00f3n y los discursos polarizados se propagan con rapidez, la radio sigue siendo un medio confiable, cercano y cre\u00edble. Su capacidad de llegar a cada rinc\u00f3n del pa\u00eds, su diversidad de voces y su rol en emergencias y cat\u00e1strofes refuerzan su valor p\u00fablico y social.<\/p>\n<p style=\"text-align: justify;\">\u201cLa libertad de prensa no es solo un principio \u00e9tico, es una garant\u00eda democr\u00e1tica. En ARCHI creemos firmemente que una sociedad con medios libres es una sociedad con mayor participaci\u00f3n, conciencia cr\u00edtica y pluralismo\u201d, se\u00f1al\u00f3 el presidente de la asociaci\u00f3n.<\/p>\n<p style=\"text-align: justify;\">ARCHI tambi\u00e9n hace un llamado a proteger el ejercicio del periodismo y de la comunicaci\u00f3n en todas sus formas, promoviendo marcos normativos que resguarden la independencia editorial y fomenten el acceso equitativo a los medios, especialmente en regiones y localidades donde la radio contin\u00faa siendo el principal v\u00ednculo con la informaci\u00f3n.<\/p>\n<p style=\"text-align: justify;\">Durante esta semana, ARCHI invita a reflexionar sobre el valor de la libertad de prensa como un derecho que nos pertenece a todos: comunicadores, audiencias y ciudadan\u00eda en general.<\/p>\n<\/div><\/section><\/div><div  style='height:50px' class='hr hr-invisible   avia-builder-el-6  el_after_av_one_full  el_before_av_social_share '><span class='hr-inner ' ><span class='hr-inner-style'><\/span><\/span><\/div><\/p>\n<div  class='av-social-sharing-box  avia-builder-el-7  el_after_av_hr  el_before_av_hr  '><div class='av-share-box'><h5 class='av-share-link-description av-no-toc '>Compartir esta noticia<\/h5><ul class='av-share-box-list noLightbox'><li class='av-share-link av-social-link-facebook' ><a target=\"_blank\" aria-label=\"Compartir en Facebook\" href='https:\/\/www.facebook.com\/sharer.php?u=https:\/\/radiorevelacionfm.cl\/?p=53521&#038;t=ARCHI%20conmemora%20la%20Semana%20de%20la%20Libertad%20de%20Prensa%20reafirmando%20su%20compromiso%20con%20una%20radio%20libre%2C%20plural%20y%20democr%C3%A1tica' aria-hidden='false' data-av_icon='\ue8f3' data-av_iconfont='entypo-fontello' title='' data-avia-related-tooltip='Compartir en Facebook' rel=\"noopener\"><span class='avia_hidden_link_text'>Compartir en Facebook<\/span><\/a><\/li><li class='av-share-link av-social-link-twitter' ><a target=\"_blank\" aria-label=\"Compartir en Twitter\" href='https:\/\/twitter.com\/share?text=ARCHI%20conmemora%20la%20Semana%20de%20la%20Libertad%20de%20Prensa%20reafirmando%20su%20compromiso%20con%20una%20radio%20libre%2C%20plural%20y%20democr%C3%A1tica&#038;url=https:\/\/radiorevelacionfm.cl\/?p=53521' aria-hidden='false' data-av_icon='\ue8f1' data-av_iconfont='entypo-fontello' title='' data-avia-related-tooltip='Compartir en Twitter' rel=\"noopener\"><span class='avia_hidden_link_text'>Compartir en Twitter<\/span><\/a><\/li><li class='av-share-link av-social-link-whatsapp' ><a target=\"_blank\" aria-label=\"Compartir en Whatsapp\" href='https:\/\/api.whatsapp.com\/send?text=https:\/\/radiorevelacionfm.cl\/?p=53521' aria-hidden='false' data-av_icon='\uf232' data-av_iconfont='entypo-fontello' title='' data-avia-related-tooltip='Compartir en Whatsapp' rel=\"noopener\"><span class='avia_hidden_link_text'>Compartir en Whatsapp<\/span><\/a><\/li><li class='av-share-link av-social-link-linkedin' ><a target=\"_blank\" aria-label=\"Compartir en LinkedIn\" href='https:\/\/linkedin.com\/shareArticle?mini=true&#038;title=ARCHI%20conmemora%20la%20Semana%20de%20la%20Libertad%20de%20Prensa%20reafirmando%20su%20compromiso%20con%20una%20radio%20libre%2C%20plural%20y%20democr%C3%A1tica&#038;url=https:\/\/radiorevelacionfm.cl\/?p=53521' aria-hidden='false' data-av_icon='\ue8fc' data-av_iconfont='entypo-fontello' title='' data-avia-related-tooltip='Compartir en LinkedIn' rel=\"noopener\"><span class='avia_hidden_link_text'>Compartir en LinkedIn<\/span><\/a><\/li><li class='av-share-link av-social-link-mail' ><a  aria-label=\"Compartir por correo\" href='mailto:?subject=ARCHI%20conmemora%20la%20Semana%20de%20la%20Libertad%20de%20Prensa%20reafirmando%20su%20compromiso%20con%20una%20radio%20libre%2C%20plural%20y%20democr%C3%A1tica&#038;body=https:\/\/radiorevelacionfm.cl\/?p=53521' aria-hidden='false' data-av_icon='\ue805' data-av_iconfont='entypo-fontello' title='' data-avia-related-tooltip='Compartir por correo'><span class='avia_hidden_link_text'>Compartir por correo<\/span><\/a><\/li><\/ul><\/div><\/div>\n<div  style='height:50px' class='hr hr-invisible   avia-builder-el-8  el_after_av_social_share  el_before_av_comments_list '><span class='hr-inner ' ><span class='hr-inner-style'><\/span><\/span><\/div>\n<div  class='av-buildercomment  av-blog-meta-html-info-disabled av-blog-meta-tag-disabled  '><\/div>\n","protected":false},"excerpt":{"rendered":"","protected":false},"author":1,"featured_media":53522,"comment_status":"closed","ping_status":"closed","sticky":false,"template":"","format":"standard","meta":{"footnotes":""},"categories":[61],"tags":[],"class_list":["post-53521","post","type-post","status-publish","format-standard","has-post-thumbnail","hentry","category-nacional"],"jetpack_featured_media_url":"https:\/\/radiorevelacionfm.cl\/wp-content\/uploads\/2025\/05\/archi-1-1.jpg","_links":{"self":[{"href":"https:\/\/radiorevelacionfm.cl\/index.php?rest_route=\/wp\/v2\/posts\/53521","targetHints":{"allow":["GET"]}}],"collection":[{"href":"https:\/\/radiorevelacionfm.cl\/index.php?rest_route=\/wp\/v2\/posts"}],"about":[{"href":"https:\/\/radiorevelacionfm.cl\/index.php?rest_route=\/wp\/v2\/types\/post"}],"author":[{"embeddable":true,"href":"https:\/\/radiorevelacionfm.cl\/index.php?rest_route=\/wp\/v2\/users\/1"}],"replies":[{"embeddable":true,"href":"https:\/\/radiorevelacionfm.cl\/index.php?rest_route=%2Fwp%2Fv2%2Fcomments&post=53521"}],"version-history":[{"count":2,"href":"https:\/\/radiorevelacionfm.cl\/index.php?rest_route=\/wp\/v2\/posts\/53521\/revisions"}],"predecessor-version":[{"id":53607,"href":"https:\/\/radiorevelacionfm.cl\/index.php?rest_route=\/wp\/v2\/posts\/53521\/revisions\/53607"}],"wp:featuredmedia":[{"embeddable":true,"href":"https:\/\/radiorevelacionfm.cl\/index.php?rest_route=\/wp\/v2\/media\/53522"}],"wp:attachment":[{"href":"https:\/\/radiorevelacionfm.cl\/index.php?rest_route=%2Fwp%2Fv2%2Fmedia&parent=53521"}],"wp:term":[{"taxonomy":"category","embeddable":true,"href":"https:\/\/radiorevelacionfm.cl\/index.php?rest_route=%2Fwp%2Fv2%2Fcategories&post=53521"},{"taxonomy":"post_tag","embeddable":true,"href":"https:\/\/radiorevelacionfm.cl\/index.php?rest_route=%2Fwp%2Fv2%2Ftags&post=53521"}],"curies":[{"name":"wp","href":"https:\/\/api.w.org\/{rel}","templated":true}]}}