{"id":53500,"date":"2025-05-06T15:08:55","date_gmt":"2025-05-06T18:08:55","guid":{"rendered":"https:\/\/radiorevelacionfm.cl\/?p=53500"},"modified":"2025-05-06T15:08:55","modified_gmt":"2025-05-06T18:08:55","slug":"gobernador-santana-y-senador-sandoval-coinciden-en-que-recorte-presupuestario-al-gobierno-regional-afectara-desarrollo-de-la-region-de-aysen","status":"publish","type":"post","link":"https:\/\/radiorevelacionfm.cl\/?p=53500","title":{"rendered":"Gobernador Santana y senador Sandoval coinciden en que recorte presupuestario al Gobierno Regional afectar\u00e1 desarrollo de la Regi\u00f3n de Ays\u00e9n"},"content":{"rendered":"<div class=\"flex_column av_one_full  flex_column_div av-zero-column-padding first  avia-builder-el-0  el_before_av_one_full  avia-builder-el-first  \" style='border-radius:0px; '><div  class='avia-image-container  av-styling-    avia-builder-el-1  avia-builder-el-no-sibling  avia-align-center '  itemprop=\"image\" itemscope=\"itemscope\" itemtype=\"https:\/\/schema.org\/ImageObject\"  ><div class='avia-image-container-inner'><div class='avia-image-overlay-wrap'><img decoding=\"async\" class='wp-image-53501 avia-img-lazy-loading-not-53501 avia_image' src=\"https:\/\/radiorevelacionfm.cl\/wp-content\/uploads\/2025\/05\/Gobernador-Santana-y-senador-Sandoval-1-1.jpg\" alt='' title='Gobernador Santana y senador Sandoval (1) (1)' height=\"600\" width=\"932\"  itemprop=\"thumbnailUrl\" srcset=\"https:\/\/radiorevelacionfm.cl\/wp-content\/uploads\/2025\/05\/Gobernador-Santana-y-senador-Sandoval-1-1.jpg 932w, https:\/\/radiorevelacionfm.cl\/wp-content\/uploads\/2025\/05\/Gobernador-Santana-y-senador-Sandoval-1-1-300x193.jpg 300w, https:\/\/radiorevelacionfm.cl\/wp-content\/uploads\/2025\/05\/Gobernador-Santana-y-senador-Sandoval-1-1-768x494.jpg 768w, https:\/\/radiorevelacionfm.cl\/wp-content\/uploads\/2025\/05\/Gobernador-Santana-y-senador-Sandoval-1-1-705x454.jpg 705w, https:\/\/radiorevelacionfm.cl\/wp-content\/uploads\/2025\/05\/Gobernador-Santana-y-senador-Sandoval-1-1-450x290.jpg 450w, https:\/\/radiorevelacionfm.cl\/wp-content\/uploads\/2025\/05\/Gobernador-Santana-y-senador-Sandoval-1-1-600x386.jpg 600w\" sizes=\"(max-width: 932px) 100vw, 932px\" \/><\/div><\/div><\/div><\/div><div class=\"flex_column av_one_full  flex_column_div av-zero-column-padding first  avia-builder-el-2  el_after_av_one_full  el_before_av_one_full  column-top-margin\" style='border-radius:0px; '><section class=\"av_textblock_section \"  itemscope=\"itemscope\" itemtype=\"https:\/\/schema.org\/BlogPosting\" itemprop=\"blogPost\" ><div class='avia_textblock  '   itemprop=\"text\" ><p style=\"text-align: center;\"><strong><span style=\"font-size: 18pt;\">Gobernador Santana y senador Sandoval coinciden en que recorte presupuestario al Gobierno Regional afectar\u00e1 desarrollo de la Regi\u00f3n de Ays\u00e9n<\/span><\/strong><\/p>\n<div id=\"gtx-trans\" style=\"position: absolute; left: -50px; top: 4.31534px;\">\n<div class=\"gtx-trans-icon\"><\/div>\n<\/div>\n<\/div><\/section><\/div><div class=\"flex_column av_one_full  flex_column_div av-zero-column-padding first  avia-builder-el-4  el_after_av_one_full  el_before_av_hr  column-top-margin\" style='border-radius:0px; '><section class=\"av_textblock_section \"  itemscope=\"itemscope\" itemtype=\"https:\/\/schema.org\/BlogPosting\" itemprop=\"blogPost\" ><div class='avia_textblock  '   itemprop=\"text\" ><p style=\"text-align: justify;\"><em>El recorte presupuestario fue decretado por el Ministerio de Hacienda y significa una rebaja al Gobierno Regional de 2.500 millones de pesos, que afectar\u00e1 el desarrollo de proyectos de conectividad y transporte en la regi\u00f3n.<\/em><\/p>\n<p style=\"text-align: justify;\">La ma\u00f1ana del 5 de mayo, desde la Plaza de Armas de Coyhaique, el gobernador regional de Ays\u00e9n, Marcelo Santana Vargas, y el senador, David Sandoval Plaza, manifestaron su preocupaci\u00f3n por el nuevo recorte presupuestario decretado por el Ministerio de Hacienda y que afectar\u00e1 el desarrollo de proyectos en la Regi\u00f3n de Ays\u00e9n.<\/p>\n<p style=\"text-align: justify;\">En esta oportunidad, el recorte anunciado por la cartera es de cerca de 2.500 millones de pesos, que se tomar\u00e1n del Fondo de Apoyo al Transporte P\u00fablico y la Conectividad Regional. Ambas autoridades expresaron que la administraci\u00f3n de recursos fiscales no deber\u00eda afectar a las regiones del pa\u00eds y, menos, a las regiones extremas como Ays\u00e9n, en las cuales la conectividad y el transporte son \u00e1reas estrat\u00e9gicas para el funcionamiento de la regi\u00f3n y la calidad de vida de las personas.<\/p>\n<p style=\"text-align: justify;\">Este fondo financia proyectos como la pavimentaci\u00f3n de la Carretera Austral en distintos tramos que inicialmente contempla una inversi\u00f3n de 5 mil millones, el proyecto de conectividad de 21 localidades con una inversi\u00f3n de 8 mil millones y el proyecto de adquisiciones de buses para traslados de adultos mayores y ni\u00f1os con una inversi\u00f3n de 4.000 millones de pesos.<\/p>\n<p style=\"text-align: justify;\">El gobernador Santana enfatiz\u00f3 que este ser\u00eda el segundo recorte al presupuesto de la regi\u00f3n en el 2025: \u201cCon esto ya totalizamos m\u00e1s de 6 millones de p\u00e9rdida este a\u00f1o. Esto nos pega en proyectos, en este caso, de transporte, conectividad, como Carretera Austral, como el apoyo que tenemos al transporte p\u00fablico y adultos mayores. En definitiva, las regiones dejan de tomar sus propias decisiones producto de estos recortes que el Ministerio de Hacienda instruye a nivel nacional\u201d.<\/p>\n<p style=\"text-align: justify;\">El senador David Sandoval se sum\u00f3 a la inquietud del gobernador: \u201cCuando hablamos de recorte a regiones en zonas extremas como la nuestra, en definitiva, es la gente la que se ve afectada. Son menos servicios, son menos infraestructura, son menos equipamiento, en definitiva, menos atenci\u00f3n a sus necesidades de desarrollo\u201d.<\/p>\n<p style=\"text-align: justify;\">El senador declar\u00f3 que entre todos los senadores de zonas extremas se plantear\u00e1 este recorte para buscar una soluci\u00f3n y que no se esperaba que los ajustes afectar\u00e1n a las regiones del pa\u00eds: \u201cY si se afecta a las regiones, es distinto afectar a una regi\u00f3n que est\u00e1 al lado de La Moneda a una regi\u00f3n que est\u00e1 a mil 1.500 km de distancia como es la Regi\u00f3n de Ays\u00e9n\u201d.<\/p>\n<p style=\"text-align: justify;\">\u201cNosotros entendemos que hay que hacer ajustes respecto de los recursos fiscales, pero este ajuste no puede ser a costa de las regiones extremas, como Ays\u00e9n, senador. As\u00ed que, senador, le pedimos sus buenos oficios al respecto\u201d, expres\u00f3 el gobernador Santana al senador Sandoval.<\/p>\n<\/div><\/section><\/div><div  style='height:50px' class='hr hr-invisible   avia-builder-el-6  el_after_av_one_full  el_before_av_social_share '><span class='hr-inner ' ><span class='hr-inner-style'><\/span><\/span><\/div><\/p>\n<div  class='av-social-sharing-box  avia-builder-el-7  el_after_av_hr  el_before_av_hr  '><div class='av-share-box'><h5 class='av-share-link-description av-no-toc '>Compartir esta noticia<\/h5><ul class='av-share-box-list noLightbox'><li class='av-share-link av-social-link-facebook' ><a target=\"_blank\" aria-label=\"Compartir en Facebook\" href='https:\/\/www.facebook.com\/sharer.php?u=https:\/\/radiorevelacionfm.cl\/?p=53500&#038;t=Gobernador%20Santana%20y%20senador%20Sandoval%20coinciden%20en%20que%20recorte%20presupuestario%20al%20Gobierno%20Regional%20afectar%C3%A1%20desarrollo%20de%20la%20Regi%C3%B3n%20de%20Ays%C3%A9n' aria-hidden='false' data-av_icon='\ue8f3' data-av_iconfont='entypo-fontello' title='' data-avia-related-tooltip='Compartir en Facebook' rel=\"noopener\"><span class='avia_hidden_link_text'>Compartir en Facebook<\/span><\/a><\/li><li class='av-share-link av-social-link-twitter' ><a target=\"_blank\" aria-label=\"Compartir en Twitter\" href='https:\/\/twitter.com\/share?text=Gobernador%20Santana%20y%20senador%20Sandoval%20coinciden%20en%20que%20recorte%20presupuestario%20al%20Gobierno%20Regional%20afectar%C3%A1%20desarrollo%20de%20la%20Regi%C3%B3n%20de%20Ays%C3%A9n&#038;url=https:\/\/radiorevelacionfm.cl\/?p=53500' aria-hidden='false' data-av_icon='\ue8f1' data-av_iconfont='entypo-fontello' title='' data-avia-related-tooltip='Compartir en Twitter' rel=\"noopener\"><span class='avia_hidden_link_text'>Compartir en Twitter<\/span><\/a><\/li><li class='av-share-link av-social-link-whatsapp' ><a target=\"_blank\" aria-label=\"Compartir en Whatsapp\" href='https:\/\/api.whatsapp.com\/send?text=https:\/\/radiorevelacionfm.cl\/?p=53500' aria-hidden='false' data-av_icon='\uf232' data-av_iconfont='entypo-fontello' title='' data-avia-related-tooltip='Compartir en Whatsapp' rel=\"noopener\"><span class='avia_hidden_link_text'>Compartir en Whatsapp<\/span><\/a><\/li><li class='av-share-link av-social-link-linkedin' ><a target=\"_blank\" aria-label=\"Compartir en LinkedIn\" href='https:\/\/linkedin.com\/shareArticle?mini=true&#038;title=Gobernador%20Santana%20y%20senador%20Sandoval%20coinciden%20en%20que%20recorte%20presupuestario%20al%20Gobierno%20Regional%20afectar%C3%A1%20desarrollo%20de%20la%20Regi%C3%B3n%20de%20Ays%C3%A9n&#038;url=https:\/\/radiorevelacionfm.cl\/?p=53500' aria-hidden='false' data-av_icon='\ue8fc' data-av_iconfont='entypo-fontello' title='' data-avia-related-tooltip='Compartir en LinkedIn' rel=\"noopener\"><span class='avia_hidden_link_text'>Compartir en LinkedIn<\/span><\/a><\/li><li class='av-share-link av-social-link-mail' ><a  aria-label=\"Compartir por correo\" href='mailto:?subject=Gobernador%20Santana%20y%20senador%20Sandoval%20coinciden%20en%20que%20recorte%20presupuestario%20al%20Gobierno%20Regional%20afectar%C3%A1%20desarrollo%20de%20la%20Regi%C3%B3n%20de%20Ays%C3%A9n&#038;body=https:\/\/radiorevelacionfm.cl\/?p=53500' aria-hidden='false' data-av_icon='\ue805' data-av_iconfont='entypo-fontello' title='' data-avia-related-tooltip='Compartir por correo'><span class='avia_hidden_link_text'>Compartir por correo<\/span><\/a><\/li><\/ul><\/div><\/div>\n<div  style='height:50px' class='hr hr-invisible   avia-builder-el-8  el_after_av_social_share  el_before_av_comments_list '><span class='hr-inner ' ><span class='hr-inner-style'><\/span><\/span><\/div>\n<div  class='av-buildercomment  av-blog-meta-html-info-disabled av-blog-meta-tag-disabled  '><\/div>\n","protected":false},"excerpt":{"rendered":"","protected":false},"author":1,"featured_media":53501,"comment_status":"closed","ping_status":"closed","sticky":false,"template":"","format":"standard","meta":{"footnotes":""},"categories":[38],"tags":[],"class_list":["post-53500","post","type-post","status-publish","format-standard","has-post-thumbnail","hentry","category-regional"],"jetpack_featured_media_url":"https:\/\/radiorevelacionfm.cl\/wp-content\/uploads\/2025\/05\/Gobernador-Santana-y-senador-Sandoval-1-1.jpg","_links":{"self":[{"href":"https:\/\/radiorevelacionfm.cl\/index.php?rest_route=\/wp\/v2\/posts\/53500","targetHints":{"allow":["GET"]}}],"collection":[{"href":"https:\/\/radiorevelacionfm.cl\/index.php?rest_route=\/wp\/v2\/posts"}],"about":[{"href":"https:\/\/radiorevelacionfm.cl\/index.php?rest_route=\/wp\/v2\/types\/post"}],"author":[{"embeddable":true,"href":"https:\/\/radiorevelacionfm.cl\/index.php?rest_route=\/wp\/v2\/users\/1"}],"replies":[{"embeddable":true,"href":"https:\/\/radiorevelacionfm.cl\/index.php?rest_route=%2Fwp%2Fv2%2Fcomments&post=53500"}],"version-history":[{"count":2,"href":"https:\/\/radiorevelacionfm.cl\/index.php?rest_route=\/wp\/v2\/posts\/53500\/revisions"}],"predecessor-version":[{"id":53538,"href":"https:\/\/radiorevelacionfm.cl\/index.php?rest_route=\/wp\/v2\/posts\/53500\/revisions\/53538"}],"wp:featuredmedia":[{"embeddable":true,"href":"https:\/\/radiorevelacionfm.cl\/index.php?rest_route=\/wp\/v2\/media\/53501"}],"wp:attachment":[{"href":"https:\/\/radiorevelacionfm.cl\/index.php?rest_route=%2Fwp%2Fv2%2Fmedia&parent=53500"}],"wp:term":[{"taxonomy":"category","embeddable":true,"href":"https:\/\/radiorevelacionfm.cl\/index.php?rest_route=%2Fwp%2Fv2%2Fcategories&post=53500"},{"taxonomy":"post_tag","embeddable":true,"href":"https:\/\/radiorevelacionfm.cl\/index.php?rest_route=%2Fwp%2Fv2%2Ftags&post=53500"}],"curies":[{"name":"wp","href":"https:\/\/api.w.org\/{rel}","templated":true}]}}